{"id":364688,"date":"2025-09-04T02:47:10","date_gmt":"2025-09-04T02:47:10","guid":{"rendered":"https:\/\/www.europesays.com\/fr\/364688\/"},"modified":"2025-09-04T02:47:10","modified_gmt":"2025-09-04T02:47:10","slug":"interpellee-apres-les-inondations-lagglo-du-cotentin-repond","status":"publish","type":"post","link":"https:\/\/www.europesays.com\/fr\/364688\/","title":{"rendered":"interpell\u00e9e apr\u00e8s les inondations, l\u2019Agglo du Cotentin r\u00e9pond"},"content":{"rendered":"<p>            Par<br \/>\n        <strong><br \/>\n            <a href=\"https:\/\/actu.fr\/auteur\/juliette-voisin02-lapressedelamanche-fr\" title=\"Consulter tous les articles de Juliette Voisin\" target=\"_blank\" rel=\"noopener\">Juliette Voisin<\/a><br \/>\n        <\/strong><\/p>\n<p>        Publi\u00e9 le<\/p>\n<p>            3 sept. 2025 \u00e0 20h01        <\/p>\n<p>Comp\u00e9tente dans le domaine de l\u2019eau et de l\u2019assainissement, l\u2019Agglom\u00e9ration du Cotentin a \u00e9t\u00e9 interpell\u00e9e par le maire de <a href=\"https:\/\/actu.fr\/normandie\/valognes_50615\" target=\"_blank\" rel=\"noopener\">Valognes<\/a>, <b>Jacques Coquelin<\/b>, apr\u00e8s <a href=\"https:\/\/actu.fr\/normandie\/valognes_50615\/il-avait-leau-en-dessous-des-genoux-la-ville-de-valognes-touchee-par-des-inondations_63111219.html\" target=\"_blank\" rel=\"noopener\">les inondations subies par sa ville<\/a> <b>ce mercredi 3\u00a0septembre 2025<\/b>. Dans certaines rues, dont celle de Poterie, les inondations sont r\u00e9currentes lors de fortes pr\u00e9cipitations alors que des rafales de vent \u00e0 <b>80\u00a0km\/h<\/b> ont balay\u00e9 les terres (sur le littoral, elles ont atteint 105\u00a0km\/h). Dans le centre du Cotentin, <b>au moins 40\u00a0mm d\u2019eau<\/b> ont \u00e9t\u00e9 mesur\u00e9s par les radars de pr\u00e9cipitations, l\u2019intensit\u00e9 des pluies d\u00e9passant parfois les\u00a0200\u00a0mm\/h vers 12\u2009h\u200945.<\/p>\n<p class=\" wall-content\">L\u2019\u00e9lu attend une action des services de l\u2019Agglom\u00e9ration pour r\u00e9duire ce ph\u00e9nom\u00e8ne. <b>Jean-Ren\u00e9 Lech\u00e2treux<\/b>, vice-pr\u00e9sident en charge de l\u2019\u00e9nergie, du climat et de la pr\u00e9vention des risques majeurs, donne des \u00e9l\u00e9ments de r\u00e9ponse.<\/p>\n<p class=\"ac-article-content__question wall-content\">Jacques Coquelin, maire de Valognes, est m\u00e9content au sujet des travaux sur les r\u00e9seaux d\u2019eaux pluviales qui tardent. Que lui r\u00e9pondez-vous\u2009?<\/p>\n<p class=\" wall-content\">\u00ab\u2009J\u2019entends la position de mon coll\u00e8gue. Je comprends, il n\u2019y a rien de plus d\u00e9sagr\u00e9able que de se retrouver inond\u00e9. L\u2019eau est mont\u00e9e vite et redescendue tr\u00e8s vite. <b>Le Sch\u00e9ma directeur<\/b> est en cours de<b> finalisation.<\/b> Il comporte beaucoup d\u2019items dont les eaux pluviales. Un plan du programme est pr\u00e9vu \u00e0 Valognes, une ville qui a des sp\u00e9cifi\u00e9s historiques pas toujours simples \u00e0 r\u00e9gler.<b> La commune n\u2019est pas oubli\u00e9e,<\/b> loin s\u2019en faut.\u2009\u00bb<\/p>\n<p class=\"ac-article-content__question wall-content\">Pourquoi les travaux tardent-ils\u2009?<\/p>\n<p class=\" wall-content\">\u00ab\u2009Ces programmes sont des programmes lourds sous la f\u00e9rule de la<b> r\u00e9glementation<\/b> et de <b>march\u00e9s publics<\/b>. Valognes est en quelque sorte sur le dessus du programme. Je sais, c\u2019est toujours trop long quand on attend. On a d\u00e9j\u00e0 s\u00e9par\u00e9 les r\u00e9seaux d\u2019eaux pluviales et d\u2019assainissement. On a travaill\u00e9 le Merderet pour att\u00e9nuer les mont\u00e9es d\u2019eaux dans le quartier en dessous du jardin public.<b> Il reste beaucoup de choses \u00e0 faire.<\/b>\u2009Si le programme des travaux pouvait commencer d\u00e8s le d\u00e9but du prochain mandat, en 2026-2027, \u00e7a serait merveilleux.\u2009\u00bb<\/p>\n<p class=\"ac-article-content__question wall-content\">Hier, d\u2019autres communes comme Quettehou et Saint-Vaast-la-Hougue ont \u00e9t\u00e9 touch\u00e9es par des inondations, sans d\u00e9g\u00e2t majeur. Seront-elles \u00e9galement concern\u00e9es par ces travaux\u2009?<\/p>\n<p class=\" wall-content\">\u00ab\u2009Ce Sch\u00e9ma directeur concerne <b>l\u2019ensemble <\/b>du Cotentin.<b> <\/b>On a des<b> r\u00e9seaux tr\u00e8s vieillissants dans les centres-bourgs<\/b> comme \u00e0 Saint-Pierre-\u00c9glise ou Saint-Vaast-la-Hougue. Avec le r\u00e9chauffement climatique, on assiste \u00e0 des ph\u00e9nom\u00e8nes m\u00e9t\u00e9orologiques courts et violents. Le crachin normand a presque disparu. Ces \u00e9pi-\u00e9pisodes ne peuvent pas \u00eatre ma\u00eetris\u00e9s \u00e0 100\u2009%. Le risque z\u00e9ro n\u2019existe pas. M\u00eame avec la volont\u00e9 d\u2019\u00eatre le plus performant possible, il y aura encore des<b> d\u00e9sagr\u00e9ments, m\u00eame s\u2019il est de notre responsabilit\u00e9 de les att\u00e9nuer au maximum<\/b>. Ces investissements sont majeurs pour la collectivit\u00e9.\u2009\u00bb<\/p>\n<blockquote class=\"ac-article-quote wall-content\">\n<p>L\u2019Agglom\u00e9ration du Cotentin n\u2019a que dix ans d\u2019existence, elle ne peut pas rattraper 70\u00a0ann\u00e9es de choses qui n\u2019ont pas \u00e9t\u00e9 faites.<\/p>\n<p>Jean-Ren\u00e9 Lech\u00e2treux, vice-pr\u00e9sident en charge de l\u2019\u00e9nergie, du climat et de la pr\u00e9vention des risques majeurs.<\/p><\/blockquote>\n<p class=\" wall-content\">Personnalisez votre actualit\u00e9 en ajoutant vos villes et m\u00e9dias en favori avec <a href=\"https:\/\/moncompte.actu.fr\" title=\"D\u00e9couvez Mon Actu\" rel=\"nofollow noopener\" data-trk=\"{&quot;cta&quot;:{&quot;action&quot;:&quot;https:\\\/\\\/moncompte.actu.fr&quot;,&quot;category&quot;:&quot;mon compte&quot;,&quot;from&quot;:&quot;article footer&quot;,&quot;name&quot;:&quot;Mon actu&quot;,&quot;type&quot;:&quot;cta&quot;}}\" target=\"_blank\">Mon Actu<\/a>.<\/p>\n","protected":false},"excerpt":{"rendered":"Par Juliette Voisin Publi\u00e9 le 3 sept. 2025 \u00e0 20h01 Comp\u00e9tente dans le domaine de l\u2019eau et de&hellip;\n","protected":false},"author":2,"featured_media":364689,"comment_status":"","ping_status":"","sticky":false,"template":"","format":"standard","meta":{"footnotes":""},"categories":[4],"tags":[11,3168,1011,27,2839,3059,2487,12,25],"class_list":{"0":"post-364688","1":"post","2":"type-post","3":"status-publish","4":"format-standard","5":"has-post-thumbnail","7":"category-france","8":"tag-actualites","9":"tag-cotentin","10":"tag-fr","11":"tag-france","12":"tag-inondations","13":"tag-intemperies","14":"tag-meteo","15":"tag-news","16":"tag-republique-francaise"},"share_on_mastodon":{"url":"https:\/\/pubeurope.com\/@fr\/115143746809838247","error":""},"_links":{"self":[{"href":"https:\/\/www.europesays.com\/fr\/wp-json\/wp\/v2\/posts\/364688","targetHints":{"allow":["GET"]}}],"collection":[{"href":"https:\/\/www.europesays.com\/fr\/wp-json\/wp\/v2\/posts"}],"about":[{"href":"https:\/\/www.europesays.com\/fr\/wp-json\/wp\/v2\/types\/post"}],"author":[{"embeddable":true,"href":"https:\/\/www.europesays.com\/fr\/wp-json\/wp\/v2\/users\/2"}],"replies":[{"embeddable":true,"href":"https:\/\/www.europesays.com\/fr\/wp-json\/wp\/v2\/comments?post=364688"}],"version-history":[{"count":0,"href":"https:\/\/www.europesays.com\/fr\/wp-json\/wp\/v2\/posts\/364688\/revisions"}],"wp:featuredmedia":[{"embeddable":true,"href":"https:\/\/www.europesays.com\/fr\/wp-json\/wp\/v2\/media\/364689"}],"wp:attachment":[{"href":"https:\/\/www.europesays.com\/fr\/wp-json\/wp\/v2\/media?parent=364688"}],"wp:term":[{"taxonomy":"category","embeddable":true,"href":"https:\/\/www.europesays.com\/fr\/wp-json\/wp\/v2\/categories?post=364688"},{"taxonomy":"post_tag","embeddable":true,"href":"https:\/\/www.europesays.com\/fr\/wp-json\/wp\/v2\/tags?post=364688"}],"curies":[{"name":"wp","href":"https:\/\/api.w.org\/{rel}","templated":true}]}}