{"id":364690,"date":"2025-09-04T02:48:16","date_gmt":"2025-09-04T02:48:16","guid":{"rendered":"https:\/\/www.europesays.com\/fr\/364690\/"},"modified":"2025-09-04T02:48:16","modified_gmt":"2025-09-04T02:48:16","slug":"kelly-vedovelli-separee-de-cyril-hanouna-et-pas-sur-w9-elle-passe-un-message-clair-ca-narrivera-pas","status":"publish","type":"post","link":"https:\/\/www.europesays.com\/fr\/364690\/","title":{"rendered":"Kelly Vedovelli s\u00e9par\u00e9e de Cyril Hanouna et pas sur W9, elle passe un message clair : \u00ab\u00a0\u00c7a n&rsquo;arrivera pas\u00a0\u00bb"},"content":{"rendered":"<p><strong>Cyril Hanouna<\/strong> a sign\u00e9 son grand retour le 1er<br \/>\nseptembre avec <strong>Tout beau tout n9uf<\/strong> sur<br \/>\nW9, une \u00e9mission attendue comme un v\u00e9ritable \u00e9v\u00e9nement t\u00e9l\u00e9vis\u00e9.<br \/>\nFid\u00e8le \u00e0 son go\u00fbt du spectaculaire, il a choisi une arriv\u00e9e<br \/>\nsuspendue dans les airs, d\u00e9clenchant imm\u00e9diatement la surprise et<br \/>\nl\u2019enthousiasme. Le pari \u00e9tait clair : offrir un nouveau concept<br \/>\nrythm\u00e9 et une ambiance \u00e9lectrisante d\u00e8s la premi\u00e8re diffusion.<\/p>\n<p>Mais le moment le plus marquant n\u2019est pas venu de la mise en<br \/>\nsc\u00e8ne, mais d\u2019une r\u00e9v\u00e9lation inattendue. <strong>Matthieu<br \/>\nDelormeau<\/strong>, qui n\u2019\u00e9tait plus apparu sur un plateau depuis<br \/>\ndeux ans, a fait son grand retour. Son int\u00e9gration \u00e0 l\u2019\u00e9quipe de<br \/>\nBaba, malgr\u00e9 ses r\u00e9cents d\u00e9m\u00eal\u00e9s judiciaires, a cr\u00e9\u00e9 la<br \/>\nsensation, <a href=\"https:\/\/www.melty.fr\/people\/tbt9-m6-reagit-a-lintervention-de-matthieu-delormeau-jai-trouve-que-cetait-2259847.html\" target=\"_blank\" rel=\"noopener\"><br \/>\nau point o\u00f9 m\u00eame le Groupe M6 a r\u00e9agi<\/a> ! Une arriv\u00e9e<br \/>\nsoigneusement pr\u00e9par\u00e9e, qui a cependant laiss\u00e9 en suspens une autre<br \/>\nquestion : celle de l\u2019absence remarqu\u00e9e de <strong>Kelly<br \/>\nVedovelli<\/strong>.<\/p>\n<p>TBT9 : Un premier num\u00e9ro d\u00e9j\u00e0 mouvement\u00e9<\/p>\n<p>Le pari de M6 \u00e9tait simple : proposer une \u00e9mission de<br \/>\ndivertissement sans verser dans la politique. Pourtant, d\u00e8s la<br \/>\npremi\u00e8re de Tout beau tout n9uf, Cyril Hanouna a<br \/>\nrapidement transgress\u00e9 la r\u00e8gle. <strong>Fran\u00e7ois Bayrou<\/strong><br \/>\net la mesure de \u00ab pause num\u00e9rique \u00bb \u00e0 l\u2019\u00e9cole ont aliment\u00e9 des<br \/>\n\u00e9changes anim\u00e9s, offrant un plateau survolt\u00e9 o\u00f9 <strong>Gilles<br \/>\nVerdez<\/strong> s\u2019est illustr\u00e9 par ses \u00e9clats et o\u00f9 les nouveaux<br \/>\nvisages se sont jet\u00e9s dans la m\u00eal\u00e9e.<\/p>\n<p>C\u00f4t\u00e9 casting, l\u2019\u00e9mission joue sur la continuit\u00e9 et la nouveaut\u00e9.<br \/>\nDes figures bien connues de l\u2019\u00e8re TPMP comme <strong>Val\u00e9rie<br \/>\nBena\u00efm<\/strong>, <strong>G\u00e9raldine Maillet<\/strong> ou encore<br \/>\n<strong>Raymond Aabou<\/strong> sont pr\u00e9sentes, tandis que<br \/>\n<strong>Marl\u00e8ne Schiappa<\/strong>, <strong>Nelson Monfort<\/strong><br \/>\net <strong>Damien Canivez<\/strong> viennent renforcer la bande.<br \/>\nPourtant, une absence a saut\u00e9 aux yeux d\u00e8s le premier soir : Kelly<br \/>\nVedovelli n\u2019\u00e9tait toujours pas de la partie.<\/p>\n<p>TBT9 : Kelly Vedovelli entretient le myst\u00e8re autour de son<br \/>\nabsence<\/p>\n<p>Sur Instagram, Kelly Vedovelli a mis fin aux rumeurs en<br \/>\nconfirmant qu\u2019elle ne participerait pas \u00e0 la rentr\u00e9e de Cyril<br \/>\nHanouna sur W9. \u00c0 un fan qui esp\u00e9rait une apparition surprise, elle<br \/>\na r\u00e9pondu sans d\u00e9tour : \u00ab \u00c7a n\u2019arrivera pas, je m\u2019en excuse et<br \/>\non en discute plus tard \u00bb, accompagnant son message de c\u0153urs<br \/>\nrouges. Une d\u00e9claration qui a sem\u00e9 le doute chez ses admirateurs,<br \/>\npartag\u00e9s entre <strong>l\u2019id\u00e9e d\u2019un nouveau projet secret<\/strong><br \/>\nou d\u2019une simple pause. En tout cas, ses mots r\u00e9duisent<br \/>\nconsid\u00e9rablement l\u2019espoir de la voir d\u00e9barquer dans l\u2019\u00e9mission,<br \/>\nd\u2019autant que la cha\u00eene a d\u00e9j\u00e0 officialis\u00e9 la composition compl\u00e8te<br \/>\nde son \u00e9quipe.<\/p>\n<p>Proche de l\u2019univers TPMP et figure famili\u00e8re du public,<br \/>\nl\u00a0\u00bbactrice et chroniqueuse s\u2019\u00e9loigne donc pour ce nouveau chapitre,<br \/>\nlaissant ses fans dans l\u2019attente d\u2019\u00e9claircissements. Son absence<br \/>\nsuscite d\u2019autant plus de curiosit\u00e9 que son myst\u00e9rieux \u00ab on en<br \/>\ndiscute plus tard \u00bb maintient volontairement l&rsquo;ambigu\u00eft\u00e9. Sur<br \/>\nles r\u00e9seaux sociaux, l\u2019impatience grandit et chacun guette<br \/>\n<strong>la moindre r\u00e9v\u00e9lation qui pourrait lever le voile sur ses<br \/>\nv\u00e9ritables intentions<\/strong>.<\/p>\n<p>Cyril Hanouna tourne la page Kelly<br \/>\nVedovelli avec un symbole lourd de sens<\/p>\n<p>Vous l&rsquo;aurez compris, l&rsquo;absence de Kelly Vedovelli continue de<br \/>\nfaire parler, surtout parce que son histoire m\u00e9diatique reste<br \/>\n\u00e9troitement li\u00e9e \u00e0 Cyril Hanouna. Les souvenirs de 2023 refont<br \/>\nsurface, avec <strong>ce fameux tatouage du papa de Lino<\/strong><br \/>\nen forme de \u00ab K \u00bb qui avait d\u00e9clench\u00e9 une vague d\u2019interpr\u00e9tations<br \/>\net aliment\u00e9 les conversations. \u00c0 l\u2019\u00e9poque, beaucoup y avaient vu<br \/>\nune d\u00e9claration voil\u00e9e \u00e0 l\u2019attention de la chroniqueuse, renfor\u00e7ant<br \/>\nles sp\u00e9culations autour de leur complicit\u00e9.<\/p>\n<p>Lors du retour \u00e0 l\u2019antenne, <a href=\"https:\/\/www.melty.fr\/people\/tbt9-en-plein-direct-cyril-hanouna-confirme-sa-rupture-avec-kelly-vedovelli-avec-ce-geste-fort-2259680.html\" target=\"_blank\" rel=\"noopener\"><br \/>\nun d\u00e9tail n\u2019a \u00e9chapp\u00e9 \u00e0 personne<\/a> : le poignet de l\u2019animateur ne<br \/>\nporte plus la fameuse initiale. Le \u00ab K \u00bb a laiss\u00e9 place \u00e0 un carr\u00e9<br \/>\nnoir, un choix qui n\u2019est pas pass\u00e9 inaper\u00e7u. Pour de nombreux fans,<br \/>\n<strong>ce geste symbolique sonne comme une mani\u00e8re de tourner la<br \/>\npage<\/strong>. Cyril Hanouna n\u2019a livr\u00e9 aucune explication, mais ce<br \/>\nsimple changement a suffi \u00e0 raviver les discussions et \u00e0 donner<br \/>\nl\u2019impression qu\u2019un chapitre bien connu du public venait de se<br \/>\nrefermer.<\/p>\n","protected":false},"excerpt":{"rendered":"Cyril Hanouna a sign\u00e9 son grand retour le 1er septembre avec Tout beau tout n9uf sur W9, une&hellip;\n","protected":false},"author":2,"featured_media":364691,"comment_status":"","ping_status":"","sticky":false,"template":"","format":"standard","meta":{"footnotes":""},"categories":[2],"tags":[11,1083,1011,27,1675,12],"class_list":{"0":"post-364690","1":"post","2":"type-post","3":"status-publish","4":"format-standard","5":"has-post-thumbnail","7":"category-actualites","8":"tag-actualites","9":"tag-cyril-hanouna","10":"tag-fr","11":"tag-france","12":"tag-kelly-vedovelli","13":"tag-news"},"share_on_mastodon":{"url":"https:\/\/pubeurope.com\/@fr\/115143750679348829","error":""},"_links":{"self":[{"href":"https:\/\/www.europesays.com\/fr\/wp-json\/wp\/v2\/posts\/364690","targetHints":{"allow":["GET"]}}],"collection":[{"href":"https:\/\/www.europesays.com\/fr\/wp-json\/wp\/v2\/posts"}],"about":[{"href":"https:\/\/www.europesays.com\/fr\/wp-json\/wp\/v2\/types\/post"}],"author":[{"embeddable":true,"href":"https:\/\/www.europesays.com\/fr\/wp-json\/wp\/v2\/users\/2"}],"replies":[{"embeddable":true,"href":"https:\/\/www.europesays.com\/fr\/wp-json\/wp\/v2\/comments?post=364690"}],"version-history":[{"count":0,"href":"https:\/\/www.europesays.com\/fr\/wp-json\/wp\/v2\/posts\/364690\/revisions"}],"wp:featuredmedia":[{"embeddable":true,"href":"https:\/\/www.europesays.com\/fr\/wp-json\/wp\/v2\/media\/364691"}],"wp:attachment":[{"href":"https:\/\/www.europesays.com\/fr\/wp-json\/wp\/v2\/media?parent=364690"}],"wp:term":[{"taxonomy":"category","embeddable":true,"href":"https:\/\/www.europesays.com\/fr\/wp-json\/wp\/v2\/categories?post=364690"},{"taxonomy":"post_tag","embeddable":true,"href":"https:\/\/www.europesays.com\/fr\/wp-json\/wp\/v2\/tags?post=364690"}],"curies":[{"name":"wp","href":"https:\/\/api.w.org\/{rel}","templated":true}]}}