{"id":364692,"date":"2025-09-04T02:49:11","date_gmt":"2025-09-04T02:49:11","guid":{"rendered":"https:\/\/www.europesays.com\/fr\/364692\/"},"modified":"2025-09-04T02:49:11","modified_gmt":"2025-09-04T02:49:11","slug":"saint-etienne-un-homme-de-38-ans-tente-de-braquer-un-supermarche-avec-un-couteau-a-bout-rond","status":"publish","type":"post","link":"https:\/\/www.europesays.com\/fr\/364692\/","title":{"rendered":"Saint-\u00c9tienne : un homme de 38 ans tente de braquer un supermarch\u00e9 avec un couteau \u00e0 bout rond"},"content":{"rendered":"<p>Lundi 1er septembre, vers 19h10, un homme de 38 ans a fait irruption dans le SPAR de la rue Durafour, \u00e0 Saint-\u00c9tienne. Arm\u00e9 d\u2019un couteau \u00e0 bout rond, il a menac\u00e9 la caissi\u00e8re et exig\u00e9 l\u2019argent de la caisse.<\/p>\n<p>La salari\u00e9e a eu le r\u00e9flexe d\u2019actionner le <strong>bouton d\u2019alerte,<\/strong> permettant \u00e0 son responsable d\u2019intervenir. L\u2019individu a alors pris la fuite. Rapidement sur place, la police a proc\u00e9d\u00e9 \u00e0 une enqu\u00eate de voisinage et exploit\u00e9 les images de vid\u00e9osurveillance. L\u2019homme a finalement \u00e9t\u00e9 localis\u00e9 dans son domicile, il \u00e9tait alcoolis\u00e9, situ\u00e9 \u00e0 quelques rues du commerce, o\u00f9 il a \u00e9t\u00e9 interpell\u00e9 par la BAC.<\/p>\n<p>Le suspect, plac\u00e9 sous curatelle, a reconnu le braquage en expliquant avoir besoin d\u2019argent. Il a \u00e9t\u00e9 pr\u00e9sent\u00e9 ce mercredi apr\u00e8s-midi devant un juge pour tentative de <strong>vol avec menace sous arme<\/strong>.<br \/>\u00a0C. Ercilla<\/p>\n","protected":false},"excerpt":{"rendered":"Lundi 1er septembre, vers 19h10, un homme de 38 ans a fait irruption dans le SPAR de la&hellip;\n","protected":false},"author":2,"featured_media":364693,"comment_status":"","ping_status":"","sticky":false,"template":"","format":"standard","meta":{"footnotes":""},"categories":[9653],"tags":[1111,11,2430,1777,674,1011,27,12,25,4001],"class_list":{"0":"post-364692","1":"post","2":"type-post","3":"status-publish","4":"format-standard","5":"has-post-thumbnail","7":"category-saint-etienne","8":"tag-actu","9":"tag-actualites","10":"tag-auvergne-rhone-alpes","11":"tag-eu","12":"tag-europe","13":"tag-fr","14":"tag-france","15":"tag-news","16":"tag-republique-francaise","17":"tag-saint-etienne"},"share_on_mastodon":{"url":"https:\/\/pubeurope.com\/@fr\/115143754723776887","error":""},"_links":{"self":[{"href":"https:\/\/www.europesays.com\/fr\/wp-json\/wp\/v2\/posts\/364692","targetHints":{"allow":["GET"]}}],"collection":[{"href":"https:\/\/www.europesays.com\/fr\/wp-json\/wp\/v2\/posts"}],"about":[{"href":"https:\/\/www.europesays.com\/fr\/wp-json\/wp\/v2\/types\/post"}],"author":[{"embeddable":true,"href":"https:\/\/www.europesays.com\/fr\/wp-json\/wp\/v2\/users\/2"}],"replies":[{"embeddable":true,"href":"https:\/\/www.europesays.com\/fr\/wp-json\/wp\/v2\/comments?post=364692"}],"version-history":[{"count":0,"href":"https:\/\/www.europesays.com\/fr\/wp-json\/wp\/v2\/posts\/364692\/revisions"}],"wp:featuredmedia":[{"embeddable":true,"href":"https:\/\/www.europesays.com\/fr\/wp-json\/wp\/v2\/media\/364693"}],"wp:attachment":[{"href":"https:\/\/www.europesays.com\/fr\/wp-json\/wp\/v2\/media?parent=364692"}],"wp:term":[{"taxonomy":"category","embeddable":true,"href":"https:\/\/www.europesays.com\/fr\/wp-json\/wp\/v2\/categories?post=364692"},{"taxonomy":"post_tag","embeddable":true,"href":"https:\/\/www.europesays.com\/fr\/wp-json\/wp\/v2\/tags?post=364692"}],"curies":[{"name":"wp","href":"https:\/\/api.w.org\/{rel}","templated":true}]}}