{"id":364694,"date":"2025-09-04T02:50:18","date_gmt":"2025-09-04T02:50:18","guid":{"rendered":"https:\/\/www.europesays.com\/fr\/364694\/"},"modified":"2025-09-04T02:50:18","modified_gmt":"2025-09-04T02:50:18","slug":"saint-etienne-benjamin-bouchouari-et-trabzonspor-cest-presque-fait","status":"publish","type":"post","link":"https:\/\/www.europesays.com\/fr\/364694\/","title":{"rendered":"Saint-\u00c9tienne: Benjamin Bouchouari et Trabzonspor, c\u2019est presque fait !"},"content":{"rendered":"<p class=\"default__StyledText-sc-10mj2vp-0 fSEbof body-paragraph\">Un nouveau d\u00e9fi attend Benjamin Bouchouari. Le jeune international marocain de 23 ans s\u2019appr\u00eate \u00e0 d\u00e9couvrir la Turquie, o\u00f9 Trabzonspor l\u2019attend de pied ferme. Selon la presse locale, le St\u00e9phanois devrait passer sa visite m\u00e9dicale ce mercredi 3 septembre avant de parapher son contrat.<\/p>\n<p class=\"default__StyledText-sc-10mj2vp-0 fSEbof body-paragraph\">Les n\u00e9gociations entre l\u2019AS Saint-\u00c9tienne et le club turc s\u2019\u00e9taient intensifi\u00e9es ces derni\u00e8res semaines. Elles ont finalement abouti \u00e0 un accord estim\u00e9 \u00e0 4 millions d\u2019euros, plus un million de bonus.<\/p>\n<p class=\"interstitial-link block-margin-bottom\">Lire aussi : <a href=\"https:\/\/sport.le360.ma\/football\/ligue-1\/mercato-benjamin-bouchouari-tout-proche-de-sengager-en-turquie_TCRIVWDPKJHWTPUHVZTERCKLZA\/\" aria-label=\"Ouvrir un article associ\u00e9\" class=\"default__StyledLink-sc-10mj2vp-1 kfbmxM\" target=\"_blank\" rel=\"noopener\">Mercato: Benjamin Bouchouari tout proche de s\u2019engager en Turquie<\/a><\/p>\n<p class=\"default__StyledText-sc-10mj2vp-0 fSEbof body-paragraph\">Form\u00e9 en Belgique, pass\u00e9 par les divisions inf\u00e9rieures aux Pays-Bas et en Belgique, Bouchouari s\u2019appr\u00eate \u00e0 franchir un nouveau cap en S\u00fcper Lig. <\/p>\n<p class=\"default__StyledText-sc-10mj2vp-0 fSEbof body-paragraph\">Les derniers d\u00e9tails contractuels restent \u00e0 r\u00e9gler, mais sauf retournement de situation, Benjamin Bouchouari portera bien les couleurs du club de la Mer Noire.<\/p>\n<blockquote class=\"twitter-tweet\">\n<p lang=\"tr\" dir=\"ltr\">\ud83d\udd34\ud83d\udd35\ud83c\uddf2\ud83c\udde6 Benjamin Bouchouari, Trabzonspor&rsquo;a hay\u0131rl\u0131 olsun.<\/p>\n<p>2\u20e33\u20e3 ya\u015f\u0131nda,165 boyundaki merkez orta saha oyuncusu.<\/p>\n<p>\u2728En net tan\u0131m olarak: \u00ab\u00a0atak kesen atak ba\u015flatan\u00a0\u00bb bir isim olarak tarif edebiliriz. Dinamik,m\u00fccadeleci ve ayak kaliteside sa\u011flam.<\/p>\n<p>\u26a0Yan\u0131na yap\u0131lacak ekleme de \u00f6nemli. <a href=\"https:\/\/t.co\/GloNJYl53b\">pic.twitter.com\/GloNJYl53b<\/a><\/p>\n<p>\u2014 Hayat\u0131m\u0131z Futbol (@hayatfootball) <a href=\"https:\/\/twitter.com\/hayatfootball\/status\/1963152475436818937?ref_src=twsrc%5Etfw\" target=\"_blank\" rel=\"noopener\">September 3, 2025<\/a><\/p><\/blockquote>\n<p><script async src=\"https:\/\/platform.twitter.com\/widgets.js\" charset=\"utf-8\"><\/script><\/p>\n","protected":false},"excerpt":{"rendered":"Un nouveau d\u00e9fi attend Benjamin Bouchouari. Le jeune international marocain de 23 ans s\u2019appr\u00eate \u00e0 d\u00e9couvrir la Turquie,&hellip;\n","protected":false},"author":2,"featured_media":364695,"comment_status":"","ping_status":"","sticky":false,"template":"","format":"standard","meta":{"footnotes":""},"categories":[9653],"tags":[1111,11,2430,17067,1777,674,1011,27,1434,12,25,4001,46223],"class_list":{"0":"post-364694","1":"post","2":"type-post","3":"status-publish","4":"format-standard","5":"has-post-thumbnail","7":"category-saint-etienne","8":"tag-actu","9":"tag-actualites","10":"tag-auvergne-rhone-alpes","11":"tag-benjamin-bouchouari","12":"tag-eu","13":"tag-europe","14":"tag-fr","15":"tag-france","16":"tag-mercato","17":"tag-news","18":"tag-republique-francaise","19":"tag-saint-etienne","20":"tag-trabzonspor"},"share_on_mastodon":{"url":"https:\/\/pubeurope.com\/@fr\/115143758466843114","error":""},"_links":{"self":[{"href":"https:\/\/www.europesays.com\/fr\/wp-json\/wp\/v2\/posts\/364694","targetHints":{"allow":["GET"]}}],"collection":[{"href":"https:\/\/www.europesays.com\/fr\/wp-json\/wp\/v2\/posts"}],"about":[{"href":"https:\/\/www.europesays.com\/fr\/wp-json\/wp\/v2\/types\/post"}],"author":[{"embeddable":true,"href":"https:\/\/www.europesays.com\/fr\/wp-json\/wp\/v2\/users\/2"}],"replies":[{"embeddable":true,"href":"https:\/\/www.europesays.com\/fr\/wp-json\/wp\/v2\/comments?post=364694"}],"version-history":[{"count":0,"href":"https:\/\/www.europesays.com\/fr\/wp-json\/wp\/v2\/posts\/364694\/revisions"}],"wp:featuredmedia":[{"embeddable":true,"href":"https:\/\/www.europesays.com\/fr\/wp-json\/wp\/v2\/media\/364695"}],"wp:attachment":[{"href":"https:\/\/www.europesays.com\/fr\/wp-json\/wp\/v2\/media?parent=364694"}],"wp:term":[{"taxonomy":"category","embeddable":true,"href":"https:\/\/www.europesays.com\/fr\/wp-json\/wp\/v2\/categories?post=364694"},{"taxonomy":"post_tag","embeddable":true,"href":"https:\/\/www.europesays.com\/fr\/wp-json\/wp\/v2\/tags?post=364694"}],"curies":[{"name":"wp","href":"https:\/\/api.w.org\/{rel}","templated":true}]}}