{"id":364696,"date":"2025-09-04T02:52:23","date_gmt":"2025-09-04T02:52:23","guid":{"rendered":"https:\/\/www.europesays.com\/fr\/364696\/"},"modified":"2025-09-04T02:52:23","modified_gmt":"2025-09-04T02:52:23","slug":"les-sciences-sont-au-livre-sur-la-place-factuel","status":"publish","type":"post","link":"https:\/\/www.europesays.com\/fr\/364696\/","title":{"rendered":"Les sciences sont au Livre sur la Place ! &#8211; Factuel"},"content":{"rendered":"<p>C\u2019est parti pour la <strong>20e \u00e9dition des Sciences sur la Place<\/strong> qui se tiendra du <strong>12 au 14 septembre 2025 \u00e0 Nancy<\/strong> dans le cadre du salon national <a href=\"https:\/\/lelivresurlaplace.nancy.fr\/accueil-2930.html\" target=\"_blank\" rel=\"noopener nofollow\"><strong>Le Livre sur la Place<\/strong><\/a>.<\/p>\n<p>Comme chaque ann\u00e9e, des auteur\u00b7es scientifiques de l\u2019Universit\u00e9 tiendront des s\u00e9ances de d\u00e9dicace, et des causeries scientifiques !<\/p>\n<p>En d\u00e9dicaceVendredi 12 septembre<\/p>\n<p><strong>M\u00e9lanie Leroy\u00a0<\/strong>recense, \u00e9tudie et fait connaitre le patrimoine universitaire de Lorraine, en collaboration avec la R\u00e9gion Grand \u2013 Service Inventaire et Patrimoines.<\/p>\n<p>Ouvrage : <a href=\"https:\/\/www.sciencesurlaplace.fr\/le-patrimoine-mobilier-de-luniversite-de-lorraine\/\" target=\"_blank\" rel=\"noopener nofollow\">Le Patrimoine mobilier de l\u2019Universit\u00e9 de Lorraine <\/a>(Editions universitaires de Lorraine)<\/p>\n<p>Samedi 13 septembre<\/p>\n<p><strong>Fabien Bi\u00e8vre-Perrin<\/strong> , ma\u00eetre de conf\u00e9rences en r\u00e9ception de l\u2019Antiquit\u00e9 et membre de l\u2019unit\u00e9 de recherche Sciences de l\u2019Antiquit\u00e9 et du Moyen \u00c2ge (SAMA).<\/p>\n<p>Ouvrage : <a href=\"https:\/\/www.sciencesurlaplace.fr\/persephone-et-la-culture-populaire\/\" target=\"_blank\" rel=\"noopener nofollow\">Pers\u00e9phone et la culture populaire <\/a>(Editions universitaires de Lorraine)<\/p>\n<p><strong>Adeline Florimond-Clerc, <\/strong>ma\u00eetresse de conf\u00e9rences en sciences de l\u2019information et de la communication, et membre du Centre de recherche sur les m\u00e9diations. Ses recherches portent sur les pratiques culturelles et les m\u00e9diations culturelles et litt\u00e9raires.<\/p>\n<p>Ouvrage : <a href=\"https:\/\/www.sciencesurlaplace.fr\/new-romance-anatomie-dun-phenomene-editorial\/\" target=\"_blank\" rel=\"noopener nofollow\">New Romance : Anatomie d\u2019un ph\u00e9nom\u00e8ne \u00e9ditorial\u00a0<\/a> (Editions universitaires de Lorraine)<\/p>\n<p><strong>Samuel Nowakowski,<\/strong>ma\u00eetre de conf\u00e9rences\u00a0 et chercheur au Laboratoire lorrain d\u2019informatique et ses applications (LORIA), sp\u00e9cialiste de l\u2019intelligence informatique et de l\u2019usage de l\u2019informatique \u00e0 des fins p\u00e9dagogiques.<\/p>\n<p>Ouvrage : <a href=\"https:\/\/www.sciencesurlaplace.fr\/lessentiel-de-lintelligence-artificielle\/\" target=\"_blank\" rel=\"noopener nofollow\">L\u2019essentiel de l\u2019intelligence artificielle<\/a> (Studyrama)<\/p>\n<p><strong>Cyril Tarquinio, <\/strong>directeur adjoint de l\u2019unit\u00e9 de recherche INSPIIRE et directeur du Centre Pierre Janet, psychologue et psychoth\u00e9rapeute.<\/p>\n<p>Ouvrage : <a href=\"https:\/\/www.sciencesurlaplace.fr\/generation-a-vif-comprendre-les-defis-de-la-sante-mentale-des-jeunes\/\" target=\"_blank\" rel=\"noopener nofollow\">G\u00e9n\u00e9ration \u00e0 vif: Comprendre les d\u00e9fis de la sant\u00e9 mentale des jeunes <\/a>(Dunod)<\/p>\n<p>Dimanche 14 septembre<\/p>\n<p><strong>S\u00e9bastien \u00c9vrard, <\/strong>ma\u00eetre de conf\u00e9rences \u00e0 la facult\u00e9 de droit de Nancy.<\/p>\n<p>Ouvrage : <a href=\"https:\/\/www.sciencesurlaplace.fr\/lempereur-napoleon-ier-et-la-justice\/\" target=\"_blank\" rel=\"noopener nofollow\">L\u2019empereur Napol\u00e9on 1er et la justice<\/a> (Mare &amp; Martin)<\/p>\n<p><strong>Christine Fontanini, <\/strong>professeure et membre du Laboratoire interuniversitaire des sciences de l\u2019\u00e9ducation et de la communication.<\/p>\n<p>Ouvrage : <a href=\"https:\/\/www.sciencesurlaplace.fr\/la-feminisation-du-metier-de-veterinaire\/\" target=\"_blank\" rel=\"noopener nofollow\">La F\u00e9minisation du m\u00e9tier de v\u00e9t\u00e9rinaire<\/a> \u00a0(Editions universitaires de Lorraine)<\/p>\n<p><strong>Antoine Guitton, <\/strong>professeur en physique des mat\u00e9riaux, sp\u00e9cialis\u00e9 dans l\u2019\u00e9tude des d\u00e9fauts micro et nano-structuraux et leur influence sur les propri\u00e9t\u00e9s des mat\u00e9riaux (m\u00e9caniques, de sorption d\u2019hydrog\u00e8ne, etc.).<\/p>\n<p>Ouvrages :\u00a0<a href=\"https:\/\/www.sciencesurlaplace.fr\/la-science-en-4-saisons-automne-2\/\" target=\"_blank\" rel=\"noopener nofollow\">La Science en 4 Saisons : automne<\/a> (EDP Sciences)<\/p>\n<p><strong>Colette Renard-Grandmontagne, <\/strong>ma\u00eetresse de conf\u00e9rences \u00e9m\u00e9rite en g\u00e9ographie et membre du centre de recherche en g\u00e9ographie Loterr (Universit\u00e9 de Lorraine).<\/p>\n<p>Ouvrage : <a href=\"https:\/\/www.sciencesurlaplace.fr\/territoire-du-commerce-populaire\/\" target=\"_blank\" rel=\"noopener nofollow\">Territoire du commerce populaire<\/a> (Editions universitaires de Lorraine)<\/p>\n<p><strong>Marie-Christine Trouy-Jacquemet<\/strong>, ma\u00eetresse de conf\u00e9rence \u00e0 l\u2019ENSTIB (\u00c9cole nationale sup\u00e9rieure des technologies et industries du bois) et chercheuse au LERMAB (Laboratoire d\u2019\u00e9tude et de recherche sur le mat\u00e9riau bois).<\/p>\n<p>Ouvrages :<\/p>\n<p><strong>&gt;&gt; <\/strong><a href=\"https:\/\/www.sciencesurlaplace.fr\/auteurs-et-livres\/\" target=\"_blank\" rel=\"noopener nofollow\"><strong>Retrouvez le programme complet des d\u00e9dicaces du stand des Sciences sur la Place<\/strong><\/a><\/p>\n<p>Causeries scientifiques<\/p>\n<p>Le projet <strong>\u00ab Les Sciences sur la Place \u00bb<\/strong> est une initiative commune port\u00e9e par les services de communication et d\u2019\u00e9dition des \u00e9tablissements impliqu\u00e9s, dont plusieurs sont membres d\u2019Unys. Unys est une initiative unique en France qui r\u00e9unit les acteurs de la recherche publique et de l\u2019innovation en Lorraine (pour en savoir +\u00a0: <a href=\"https:\/\/www.unys-sciences.fr\/\" target=\"_blank\" rel=\"noopener nofollow\">https:\/\/www.unys-sciences.fr\/<\/a>).<strong> Avec le soutien de la <\/strong><a href=\"http:\/\/www.nancy.fr\/accueil\/html\/\" target=\"_blank\" rel=\"noopener nofollow\">Ville de Nancy<\/a> de <a href=\"http:\/\/www.grand-nancy.org\/\" target=\"_blank\" rel=\"noopener nofollow\">la M\u00e9tropole du Grand Nancy<\/a> et de l\u2019association des libraires \u00ab Lire \u00e0 Nancy .<\/p>\n","protected":false},"excerpt":{"rendered":"C\u2019est parti pour la 20e \u00e9dition des Sciences sur la Place qui se tiendra du 12 au 14&hellip;\n","protected":false},"author":2,"featured_media":364697,"comment_status":"","ping_status":"","sticky":false,"template":"","format":"standard","meta":{"footnotes":""},"categories":[9635],"tags":[1111,11,1777,674,1011,27,775,1702,12,25],"class_list":{"0":"post-364696","1":"post","2":"type-post","3":"status-publish","4":"format-standard","5":"has-post-thumbnail","7":"category-nancy","8":"tag-actu","9":"tag-actualites","10":"tag-eu","11":"tag-europe","12":"tag-fr","13":"tag-france","14":"tag-grand-est","15":"tag-nancy","16":"tag-news","17":"tag-republique-francaise"},"share_on_mastodon":{"url":"https:\/\/pubeurope.com\/@fr\/115143766413576342","error":""},"_links":{"self":[{"href":"https:\/\/www.europesays.com\/fr\/wp-json\/wp\/v2\/posts\/364696","targetHints":{"allow":["GET"]}}],"collection":[{"href":"https:\/\/www.europesays.com\/fr\/wp-json\/wp\/v2\/posts"}],"about":[{"href":"https:\/\/www.europesays.com\/fr\/wp-json\/wp\/v2\/types\/post"}],"author":[{"embeddable":true,"href":"https:\/\/www.europesays.com\/fr\/wp-json\/wp\/v2\/users\/2"}],"replies":[{"embeddable":true,"href":"https:\/\/www.europesays.com\/fr\/wp-json\/wp\/v2\/comments?post=364696"}],"version-history":[{"count":0,"href":"https:\/\/www.europesays.com\/fr\/wp-json\/wp\/v2\/posts\/364696\/revisions"}],"wp:featuredmedia":[{"embeddable":true,"href":"https:\/\/www.europesays.com\/fr\/wp-json\/wp\/v2\/media\/364697"}],"wp:attachment":[{"href":"https:\/\/www.europesays.com\/fr\/wp-json\/wp\/v2\/media?parent=364696"}],"wp:term":[{"taxonomy":"category","embeddable":true,"href":"https:\/\/www.europesays.com\/fr\/wp-json\/wp\/v2\/categories?post=364696"},{"taxonomy":"post_tag","embeddable":true,"href":"https:\/\/www.europesays.com\/fr\/wp-json\/wp\/v2\/tags?post=364696"}],"curies":[{"name":"wp","href":"https:\/\/api.w.org\/{rel}","templated":true}]}}