{"id":364700,"date":"2025-09-04T02:54:21","date_gmt":"2025-09-04T02:54:21","guid":{"rendered":"https:\/\/www.europesays.com\/fr\/364700\/"},"modified":"2025-09-04T02:54:21","modified_gmt":"2025-09-04T02:54:21","slug":"un-policier-retrouve-mort-cagoule-les-pieds-et-les-mains-attaches","status":"publish","type":"post","link":"https:\/\/www.europesays.com\/fr\/364700\/","title":{"rendered":"Un policier retrouv\u00e9 mort, cagoul\u00e9, les pieds et les mains attach\u00e9s"},"content":{"rendered":"<p><strong>Le corps sans vie d\u2019un policier a \u00e9t\u00e9 d\u00e9couvert ce mercredi 3 septembre dans l\u2019anse Magaud, \u00e0 Toulon (Var). L\u2019homme, originaire de l\u2019aire toulonnaise et affect\u00e9 \u00e0 l\u2019Office anti-stup\u00e9fiants de Nanterre, portait une cagoule et avait les mains et les pieds entrav\u00e9s.<\/strong><\/p>\n<p>Selon les informations d\u2019<a href=\"https:\/\/www.francebleu.fr\/infos\/faits-divers-justice\/le-corps-d-un-homme-menotte-retrouve-flottant-dans-l-anse-magaud-a-toulon-6005470\" rel=\"nofollow noopener\" target=\"_blank\">Ici Provence<\/a> des affaires de police ont \u00e9galement \u00e9t\u00e9 retrouv\u00e9es sur la rive. Les circonstances de la d\u00e9couverte ont d\u2019abord pu faire craindre un crime, mais le procureur de la R\u00e9publique de Toulon indique que la piste du suicide est aujourd\u2019hui privil\u00e9gi\u00e9e.<\/p>\n<p>\u00ab M\u00eame si les circonstances de la d\u00e9couverte du corps peuvent laisser \u00e0 penser qu\u2019il s\u2019agit d\u2019un crime, de nombreux autres \u00e9l\u00e9ments permettent aussi de penser qu\u2019il aurait mis fin \u00e0 ses jours \u00bb, pr\u00e9cise-t-il \u00e0 <a href=\"https:\/\/www.bfmtv.com\/var\/un-policier-retrouve-mort-avec-les-pieds-et-mains-entraves-a-toulon-la-these-du-suicide-privilegiee_AN-202509030542.html\" rel=\"nofollow noopener\" target=\"_blank\">BFM Toulon Var<\/a>.<\/p>\n<p>Une enqu\u00eate en recherche des causes de la mort a \u00e9t\u00e9 ouverte et confi\u00e9e \u00e0 la Direction interd\u00e9partementale de la police nationale du Var.<\/p>\n<p><a href=\"https:\/\/actuforcesdelordre.fr\/abonnement\/\" target=\"_blank\" rel=\" noreferrer noopener nofollow\"><img decoding=\"async\" data-recalc-dims=\"1\" src=\"https:\/\/www.europesays.com\/fr\/wp-content\/uploads\/2025\/09\/Pub-actu-Fdo.png\" alt=\"\" class=\"wp-image-165994\"\/><\/a><\/p>\n<p>3114 : le num\u00e9ro national de pr\u00e9vention du suicide<\/p>\n<p>Le 3114 est un num\u00e9ro gratuit et disponible 24 h\/24, 7 j\/7, pour les personnes en d\u00e9tresse psychique ou ayant des id\u00e9es suicidaires. Des professionnels de sant\u00e9 form\u00e9s \u00e0 l\u2019\u00e9coute et \u00e0 la pr\u00e9vention du suicide r\u00e9pondent aux appels, ainsi qu\u2019aux proches inquiets pour un membre de leur entourage.<\/p>\n","protected":false},"excerpt":{"rendered":"Le corps sans vie d\u2019un policier a \u00e9t\u00e9 d\u00e9couvert ce mercredi 3 septembre dans l\u2019anse Magaud, \u00e0 Toulon&hellip;\n","protected":false},"author":2,"featured_media":364701,"comment_status":"","ping_status":"","sticky":false,"template":"","format":"standard","meta":{"footnotes":""},"categories":[9619],"tags":[1111,11,1777,674,1011,27,12,882,25,2310],"class_list":{"0":"post-364700","1":"post","2":"type-post","3":"status-publish","4":"format-standard","5":"has-post-thumbnail","7":"category-toulon","8":"tag-actu","9":"tag-actualites","10":"tag-eu","11":"tag-europe","12":"tag-fr","13":"tag-france","14":"tag-news","15":"tag-provence-alpes-cote-dazur","16":"tag-republique-francaise","17":"tag-toulon"},"share_on_mastodon":{"url":"https:\/\/pubeurope.com\/@fr\/115143774760189637","error":""},"_links":{"self":[{"href":"https:\/\/www.europesays.com\/fr\/wp-json\/wp\/v2\/posts\/364700","targetHints":{"allow":["GET"]}}],"collection":[{"href":"https:\/\/www.europesays.com\/fr\/wp-json\/wp\/v2\/posts"}],"about":[{"href":"https:\/\/www.europesays.com\/fr\/wp-json\/wp\/v2\/types\/post"}],"author":[{"embeddable":true,"href":"https:\/\/www.europesays.com\/fr\/wp-json\/wp\/v2\/users\/2"}],"replies":[{"embeddable":true,"href":"https:\/\/www.europesays.com\/fr\/wp-json\/wp\/v2\/comments?post=364700"}],"version-history":[{"count":0,"href":"https:\/\/www.europesays.com\/fr\/wp-json\/wp\/v2\/posts\/364700\/revisions"}],"wp:featuredmedia":[{"embeddable":true,"href":"https:\/\/www.europesays.com\/fr\/wp-json\/wp\/v2\/media\/364701"}],"wp:attachment":[{"href":"https:\/\/www.europesays.com\/fr\/wp-json\/wp\/v2\/media?parent=364700"}],"wp:term":[{"taxonomy":"category","embeddable":true,"href":"https:\/\/www.europesays.com\/fr\/wp-json\/wp\/v2\/categories?post=364700"},{"taxonomy":"post_tag","embeddable":true,"href":"https:\/\/www.europesays.com\/fr\/wp-json\/wp\/v2\/tags?post=364700"}],"curies":[{"name":"wp","href":"https:\/\/api.w.org\/{rel}","templated":true}]}}