{"id":364702,"date":"2025-09-04T02:55:50","date_gmt":"2025-09-04T02:55:50","guid":{"rendered":"https:\/\/www.europesays.com\/fr\/364702\/"},"modified":"2025-09-04T02:55:50","modified_gmt":"2025-09-04T02:55:50","slug":"lesplanade-medievale-fait-son-retour-dans-ce-nouveau-lieu","status":"publish","type":"post","link":"https:\/\/www.europesays.com\/fr\/364702\/","title":{"rendered":"L&rsquo;Esplanade m\u00e9di\u00e9vale fait son retour dans ce nouveau lieu"},"content":{"rendered":"<p><img decoding=\"async\" class=\"\" style=\"width:100%\" src=\"https:\/\/www.europesays.com\/fr\/wp-content\/uploads\/2025\/09\/esplanade_medievale1756451282125.png\" alt=\"L'Esplanade M\u00e9di\u00e9vale\"\/><\/p>\n<p>Des reconstitutions historiques \u00e0 d\u00e9couvrir gratuitement \u00e0 quelques pas de la Piscine Olympique.<\/p>\n<p>Cr\u00e9dit : Les Chevaliers de l&rsquo;Ordre des 4 Vents<\/p>\n<p> <strong>Un voyage dans le XIIIe si\u00e8cle, au c\u0153ur de la ville<\/strong><\/p>\n<p style=\"text-align: justify;\">\u00a0<\/p>\n<p style=\"text-align: justify;\">Organis\u00e9 par l\u2019association Les Chevaliers de l\u2019Ordre des 4 Vents, cet \u00e9v\u00e9nement gratuit est devenu un rendez-vous incontournable pour les curieux de tous \u00e2ges. Patrick, le chef de projet, nous confie :<\/p>\n<p style=\"text-align: justify;\">\u00ab\u00a0C\u2019est notre huiti\u00e8me \u00e9dition, m\u00eame si on a d\u00fb annuler l\u2019an dernier \u00e0 cause de la m\u00e9t\u00e9o. Cette ann\u00e9e, on revient avec autant de passion et d\u2019animations !\u00a0\u00bb<\/p>\n<p style=\"text-align: justify;\">La journ\u00e9e se d\u00e9roulera de 10h \u00e0 18h, en continu, sans r\u00e9servation. Petits et grands pourront fl\u00e2ner entre les tentes et les ateliers pour d\u00e9couvrir mille et une facettes de la vie au XIIIe si\u00e8cle :<\/p>\n<ul style=\"text-align: justify;\">\n<li><strong>armement et chevaliers,<\/strong><\/li>\n<li><strong>machines de guerre,<\/strong><\/li>\n<li><strong>hygi\u00e8ne et cosm\u00e9tique au Moyen \u00c2ge,<\/strong><\/li>\n<li><strong>travail de la laine,<\/strong><\/li>\n<li><strong>histoire de la monnaie&#8230;<\/strong><\/li>\n<\/ul>\n<p style=\"text-align: justify;\">Tout cela dans une ambiance immersive, ludique et interactive.<\/p>\n<p style=\"text-align: justify;\">\u00a0<\/p>\n<p><strong>Un \u00e9v\u00e9nement pens\u00e9 pour toute la famille<\/strong><\/p>\n<p style=\"text-align: justify;\">\u00a0<\/p>\n<p style=\"text-align: justify;\">Pas de d\u00e9monstrations fig\u00e9es ou de discours ennuyeux ici ! L\u2019\u00e9quipe adapte ses explications \u00e0 tous les publics, des enfants aux adultes curieux.<\/p>\n<p style=\"text-align: justify;\">\u00ab\u00a0On \u00e9change, on r\u00e9pond aux questions, on fait participer. C\u2019est vivant, comme devait l\u2019\u00eatre la vie dans un camp m\u00e9di\u00e9val !\u00a0\u00bb, explique Patrick.<\/p>\n<p style=\"text-align: justify;\">Et surtout, <strong>tout est gratuit<\/strong>, gr\u00e2ce au soutien de la Ville de Montpellier.<\/p>\n<p style=\"text-align: justify;\">\u00a0<\/p>\n<p><strong>Place Faulquier, un lieu inhabituel mais pratique<\/strong><\/p>\n<p style=\"text-align: justify;\">\u00a0<\/p>\n<p style=\"text-align: justify;\">Si l\u2019Esplanade est en travaux, la place Faulquier, situ\u00e9e juste en dessous du quartier Antigone, accueillera l\u2019\u00e9v\u00e9nement cette ann\u00e9e. Un petit coin en forme de haricot, facile d\u2019acc\u00e8s, \u00e0 deux pas du tram, grosso modo<strong> entre la piscine olympique et l&rsquo;Hotel de Police.<\/strong><\/p>\n<p style=\"text-align: justify;\">\u00a0<\/p>\n<p><strong>Pourquoi le XIIIe si\u00e8cle ?<\/strong><\/p>\n<p style=\"text-align: justify;\">\u00a0<\/p>\n<p style=\"text-align: justify;\">Parce que c\u2019est une p\u00e9riode charni\u00e8re, riche en transformations : l\u2019architecture gothique \u00e9merge, l\u2019\u00e9conomie se d\u00e9veloppe, les savoirs circulent&#8230; Et contrairement aux si\u00e8cles suivants,<strong> il n\u2019y a pas encore de grandes famines, ni de guerre g\u00e9n\u00e9ralis\u00e9e, ni de peste noire !<\/strong><\/p>\n<p style=\"text-align: justify;\">\u00ab\u00a0C\u2019est un si\u00e8cle o\u00f9 les gens ont un peu de r\u00e9pit, o\u00f9 l\u2019on commence \u00e0 cr\u00e9er, b\u00e2tir, inventer\u00a0\u00bb, r\u00e9sume Patrick.<\/p>\n<p style=\"text-align: justify;\">\u00a0<\/p>\n<p><strong>Et apr\u00e8s ? Cap sur Valmagne !<\/strong><\/p>\n<p style=\"text-align: justify;\">\u00a0<\/p>\n<p style=\"text-align: justify;\">Si cette journ\u00e9e vous donne le go\u00fbt du Moyen \u00c2ge, ne manquez pas le prochain rendez-vous des Chevaliers, \u00e0 l\u2019occasion des Journ\u00e9es Europ\u00e9ennes du Patrimoine, les 20 et 21 septembre, <strong>\u00e0 l\u2019abbaye de Valmagne \u00e0 Villeveyrac.<\/strong><\/p>\n<p style=\"text-align: justify;\">Un d\u00e9cor exceptionnel pour une reconstitution encore plus riche. L\u2019entr\u00e9e y sera payante, mais les animations sont comprises dans le tarif.<\/p>\n<p style=\"text-align: justify;\">\u00a0<\/p>\n<p><strong>Infos pratiques\u00a0<\/strong><\/p>\n<ul>\n<li style=\"text-align: justify;\">Date : Samedi 6 septembre 2025<\/li>\n<li style=\"text-align: justify;\">Lieu : Place Faulquier (Montpellier, quartier Antigone)<\/li>\n<li style=\"text-align: justify;\">Horaires : de 10h \u00e0 18h<\/li>\n<li style=\"text-align: justify;\">Tarif : Gratuit<\/li>\n<\/ul>\n","protected":false},"excerpt":{"rendered":"Des reconstitutions historiques \u00e0 d\u00e9couvrir gratuitement \u00e0 quelques pas de la Piscine Olympique. Cr\u00e9dit : Les Chevaliers de&hellip;\n","protected":false},"author":2,"featured_media":364703,"comment_status":"","ping_status":"","sticky":false,"template":"","format":"standard","meta":{"footnotes":""},"categories":[9599],"tags":[49926,1111,11,49920,49916,49922,49919,49915,49913,1777,674,45487,49921,1011,27,19889,47275,2208,12,2680,49917,49927,25,49924,49923,49925,49918,49914],"class_list":{"0":"post-364702","1":"post","2":"type-post","3":"status-publish","4":"format-standard","5":"has-post-thumbnail","7":"category-montpellier","8":"tag-abbaye-de-valmagne","9":"tag-actu","10":"tag-actualites","11":"tag-ambiance-immersive","12":"tag-animations-medievales","13":"tag-architecture-gothique","14":"tag-ateliers-interactifs","15":"tag-chevaliers-de-lordre-des-4-vents","16":"tag-esplanade-medievale","17":"tag-eu","18":"tag-europe","19":"tag-evenement-gratuit","20":"tag-famille-et-enfants","21":"tag-fr","22":"tag-france","23":"tag-histoire-medievale","24":"tag-journees-europeennes-du-patrimoine","25":"tag-montpellier","26":"tag-news","27":"tag-occitanie","28":"tag-place-faulquier","29":"tag-reconstitution-historique","30":"tag-republique-francaise","31":"tag-soutien-ville-de-montpellier","32":"tag-transformations-economiques","33":"tag-tresors-du-moyen-age","34":"tag-vie-medievale","35":"tag-xiiie-siecle"},"share_on_mastodon":{"url":"","error":"Validation failed: Text character limit of 500 exceeded"},"_links":{"self":[{"href":"https:\/\/www.europesays.com\/fr\/wp-json\/wp\/v2\/posts\/364702","targetHints":{"allow":["GET"]}}],"collection":[{"href":"https:\/\/www.europesays.com\/fr\/wp-json\/wp\/v2\/posts"}],"about":[{"href":"https:\/\/www.europesays.com\/fr\/wp-json\/wp\/v2\/types\/post"}],"author":[{"embeddable":true,"href":"https:\/\/www.europesays.com\/fr\/wp-json\/wp\/v2\/users\/2"}],"replies":[{"embeddable":true,"href":"https:\/\/www.europesays.com\/fr\/wp-json\/wp\/v2\/comments?post=364702"}],"version-history":[{"count":0,"href":"https:\/\/www.europesays.com\/fr\/wp-json\/wp\/v2\/posts\/364702\/revisions"}],"wp:featuredmedia":[{"embeddable":true,"href":"https:\/\/www.europesays.com\/fr\/wp-json\/wp\/v2\/media\/364703"}],"wp:attachment":[{"href":"https:\/\/www.europesays.com\/fr\/wp-json\/wp\/v2\/media?parent=364702"}],"wp:term":[{"taxonomy":"category","embeddable":true,"href":"https:\/\/www.europesays.com\/fr\/wp-json\/wp\/v2\/categories?post=364702"},{"taxonomy":"post_tag","embeddable":true,"href":"https:\/\/www.europesays.com\/fr\/wp-json\/wp\/v2\/tags?post=364702"}],"curies":[{"name":"wp","href":"https:\/\/api.w.org\/{rel}","templated":true}]}}