{"id":364704,"date":"2025-09-04T02:56:12","date_gmt":"2025-09-04T02:56:12","guid":{"rendered":"https:\/\/www.europesays.com\/fr\/364704\/"},"modified":"2025-09-04T02:56:12","modified_gmt":"2025-09-04T02:56:12","slug":"un-homme-sage-femme-deja-condamne-a-nouveau-juge-pour-viols-de-patientes","status":"publish","type":"post","link":"https:\/\/www.europesays.com\/fr\/364704\/","title":{"rendered":"un homme sage-femme, d\u00e9j\u00e0 condamn\u00e9, \u00e0 nouveau jug\u00e9 pour viols de patientes"},"content":{"rendered":"<p>Pendant l\u2019enqu\u00eate, Lionel Charvin s\u2019est montr\u00e9 \u00abambivalent dans ses d\u00e9clarations, se cachant parfois derri\u00e8re la pratique professionnelle\u00bb, et a aussi \u00abcontest\u00e9 avoir eu l\u2019intention de violer\u00bb.<\/p>\n<p class=\"fig-paragraph\">Un ma\u00efeuticien, d\u00e9j\u00e0\u00a0<a href=\"http:\/\/www.lefigaro.fr\/flash-actu\/un-homme-sage-femme-condamne-a-12-ans-de-reclusion-pour-des-viols-de-patientes-20210227\" target=\"_blank\" data-fig-type=\"NewsFlash\" rel=\"noopener nofollow\" data-gtm-custom-categorie=\"navigation\" data-gtm-custom-action=\"crossclick\" data-gtm-custom-label=\"Contextuel\" data-gtm-event=\"customEventSPE\" data-fig-domain=\"LEFIGARO\">condamn\u00e9 \u00e0 12 ans de prison pour 11 viols sur des patientes<\/a>, compara\u00eet \u00e0 nouveau \u00e0 partir de jeudi devant la cour criminelle de l&rsquo;H\u00e9rault pour des faits semblables commis sur six autres femmes.<\/p>\n<p class=\"fig-paragraph\">Lionel Charvin, 54 ans, a \u00e9t\u00e9 reconnu coupable en mars 2021, par la m\u00eame juridiction compos\u00e9e de cinq magistrats professionnels, de \u00abviols commis par une personne abusant de l&rsquo;autorit\u00e9 que lui conf\u00e8re sa fonction\u00bb. Il lui avait \u00e9t\u00e9 en particulier reproch\u00e9 d&rsquo;avoir agress\u00e9 ses patientes notamment avec des \u00abmassages\u00bb du clitoris, du p\u00e9rin\u00e9e et des seins ou des p\u00e9n\u00e9trations digitales du vagin, sous couvert de gestes m\u00e9dicaux pendant la pr\u00e9paration \u00e0 l&rsquo;accouchement ou le suivi post-natal.<\/p>\n<p>                                    <a class=\"fig-a11y-skip a11y-hidden\" href=\"#fig-a11y-skip-main-inarticle\"><br \/>\n        Passer la publicit\u00e9<br \/>\n    <\/a><\/p>\n<p>\u00abIl n\u2019y avait plus rien de m\u00e9dical\u00bb<\/p>\n<p class=\"fig-paragraph\">La m\u00e9diatisation de ce proc\u00e8s avait conduit une dizaine d&rsquo;autres femmes \u00e0 se manifester pour d\u00e9noncer des faits de m\u00eame nature commis entre 2010 et 2016 \u00e0 Montpellier. L&rsquo;une d&rsquo;elles a ainsi expliqu\u00e9 que le ma\u00efeuticien \u00abavait introduit ses doigts dans son vagin et effectu\u00e9 plusieurs va-et-vient de plus en plus fr\u00e9n\u00e9tiques dans le but de lui provoquer un orgasme\u00bb alors qu&rsquo;elle \u00e9tait enceinte de six mois. \u00abIl n&rsquo;y avait plus rien de m\u00e9dical\u00a0: il me masturbait\u00bb, a affirm\u00e9 une autre.<\/p>\n<p class=\"fig-paragraph\">Certains des faits d\u00e9nonc\u00e9s \u00e9tant prescrits, et d&rsquo;autres pas suffisamment \u00e9tay\u00e9s, Lionel Charvin a finalement \u00e9t\u00e9 renvoy\u00e9 une seconde fois devant la cour criminelle pour les viols de six patientes, dont cinq se sont port\u00e9es parties civiles. Lionel Charvin encourt 20 ans de r\u00e9clusion. Le verdict est attendu vendredi.<\/p>\n<p>\u00abT\u00e9tanis\u00e9es\u00bb ou \u00abparalys\u00e9es\u00bb<\/p>\n<p class=\"fig-paragraph\">Les nouvelles plaignantes, comme celles ayant t\u00e9moign\u00e9 \u00e0 l&rsquo;audience en 2021, ont expliqu\u00e9 aux enqu\u00eateurs avoir \u00e9t\u00e9 \u00abt\u00e9tanis\u00e9es\u00bb ou \u00abparalys\u00e9es\u00bb et n&rsquo;avoir rien os\u00e9 dire dans un premier temps. Depuis lors, elles souffrent pour la plupart de troubles post-traumatiques, selon les expertises r\u00e9alis\u00e9es pendant l&rsquo;instruction.<\/p>\n<p class=\"fig-paragraph\">Lionel Charvin s&rsquo;est quant \u00e0 lui \u00e0 nouveau montr\u00e9 pendant l&rsquo;enqu\u00eate \u00abambivalent dans ses d\u00e9clarations, se cachant parfois derri\u00e8re la pratique professionnelle\u00bb, et a aussi \u00abcontest\u00e9 avoir eu l&rsquo;intention de violer\u00bb.<\/p>\n<p class=\"fig-paragraph\">Le ma\u00efeuticien, p\u00e8re de trois enfants, pratiquait l&rsquo;activit\u00e9 professionnelle de sage-femme, doubl\u00e9e d&rsquo;une sp\u00e9cialit\u00e9 en haptonomie (une pratique bas\u00e9e sur le renforcement des liens affectifs entre les individus par le biais du toucher) en lib\u00e9ral et en tant que salari\u00e9 au sein d&rsquo;une clinique de Montpellier jusqu&rsquo;en 2016.<\/p>\n","protected":false},"excerpt":{"rendered":"Pendant l\u2019enqu\u00eate, Lionel Charvin s\u2019est montr\u00e9 \u00abambivalent dans ses d\u00e9clarations, se cachant parfois derri\u00e8re la pratique professionnelle\u00bb, et&hellip;\n","protected":false},"author":2,"featured_media":364705,"comment_status":"","ping_status":"","sticky":false,"template":"","format":"standard","meta":{"footnotes":""},"categories":[9599],"tags":[1111,11,1777,674,1011,27,2208,12,2680,2694,25,1265],"class_list":{"0":"post-364704","1":"post","2":"type-post","3":"status-publish","4":"format-standard","5":"has-post-thumbnail","7":"category-montpellier","8":"tag-actu","9":"tag-actualites","10":"tag-eu","11":"tag-europe","12":"tag-fr","13":"tag-france","14":"tag-montpellier","15":"tag-news","16":"tag-occitanie","17":"tag-proces","18":"tag-republique-francaise","19":"tag-viol"},"share_on_mastodon":{"url":"https:\/\/pubeurope.com\/@fr\/115143782197707975","error":""},"_links":{"self":[{"href":"https:\/\/www.europesays.com\/fr\/wp-json\/wp\/v2\/posts\/364704","targetHints":{"allow":["GET"]}}],"collection":[{"href":"https:\/\/www.europesays.com\/fr\/wp-json\/wp\/v2\/posts"}],"about":[{"href":"https:\/\/www.europesays.com\/fr\/wp-json\/wp\/v2\/types\/post"}],"author":[{"embeddable":true,"href":"https:\/\/www.europesays.com\/fr\/wp-json\/wp\/v2\/users\/2"}],"replies":[{"embeddable":true,"href":"https:\/\/www.europesays.com\/fr\/wp-json\/wp\/v2\/comments?post=364704"}],"version-history":[{"count":0,"href":"https:\/\/www.europesays.com\/fr\/wp-json\/wp\/v2\/posts\/364704\/revisions"}],"wp:featuredmedia":[{"embeddable":true,"href":"https:\/\/www.europesays.com\/fr\/wp-json\/wp\/v2\/media\/364705"}],"wp:attachment":[{"href":"https:\/\/www.europesays.com\/fr\/wp-json\/wp\/v2\/media?parent=364704"}],"wp:term":[{"taxonomy":"category","embeddable":true,"href":"https:\/\/www.europesays.com\/fr\/wp-json\/wp\/v2\/categories?post=364704"},{"taxonomy":"post_tag","embeddable":true,"href":"https:\/\/www.europesays.com\/fr\/wp-json\/wp\/v2\/tags?post=364704"}],"curies":[{"name":"wp","href":"https:\/\/api.w.org\/{rel}","templated":true}]}}