{"id":364708,"date":"2025-09-04T03:03:15","date_gmt":"2025-09-04T03:03:15","guid":{"rendered":"https:\/\/www.europesays.com\/fr\/364708\/"},"modified":"2025-09-04T03:03:15","modified_gmt":"2025-09-04T03:03:15","slug":"a-rennes-samedi-soiree-festive-dans-le-quartier-sainte-therese-avec-quatre-groupes-sur-scene","status":"publish","type":"post","link":"https:\/\/www.europesays.com\/fr\/364708\/","title":{"rendered":"\u00c0 Rennes, samedi, soir\u00e9e festive dans le quartier Sainte-Th\u00e9r\u00e8se avec quatre groupes sur sc\u00e8ne"},"content":{"rendered":"<p>L\u2019association La Maison qui danse et le collectif d\u2019habitants du quartier Sainte-Th\u00e9r\u00e8se organisent depuis cinq ans la f\u00eate de la musique sur la place du march\u00e9, qui comprend \u00e0 la fois la place Sainte-Th\u00e9r\u00e8se et la place du Souvenir. <strong>\u00ab\u00a0Le public est au rendez-vous, avec plus de 500\u00a0personnes lors de la pr\u00e9c\u00e9dente \u00e9dition,<\/strong> indiquent les organisateurs. <strong>Devant cette r\u00e9ussite, nous avons d\u00e9cid\u00e9 de proposer une nouvelle date festive et musicale.\u00a0\u00bb<\/strong><\/p>\n<p>Quatre groupes \u00e0 l\u2019affiche<\/p>\n<p>Elle est programm\u00e9e samedi 6\u00a0septembre 2025, \u00e0 partir de 18\u00a0h, avec quatre groupes de la sc\u00e8ne rennaise (Like a Plate, The Soap Opera, Concombre et Ozferti). Le temps d\u2019une soir\u00e9e, la place va ainsi se transformer en espace sc\u00e9nique avec buvette et restauration.<\/p>\n<p>Pour le collectif d\u2019habitants, ces initiatives sont l\u2019occasion de faire revivre la place du Souvenir. <strong>\u00ab\u00a0Il y a peu, le lieu peinait \u00e0 exister, mais les choses ont chang\u00e9 avec des commerces qui sont arriv\u00e9s et se sont renouvel\u00e9s. D\u2019autres vont s\u2019installer. En plus du march\u00e9 du mercredi, la place devient un endroit accueillant les autres jours de la semaine.\u00a0\u00bb<\/strong><\/p>\n<p><strong>Samedi 6\u00a0septembre,<\/strong> \u00e0 partir de 18\u00a0h, soir\u00e9e festive place du Souvenir, quartier Sainte-Th\u00e9r\u00e8se, \u00e0 Rennes. Entr\u00e9e gratuite.<\/p>\n<p>\u00a0<\/p>\n","protected":false},"excerpt":{"rendered":"L\u2019association La Maison qui danse et le collectif d\u2019habitants du quartier Sainte-Th\u00e9r\u00e8se organisent depuis cinq ans la f\u00eate&hellip;\n","protected":false},"author":2,"featured_media":364709,"comment_status":"","ping_status":"","sticky":false,"template":"","format":"standard","meta":{"footnotes":""},"categories":[2821],"tags":[1111,11,829,1777,674,26544,1011,27,23198,12,5775,584,25,49928,3982,7347,953],"class_list":{"0":"post-364708","1":"post","2":"type-post","3":"status-publish","4":"format-standard","5":"has-post-thumbnail","7":"category-rennes","8":"tag-actu","9":"tag-actualites","10":"tag-bretagne","11":"tag-eu","12":"tag-europe","13":"tag-festive","14":"tag-fr","15":"tag-france","16":"tag-groupes","17":"tag-news","18":"tag-quartier","19":"tag-rennes","20":"tag-republique-francaise","21":"tag-sainte-therese","22":"tag-samedi","23":"tag-scene","24":"tag-soiree"},"share_on_mastodon":{"url":"https:\/\/pubeurope.com\/@fr\/115143809791292489","error":""},"_links":{"self":[{"href":"https:\/\/www.europesays.com\/fr\/wp-json\/wp\/v2\/posts\/364708","targetHints":{"allow":["GET"]}}],"collection":[{"href":"https:\/\/www.europesays.com\/fr\/wp-json\/wp\/v2\/posts"}],"about":[{"href":"https:\/\/www.europesays.com\/fr\/wp-json\/wp\/v2\/types\/post"}],"author":[{"embeddable":true,"href":"https:\/\/www.europesays.com\/fr\/wp-json\/wp\/v2\/users\/2"}],"replies":[{"embeddable":true,"href":"https:\/\/www.europesays.com\/fr\/wp-json\/wp\/v2\/comments?post=364708"}],"version-history":[{"count":0,"href":"https:\/\/www.europesays.com\/fr\/wp-json\/wp\/v2\/posts\/364708\/revisions"}],"wp:featuredmedia":[{"embeddable":true,"href":"https:\/\/www.europesays.com\/fr\/wp-json\/wp\/v2\/media\/364709"}],"wp:attachment":[{"href":"https:\/\/www.europesays.com\/fr\/wp-json\/wp\/v2\/media?parent=364708"}],"wp:term":[{"taxonomy":"category","embeddable":true,"href":"https:\/\/www.europesays.com\/fr\/wp-json\/wp\/v2\/categories?post=364708"},{"taxonomy":"post_tag","embeddable":true,"href":"https:\/\/www.europesays.com\/fr\/wp-json\/wp\/v2\/tags?post=364708"}],"curies":[{"name":"wp","href":"https:\/\/api.w.org\/{rel}","templated":true}]}}