{"id":364712,"date":"2025-09-04T03:05:18","date_gmt":"2025-09-04T03:05:18","guid":{"rendered":"https:\/\/www.europesays.com\/fr\/364712\/"},"modified":"2025-09-04T03:05:18","modified_gmt":"2025-09-04T03:05:18","slug":"la-6e-journee-de-ligue-1-a-strasbourg-est-programmee","status":"publish","type":"post","link":"https:\/\/www.europesays.com\/fr\/364712\/","title":{"rendered":"la 6e journ\u00e9e de Ligue 1 \u00e0 Strasbourg est programm\u00e9e"},"content":{"rendered":"<p>Apr\u00e8s avoir plac\u00e9 OM-Lorient le vendredi 12 septembre, et sans surprise confirm\u00e9 que le Clasico entre l&rsquo;OM et le PSG aurait lieu le dimanche 21 en cl\u00f4ture de la 5e journ\u00e9e, c&rsquo;est d\u00e9sormais la 6e journ\u00e9e de championnat qui vient d&rsquo;\u00eatre fix\u00e9e. L&rsquo;OM, en d\u00e9placement \u00e0 Strasbourg, disputera son match le vendredi 26 septembre (20h45), une rencontre qui sera diffus\u00e9e sur Ligue 1+.<\/p>\n<p>Ce n&rsquo;est pas une \u00e9norme surprise, \u00e9tant donn\u00e9 qu&rsquo;apr\u00e8s une semaine de break, la Ligue des champions reprendra de plus belle dans la foul\u00e9e et que l&rsquo;OM attend l&rsquo;Ajax Amsterdam au V\u00e9lodrome d\u00e8s le mardi 30 septembre. Le week-end suivant, les hommes de Roberto De Zerbi se d\u00e9placeront de nouveau en Ligue 1, cette fois \u00e0 Metz, et sans match de C1 la semaine qui suit. L&rsquo;affiche du dimanche soir semble promise \u00e0 Lille-PSG, mais pour le reste, les sp\u00e9culations sont ouvertes&#8230; et devraient rapidement trouver une r\u00e9ponse.<\/p>\n","protected":false},"excerpt":{"rendered":"Apr\u00e8s avoir plac\u00e9 OM-Lorient le vendredi 12 septembre, et sans surprise confirm\u00e9 que le Clasico entre l&rsquo;OM et&hellip;\n","protected":false},"author":2,"featured_media":364713,"comment_status":"","ping_status":"","sticky":false,"template":"","format":"standard","meta":{"footnotes":""},"categories":[2820],"tags":[17,1111,11,932,1777,674,1011,27,775,3465,3022,12,149,49929,25,640],"class_list":{"0":"post-364712","1":"post","2":"type-post","3":"status-publish","4":"format-standard","5":"has-post-thumbnail","7":"category-strasbourg","8":"tag-17","9":"tag-actu","10":"tag-actualites","11":"tag-est","12":"tag-eu","13":"tag-europe","14":"tag-fr","15":"tag-france","16":"tag-grand-est","17":"tag-journee","18":"tag-ligue","19":"tag-news","20":"tag-om","21":"tag-programmee","22":"tag-republique-francaise","23":"tag-strasbourg"},"share_on_mastodon":{"url":"https:\/\/pubeurope.com\/@fr\/115143817539881821","error":""},"_links":{"self":[{"href":"https:\/\/www.europesays.com\/fr\/wp-json\/wp\/v2\/posts\/364712","targetHints":{"allow":["GET"]}}],"collection":[{"href":"https:\/\/www.europesays.com\/fr\/wp-json\/wp\/v2\/posts"}],"about":[{"href":"https:\/\/www.europesays.com\/fr\/wp-json\/wp\/v2\/types\/post"}],"author":[{"embeddable":true,"href":"https:\/\/www.europesays.com\/fr\/wp-json\/wp\/v2\/users\/2"}],"replies":[{"embeddable":true,"href":"https:\/\/www.europesays.com\/fr\/wp-json\/wp\/v2\/comments?post=364712"}],"version-history":[{"count":0,"href":"https:\/\/www.europesays.com\/fr\/wp-json\/wp\/v2\/posts\/364712\/revisions"}],"wp:featuredmedia":[{"embeddable":true,"href":"https:\/\/www.europesays.com\/fr\/wp-json\/wp\/v2\/media\/364713"}],"wp:attachment":[{"href":"https:\/\/www.europesays.com\/fr\/wp-json\/wp\/v2\/media?parent=364712"}],"wp:term":[{"taxonomy":"category","embeddable":true,"href":"https:\/\/www.europesays.com\/fr\/wp-json\/wp\/v2\/categories?post=364712"},{"taxonomy":"post_tag","embeddable":true,"href":"https:\/\/www.europesays.com\/fr\/wp-json\/wp\/v2\/tags?post=364712"}],"curies":[{"name":"wp","href":"https:\/\/api.w.org\/{rel}","templated":true}]}}