{"id":364714,"date":"2025-09-04T03:06:18","date_gmt":"2025-09-04T03:06:18","guid":{"rendered":"https:\/\/www.europesays.com\/fr\/364714\/"},"modified":"2025-09-04T03:06:18","modified_gmt":"2025-09-04T03:06:18","slug":"cest-la-journee-des-pieds-noirs-et-des-harkis-3-bonnes-raisons-daller-au-soleil-des-deux-rives-dimanche-a-nice","status":"publish","type":"post","link":"https:\/\/www.europesays.com\/fr\/364714\/","title":{"rendered":"C\u2019est la journ\u00e9e des pieds-noirs et des harkis: 3 bonnes raisons d\u2019aller Au Soleil des Deux Rives dimanche \u00e0 Nice"},"content":{"rendered":"<p>Po po po&#8230; Une expression en pataou\u00e8te, ch\u00e8re aux pieds-noirs. Exprimant l\u2019\u00e9tonnement, la surprise. Et qui va probablement r\u00e9sonner dimanche toute la journ\u00e9e dans les jardins des ar\u00e8nes de Cimiez, th\u00e9\u00e2tre de la traditionnelle manifestation Au Soleil des Deux Rives. Un hommage aux traditions m\u00e9diterran\u00e9ennes organis\u00e9 par la Ville via l\u2019adjointe au maire Agn\u00e8s Rampal, d\u00e9l\u00e9gu\u00e9e notamment aux Relations avec les rapatri\u00e9s, avec de nombreuses associations concern\u00e9es (1). Un rendez-vous d\u00e9di\u00e9 \u00e0 la m\u00e9moire et \u00e0 la culture des pieds-noirs et des harkis sur fond de partage culturel, festif, gourmand, musical. \u00c9videmment, tout le monde, d\u2019o\u00f9 qu\u2019il vienne, peut prendre part \u00e0 cet h\u00e9ritage mutuel encore vivace dans les c\u0153urs. Voici trois bonnes raisons de participer \u00e0 cette manifestation pleine d\u2019\u00e9motion et d\u2019entrain (2).<\/p>\n<p>Une k\u00e9mia de sensations<\/p>\n<p>La journ\u00e9e sera bigarr\u00e9e, riche en ressentis vari\u00e9s avec notamment une messe c\u00e9l\u00e9br\u00e9e \u00e0 10h30 dans l\u2019\u00e9glise du monast\u00e8re de Cimiez, un concert spirituel du Nice Gospel Group, \u00e0 10h45, des animations non-stop (danses orientales, d\u00e9ambulations de chanteurs, espaces de restauration th\u00e9matiques), de 12h \u00e0 17h30. Point d\u2019orgue, \u00e0 18 heures: le concert gratuit de Dany Brillant venu interpr\u00e9ter ses tubes et les chansons de son nouvel album.<\/p>\n<p>Transmission \u00e0 la page<\/p>\n<p>Lors de cette journ\u00e9e destin\u00e9e \u00e0 ne pas oublier le pass\u00e9 tout en vivant le pr\u00e9sent et en pensant au futur, l\u2019association Anerana, que pr\u00e9side Pierre Marseille, prendra en charge l\u2019organisation de la Biblioth\u00e8que des \u00e9crivains, d\u00e9di\u00e9e au souvenir de G\u00e9rald L\u00e9ger, responsable associatif disparu r\u00e9cemment. Cette biblioth\u00e8que aura pour th\u00e8me \u00ab\u00a0La transmission de la culture et de la m\u00e9moire de l\u2019autre rive\u00a0\u00bb. Dans ce cadre enrichi de belles lignes, les auteurs et les personnes souhaitant pr\u00e9senter ou d\u00e9dicacer des ouvrages sur ce th\u00e8me, peuvent contacter le 06.63.76.14.43.<\/p>\n<p>Tintin en pataou\u00e8te<\/p>\n<p>Un album collector de Tintin, en tirage limit\u00e9 (Les bijoux de la Castafiore d\u2019Herg\u00e9, aux \u00e9ditions Casterman), traduit en pataou\u00e8te, sera en vente dimanche sous les oliviers de Cimiez.<\/p>\n<p>Le pataou\u00e8te, \u00e7a vous parle? Pour ceux qui l\u2019ignorent, il s\u2019agit du parler des Europ\u00e9ens d\u2019Afrique du Nord et principalement d\u2019Alg\u00e9rie. Un fran\u00e7ais imag\u00e9, mixant d\u2019autres langues comme l\u2019espagnol, l\u2019italien, le maltais et aussi les langues arabo-berb\u00e8res et jud\u00e9o-arabes. Une sorte d\u2019esp\u00e9ranto m\u00e9diterran\u00e9o-oriental. Un langage qui a infiltr\u00e9 d\u2019autres codes linguistiques. Juste un exemple qui en dit long: la tchatche, eh bien, c\u2019est du pataou\u00e8te! Donc, le reporter belge va se \u00ab\u00a0piednoirdiser\u00a0\u00bb dans la version Les Zemrods \u00e0 la Castafiore. Un album qui a fait l\u2019objet d\u2019une convention entre les \u00c9ditions Casterman et le Centre de documentation historique sur l\u2019Alg\u00e9rie, qui en a l\u2019exclusivit\u00e9.<\/p>\n<p>1. Union des Pieds-noirs et Harkis, Cercle des comp\u00e9tences\/CERCOM, Amiti\u00e9s oraniennes, M\u00e9moire Unit\u00e9 Dignit\u00e9 des rapatri\u00e9s d\u2019Alg\u00e9rie, Cercle alg\u00e9rianiste, Collectif sauvegarde des cimeti\u00e8res d\u2019Oranie CSCO, G\u00e9n\u00e9alogie Alg\u00e9rie-Maroc-Tunisie, Association nationale des enfants de rapatri\u00e9s d\u2019Afrique du Nord et leurs amis, Centre de documentation historique sur l\u2019Alg\u00e9rie, AFN Collections.<\/p>\n<p>2. Au Soleil des Deux Rives, dimanche de 10h \u00e0 20h dans les jardins des ar\u00e8nes de Cimiez. Entr\u00e9e libre.<\/p>\n","protected":false},"excerpt":{"rendered":"Po po po&#8230; Une expression en pataou\u00e8te, ch\u00e8re aux pieds-noirs. Exprimant l\u2019\u00e9tonnement, la surprise. Et qui va probablement&hellip;\n","protected":false},"author":2,"featured_media":364715,"comment_status":"","ping_status":"","sticky":false,"template":"","format":"standard","meta":{"footnotes":""},"categories":[2819],"tags":[1111,11,1777,674,1011,27,937,12,2401,882,25],"class_list":{"0":"post-364714","1":"post","2":"type-post","3":"status-publish","4":"format-standard","5":"has-post-thumbnail","7":"category-nice","8":"tag-actu","9":"tag-actualites","10":"tag-eu","11":"tag-europe","12":"tag-fr","13":"tag-france","14":"tag-histoire","15":"tag-news","16":"tag-nice","17":"tag-provence-alpes-cote-dazur","18":"tag-republique-francaise"},"share_on_mastodon":{"url":"https:\/\/pubeurope.com\/@fr\/115143821474075793","error":""},"_links":{"self":[{"href":"https:\/\/www.europesays.com\/fr\/wp-json\/wp\/v2\/posts\/364714","targetHints":{"allow":["GET"]}}],"collection":[{"href":"https:\/\/www.europesays.com\/fr\/wp-json\/wp\/v2\/posts"}],"about":[{"href":"https:\/\/www.europesays.com\/fr\/wp-json\/wp\/v2\/types\/post"}],"author":[{"embeddable":true,"href":"https:\/\/www.europesays.com\/fr\/wp-json\/wp\/v2\/users\/2"}],"replies":[{"embeddable":true,"href":"https:\/\/www.europesays.com\/fr\/wp-json\/wp\/v2\/comments?post=364714"}],"version-history":[{"count":0,"href":"https:\/\/www.europesays.com\/fr\/wp-json\/wp\/v2\/posts\/364714\/revisions"}],"wp:featuredmedia":[{"embeddable":true,"href":"https:\/\/www.europesays.com\/fr\/wp-json\/wp\/v2\/media\/364715"}],"wp:attachment":[{"href":"https:\/\/www.europesays.com\/fr\/wp-json\/wp\/v2\/media?parent=364714"}],"wp:term":[{"taxonomy":"category","embeddable":true,"href":"https:\/\/www.europesays.com\/fr\/wp-json\/wp\/v2\/categories?post=364714"},{"taxonomy":"post_tag","embeddable":true,"href":"https:\/\/www.europesays.com\/fr\/wp-json\/wp\/v2\/tags?post=364714"}],"curies":[{"name":"wp","href":"https:\/\/api.w.org\/{rel}","templated":true}]}}