{"id":364716,"date":"2025-09-04T03:07:11","date_gmt":"2025-09-04T03:07:11","guid":{"rendered":"https:\/\/www.europesays.com\/fr\/364716\/"},"modified":"2025-09-04T03:07:11","modified_gmt":"2025-09-04T03:07:11","slug":"nice-rentree-scolaire-le-personnel-municipal-mobilise-en-faveur-des-enfants","status":"publish","type":"post","link":"https:\/\/www.europesays.com\/fr\/364716\/","title":{"rendered":"NICE : Rentr\u00e9e scolaire, le personnel municipal mobilis\u00e9 en faveur des enfants"},"content":{"rendered":"<p style=\"text-align: left;\"><strong>Christian Estrosi,\u00a0Maire de Nice, Pr\u00e9sident de la M\u00e9tropole Nice C\u00f4te d\u2019Azur,\u00a0est all\u00e9 \u00e0 la rencontre des \u00e9l\u00e8ves et des personnels municipaux et de l\u2019Education Nationale de l\u2019\u00e9cole\u00a0primaire Rancher pour leur souhaiter une bonne rentr\u00e9e. Il s\u2019est ensuite rendu \u00e0 l\u2019\u00e9cole priv\u00e9e sous contrat Regina Coeli.<\/strong><\/p>\n<p style=\"text-align: left;\">En amont de ces visites, le Maire a tenu un point presse au CSU, dans la salle d\u00e9di\u00e9e \u00e0 la surveillance des \u00e9coles. Il a annonc\u00e9 la pr\u00e9sentation et le lancement dans les prochains jours d\u2019une application, WARY ME, visant \u00e0 renforcer la transmission d\u2019informations au sein des \u00e9coles. Celle-ci vient juste d\u2019\u00eatre valid\u00e9e par la CNIL.<\/p>\n<p style=\"text-align: left;\">Travaux, verdissement des cours, culture, sant\u00e9, sport, inclusion\u2026 dans tous les domaines, la Ville agit pour que les \u00e9l\u00e8ves et les personnels municipaux et de l\u2019Education Nationale travaillent et s\u2019\u00e9panouissent dans les meilleures conditions dans les \u00e9coles de Nice.<\/p>\n<p style=\"text-align: left;\"><strong>Le personnel municipal mobilis\u00e9 en faveur des enfants<\/strong><\/p>\n<p style=\"text-align: left;\">540 ATSEM (Agent Territorial Sp\u00e9cialis\u00e9 des \u00c9coles Maternelles), 540 ATT (Adjoint Technique Territorial), 75 personnels administratifs de la direction de l\u2019Education et 55 agents des ateliers scolaires, 650 agents de la direction de la restauration scolaire au sein des \u00e9coles (\u00e9conomes, agents de restauration et pr\u00e9parateurs cuisine), 51 Agents de Surveillance de la Voie Publique (ASVP) pour assurer la s\u00e9curit\u00e9 des \u00e9tablissements scolaires, \u00e0 la demande \u00e0 l\u2019unanimit\u00e9 des conseils d\u2019\u00e9cole.<\/p>\n<p style=\"text-align: left;\">228 papys et mamies trafic pour assurer la s\u00e9curit\u00e9 des d\u00e9placements des \u00e9l\u00e8ves aux heures d\u2019entr\u00e9e et de sortie des \u00e9tablissements<\/p>\n<p style=\"text-align: left;\"><strong>SOURCE : Rentr\u00e9e scolaire dans les \u00e9coles de la Ville de Nice. <\/strong><\/p>\n","protected":false},"excerpt":{"rendered":"Christian Estrosi,\u00a0Maire de Nice, Pr\u00e9sident de la M\u00e9tropole Nice C\u00f4te d\u2019Azur,\u00a0est all\u00e9 \u00e0 la rencontre des \u00e9l\u00e8ves et&hellip;\n","protected":false},"author":2,"featured_media":362189,"comment_status":"","ping_status":"","sticky":false,"template":"","format":"standard","meta":{"footnotes":""},"categories":[2819],"tags":[1111,11,1777,674,1011,27,12,2401,882,25],"class_list":{"0":"post-364716","1":"post","2":"type-post","3":"status-publish","4":"format-standard","5":"has-post-thumbnail","7":"category-nice","8":"tag-actu","9":"tag-actualites","10":"tag-eu","11":"tag-europe","12":"tag-fr","13":"tag-france","14":"tag-news","15":"tag-nice","16":"tag-provence-alpes-cote-dazur","17":"tag-republique-francaise"},"share_on_mastodon":{"url":"https:\/\/pubeurope.com\/@fr\/115143825428875152","error":""},"_links":{"self":[{"href":"https:\/\/www.europesays.com\/fr\/wp-json\/wp\/v2\/posts\/364716","targetHints":{"allow":["GET"]}}],"collection":[{"href":"https:\/\/www.europesays.com\/fr\/wp-json\/wp\/v2\/posts"}],"about":[{"href":"https:\/\/www.europesays.com\/fr\/wp-json\/wp\/v2\/types\/post"}],"author":[{"embeddable":true,"href":"https:\/\/www.europesays.com\/fr\/wp-json\/wp\/v2\/users\/2"}],"replies":[{"embeddable":true,"href":"https:\/\/www.europesays.com\/fr\/wp-json\/wp\/v2\/comments?post=364716"}],"version-history":[{"count":0,"href":"https:\/\/www.europesays.com\/fr\/wp-json\/wp\/v2\/posts\/364716\/revisions"}],"wp:featuredmedia":[{"embeddable":true,"href":"https:\/\/www.europesays.com\/fr\/wp-json\/wp\/v2\/media\/362189"}],"wp:attachment":[{"href":"https:\/\/www.europesays.com\/fr\/wp-json\/wp\/v2\/media?parent=364716"}],"wp:term":[{"taxonomy":"category","embeddable":true,"href":"https:\/\/www.europesays.com\/fr\/wp-json\/wp\/v2\/categories?post=364716"},{"taxonomy":"post_tag","embeddable":true,"href":"https:\/\/www.europesays.com\/fr\/wp-json\/wp\/v2\/tags?post=364716"}],"curies":[{"name":"wp","href":"https:\/\/api.w.org\/{rel}","templated":true}]}}