{"id":364717,"date":"2025-09-04T03:08:16","date_gmt":"2025-09-04T03:08:16","guid":{"rendered":"https:\/\/www.europesays.com\/fr\/364717\/"},"modified":"2025-09-04T03:08:16","modified_gmt":"2025-09-04T03:08:16","slug":"que-fait-la-ville-pour-le-patrimoine-de-nantes","status":"publish","type":"post","link":"https:\/\/www.europesays.com\/fr\/364717\/","title":{"rendered":"Que fait la Ville pour le patrimoine de Nantes\u00a0?"},"content":{"rendered":"<p>En 2008, la Ville de Nantes cr\u00e9e sa direction du patrimoine et de l\u2019arch\u00e9ologie, qui s\u2019appuie notamment sur une \u00e9quipe d\u2019arch\u00e9ologues. Sa mission ? Explorer, pr\u00e9server et transmettre. Sur le terrain, <a href=\"https:\/\/metropole.nantes.fr\/dans-les-coulisses-des-services-publics\/podcast-les-archeologues-font-parler-la-terre-nantaise\" rel=\"nofollow noopener\" target=\"_blank\">les\u00a0arch\u00e9ologues<\/a> m\u00e8nent des recherches pour \u00e9tudier et conserver les vestiges, r\u00e9alisent fouilles et diagnostics sur les\u00a0chantiers urbains, et enrichissent notre connaissance de l\u2019histoire locale. Un service essentiel pour \u00e9clairer le pass\u00e9 du territoire.<\/p>\n","protected":false},"excerpt":{"rendered":"En 2008, la Ville de Nantes cr\u00e9e sa direction du patrimoine et de l\u2019arch\u00e9ologie, qui s\u2019appuie notamment sur&hellip;\n","protected":false},"author":2,"featured_media":364718,"comment_status":"","ping_status":"","sticky":false,"template":"","format":"standard","meta":{"footnotes":""},"categories":[2818],"tags":[1111,11,1777,674,1011,27,766,12,2636,25],"class_list":{"0":"post-364717","1":"post","2":"type-post","3":"status-publish","4":"format-standard","5":"has-post-thumbnail","7":"category-nantes","8":"tag-actu","9":"tag-actualites","10":"tag-eu","11":"tag-europe","12":"tag-fr","13":"tag-france","14":"tag-nantes","15":"tag-news","16":"tag-pays-de-la-loire","17":"tag-republique-francaise"},"share_on_mastodon":{"url":"https:\/\/pubeurope.com\/@fr\/115143829295454552","error":""},"_links":{"self":[{"href":"https:\/\/www.europesays.com\/fr\/wp-json\/wp\/v2\/posts\/364717","targetHints":{"allow":["GET"]}}],"collection":[{"href":"https:\/\/www.europesays.com\/fr\/wp-json\/wp\/v2\/posts"}],"about":[{"href":"https:\/\/www.europesays.com\/fr\/wp-json\/wp\/v2\/types\/post"}],"author":[{"embeddable":true,"href":"https:\/\/www.europesays.com\/fr\/wp-json\/wp\/v2\/users\/2"}],"replies":[{"embeddable":true,"href":"https:\/\/www.europesays.com\/fr\/wp-json\/wp\/v2\/comments?post=364717"}],"version-history":[{"count":0,"href":"https:\/\/www.europesays.com\/fr\/wp-json\/wp\/v2\/posts\/364717\/revisions"}],"wp:featuredmedia":[{"embeddable":true,"href":"https:\/\/www.europesays.com\/fr\/wp-json\/wp\/v2\/media\/364718"}],"wp:attachment":[{"href":"https:\/\/www.europesays.com\/fr\/wp-json\/wp\/v2\/media?parent=364717"}],"wp:term":[{"taxonomy":"category","embeddable":true,"href":"https:\/\/www.europesays.com\/fr\/wp-json\/wp\/v2\/categories?post=364717"},{"taxonomy":"post_tag","embeddable":true,"href":"https:\/\/www.europesays.com\/fr\/wp-json\/wp\/v2\/tags?post=364717"}],"curies":[{"name":"wp","href":"https:\/\/api.w.org\/{rel}","templated":true}]}}