{"id":364719,"date":"2025-09-04T03:09:20","date_gmt":"2025-09-04T03:09:20","guid":{"rendered":"https:\/\/www.europesays.com\/fr\/364719\/"},"modified":"2025-09-04T03:09:20","modified_gmt":"2025-09-04T03:09:20","slug":"ces-quatre-assos-valorisent-la-memoire-et-le-patrimoine-nantais","status":"publish","type":"post","link":"https:\/\/www.europesays.com\/fr\/364719\/","title":{"rendered":"Ces quatre assos valorisent la m\u00e9moire et le patrimoine nantais"},"content":{"rendered":"<p>              Qu\u2019est-ce que le Centre d\u2019histoire du travail ?<\/p>\n<p><strong>S\u00e9verine Misset, pr\u00e9sidente\u00a0: <\/strong>\u00ab\u00a0C\u2019est une association nantaise fond\u00e9e en 1981 par des universitaires et des militants, avec le soutien des collectivit\u00e9s territoriales et des syndicats. Elle collecte, conserve et rend accessibles les\u00a0archives syndicales du territoire : organisations d\u2019enseignants, Conf\u00e9d\u00e9ration paysanne, associations d\u2019\u00e9ducation populaire, partis politiques&#8230; en tout 2,5 km lin\u00e9aires d\u2019archives\u00a0!\u00a0\u00bb<\/p>\n<p>Quelles sont ses activit\u00e9s ?<\/p>\n<p>\u00ab\u00a0C\u2019est un centre d\u2019archives ainsi qu\u2019une biblioth\u00e8que ouverte au public, avec pr\u00eat gratuit sur inscription. C\u2019est aussi une maison d\u2019\u00e9dition, qui publie des ouvrages li\u00e9s \u00e0 l\u2019histoire locale et aux luttes sociales. \u00c0 cela s\u2019ajoutent de nombreuses actions : cours, ateliers p\u00e9dagogiques, expositions, conf\u00e9rences, d\u00e9bats.\u00a0\u00bb<\/p>\n<p>Comment les Nantais s\u2019impliquent-ils ?\u00a0<\/p>\n<p>\u00ab Au-del\u00e0 de la consultation, ils peuvent participer \u00e0 la collecte, au classement ou \u00e0 la valorisation des archives. Nous collaborons aussi avec des associations d\u2019histoire locale, de quartier, des collectifs qui souhaitent retracer un pan de leur histoire ou comprendre un \u00e9v\u00e9nement pass\u00e9. Le CHT est un espace d\u2019interconnexion qui facilite la circulation de la m\u00e9moire et des r\u00e9cits. \u00bb<\/p>\n","protected":false},"excerpt":{"rendered":"Qu\u2019est-ce que le Centre d\u2019histoire du travail ? S\u00e9verine Misset, pr\u00e9sidente\u00a0: \u00ab\u00a0C\u2019est une association nantaise fond\u00e9e en 1981&hellip;\n","protected":false},"author":2,"featured_media":364720,"comment_status":"","ping_status":"","sticky":false,"template":"","format":"standard","meta":{"footnotes":""},"categories":[2818],"tags":[1111,11,1777,674,1011,27,766,12,2636,25],"class_list":{"0":"post-364719","1":"post","2":"type-post","3":"status-publish","4":"format-standard","5":"has-post-thumbnail","7":"category-nantes","8":"tag-actu","9":"tag-actualites","10":"tag-eu","11":"tag-europe","12":"tag-fr","13":"tag-france","14":"tag-nantes","15":"tag-news","16":"tag-pays-de-la-loire","17":"tag-republique-francaise"},"share_on_mastodon":{"url":"https:\/\/pubeurope.com\/@fr\/115143833267822491","error":""},"_links":{"self":[{"href":"https:\/\/www.europesays.com\/fr\/wp-json\/wp\/v2\/posts\/364719","targetHints":{"allow":["GET"]}}],"collection":[{"href":"https:\/\/www.europesays.com\/fr\/wp-json\/wp\/v2\/posts"}],"about":[{"href":"https:\/\/www.europesays.com\/fr\/wp-json\/wp\/v2\/types\/post"}],"author":[{"embeddable":true,"href":"https:\/\/www.europesays.com\/fr\/wp-json\/wp\/v2\/users\/2"}],"replies":[{"embeddable":true,"href":"https:\/\/www.europesays.com\/fr\/wp-json\/wp\/v2\/comments?post=364719"}],"version-history":[{"count":0,"href":"https:\/\/www.europesays.com\/fr\/wp-json\/wp\/v2\/posts\/364719\/revisions"}],"wp:featuredmedia":[{"embeddable":true,"href":"https:\/\/www.europesays.com\/fr\/wp-json\/wp\/v2\/media\/364720"}],"wp:attachment":[{"href":"https:\/\/www.europesays.com\/fr\/wp-json\/wp\/v2\/media?parent=364719"}],"wp:term":[{"taxonomy":"category","embeddable":true,"href":"https:\/\/www.europesays.com\/fr\/wp-json\/wp\/v2\/categories?post=364719"},{"taxonomy":"post_tag","embeddable":true,"href":"https:\/\/www.europesays.com\/fr\/wp-json\/wp\/v2\/tags?post=364719"}],"curies":[{"name":"wp","href":"https:\/\/api.w.org\/{rel}","templated":true}]}}