{"id":364721,"date":"2025-09-04T03:10:20","date_gmt":"2025-09-04T03:10:20","guid":{"rendered":"https:\/\/www.europesays.com\/fr\/364721\/"},"modified":"2025-09-04T03:10:20","modified_gmt":"2025-09-04T03:10:20","slug":"rentree-litteraire-animee-en-septembre-avec-la-librairie-lenvers-et-lendroit","status":"publish","type":"post","link":"https:\/\/www.europesays.com\/fr\/364721\/","title":{"rendered":"Rentr\u00e9e litt\u00e9raire anim\u00e9e en septembre avec la librairie L\u2019envers et l\u2019endroit"},"content":{"rendered":"<p>Pour marquer la rentr\u00e9e litt\u00e9raire, la librairie L\u2019envers et l\u2019endroit, situ\u00e9e dans la galerie des Colonnes, reprend ses rencontres et d\u00e9dicaces d\u00e8s le vendredi 5\u00a0septembre \u00e0 18\u00a0h\u00a030 en accueillant Isabelle Aupy autour de son dernier ouvrage, \u00ab\u00a0L\u2019\u00e2ge du capitaine\u00a0\u00bb, publi\u00e9 aux \u00c9ditions du Panseur et avec J\u00e9r\u00e9my Eyme, son \u00e9diteur.<\/p>\n<p>Ensuite, le samedi 13\u00a0septembre de 10\u00a0h\u00a030 \u00e0 12\u00a0h\u00a030, aura lieu la premi\u00e8re s\u00e9ance de d\u00e9dicaces avec le livre \u00ab\u00a0L\u2019ogre de Majolan\u00a0\u00bb d\u2019Adrien Miele et Aur\u00e9lie Sonnier Calluaud, publi\u00e9 aux \u00c9ditions de l\u2019Estuaire. Adrien Miele, animateur pour enfants et conteur professionnel, et Aur\u00e9lie Sonnier Calluaud, dite Asca, artiste peintre, ont associ\u00e9 leurs talents pour mettre en mots et en images ce beau conte qui se d\u00e9roule au parc de Majolan. Ils parleront de leur travail \u00e0 quatre mains.<\/p>\n<p>Samedi 20\u00a0septembre \u00e0 16 heures, une lecture sera propos\u00e9e aux enfants de 3 \u00e0 6\u00a0ans, accompagn\u00e9e d\u2019une petite s\u00e9lection d\u2019albums autour de la rentr\u00e9e des classes et de l\u2019\u00e9cole.<\/p>\n<p>Vendredi 26\u00a0septembre \u00e0 19 heures, aura lieu la nuit One Piece c\u00e9l\u00e9br\u00e9e par Gl\u00e9nat avec la parution du tout dernier tome (n\u00b0\u00a0110). Rendez-vous \u00e0 la librairie pour une grande soir\u00e9e festive autour d\u2019un quiz pour d\u00e9terminer qui conna\u00eet le mieux l\u2019univers du pirate au chapeau de paille. On peut venir d\u00e9guis\u00e9 ou pas\u00a0!<\/p>\n<p>\u00c0 la m\u00e9diath\u00e8que<\/p>\n<p>Cette ann\u00e9e encore, la librairie continue d\u2019accompagner le programme culturel de la m\u00e9diath\u00e8que municipale, qui programme \u00e0 l\u2019occasion des Journ\u00e9es du patrimoine, vendredi 19\u00a0septembre \u00e0 19 heures, une rencontre avec Christian Coulon autour de son livre \u00ab\u00a0Le M\u00e9doc des \u00e9crivains\u00a0\u00bb, une anthologie aux \u00c9ditions confluences. R\u00e9unissant les textes de plus de 70 \u00e9crivains, on y retrouve la diversit\u00e9 des regards qu\u2019ont pu poser ces auteurs sur le territoire m\u00e9docain. La librairie sera pr\u00e9sente avec une table de livres.<\/p>\n","protected":false},"excerpt":{"rendered":"Pour marquer la rentr\u00e9e litt\u00e9raire, la librairie L\u2019envers et l\u2019endroit, situ\u00e9e dans la galerie des Colonnes, reprend ses&hellip;\n","protected":false},"author":2,"featured_media":364722,"comment_status":"","ping_status":"","sticky":false,"template":"","format":"standard","meta":{"footnotes":""},"categories":[2817],"tags":[1111,11,1997,1777,674,1011,27,12,2219,25],"class_list":{"0":"post-364721","1":"post","2":"type-post","3":"status-publish","4":"format-standard","5":"has-post-thumbnail","7":"category-bordeaux","8":"tag-actu","9":"tag-actualites","10":"tag-bordeaux","11":"tag-eu","12":"tag-europe","13":"tag-fr","14":"tag-france","15":"tag-news","16":"tag-nouvelle-aquitaine","17":"tag-republique-francaise"},"share_on_mastodon":{"url":"https:\/\/pubeurope.com\/@fr\/115143837190952028","error":""},"_links":{"self":[{"href":"https:\/\/www.europesays.com\/fr\/wp-json\/wp\/v2\/posts\/364721","targetHints":{"allow":["GET"]}}],"collection":[{"href":"https:\/\/www.europesays.com\/fr\/wp-json\/wp\/v2\/posts"}],"about":[{"href":"https:\/\/www.europesays.com\/fr\/wp-json\/wp\/v2\/types\/post"}],"author":[{"embeddable":true,"href":"https:\/\/www.europesays.com\/fr\/wp-json\/wp\/v2\/users\/2"}],"replies":[{"embeddable":true,"href":"https:\/\/www.europesays.com\/fr\/wp-json\/wp\/v2\/comments?post=364721"}],"version-history":[{"count":0,"href":"https:\/\/www.europesays.com\/fr\/wp-json\/wp\/v2\/posts\/364721\/revisions"}],"wp:featuredmedia":[{"embeddable":true,"href":"https:\/\/www.europesays.com\/fr\/wp-json\/wp\/v2\/media\/364722"}],"wp:attachment":[{"href":"https:\/\/www.europesays.com\/fr\/wp-json\/wp\/v2\/media?parent=364721"}],"wp:term":[{"taxonomy":"category","embeddable":true,"href":"https:\/\/www.europesays.com\/fr\/wp-json\/wp\/v2\/categories?post=364721"},{"taxonomy":"post_tag","embeddable":true,"href":"https:\/\/www.europesays.com\/fr\/wp-json\/wp\/v2\/tags?post=364721"}],"curies":[{"name":"wp","href":"https:\/\/api.w.org\/{rel}","templated":true}]}}