{"id":364723,"date":"2025-09-04T03:11:17","date_gmt":"2025-09-04T03:11:17","guid":{"rendered":"https:\/\/www.europesays.com\/fr\/364723\/"},"modified":"2025-09-04T03:11:17","modified_gmt":"2025-09-04T03:11:17","slug":"qui-est-le-baigneur-porte-disparu-au-large-de-hourtin","status":"publish","type":"post","link":"https:\/\/www.europesays.com\/fr\/364723\/","title":{"rendered":"qui est le baigneur port\u00e9 disparu au large de Hourtin\u00a0?"},"content":{"rendered":"<p>Le drame survenu lundi 1er\u00a0septembre au soir sur la plage de Hourtin continue de susciter une vive \u00e9motion. Un jeune homme de 21\u00a0ans, originaire de Nantes, <a href=\"https:\/\/www.sudouest.fr\/gironde\/hourtin\/gironde-un-baigneur-porte-disparu-au-large-de-hourtin-25759705.php\" target=\"_blank\" rel=\"follow nofollow noopener\">est toujours port\u00e9 disparu apr\u00e8s avoir \u00e9t\u00e9 emport\u00e9 par l\u2019oc\u00e9an<\/a>. Le maire de la commune, Jean-Marc Signoret, livre de nouveaux \u00e9l\u00e9ments sur les circonstances de l\u2019accident. \u00ab\u00a0Ils \u00e9taient deux. Ils travaillaient \u00e0 l\u2019UCPA, avaient termin\u00e9 leur saison et devaient repartir d\u00e8s le lendemain\u00a0\u00bb, explique l\u2019\u00e9dile.<\/p>\n<p>Selon ses informations, le jeune disparu accompagnait son ami qui surfait en p\u00e9riph\u00e9rie de la plage centrale. Il \u00e9tait \u00ab\u00a0simplement dans l\u2019eau avec sa cam\u00e9ra pour filmer son ami, pas forc\u00e9ment profond, pas loin du bord. Peut-\u00eatre jusqu\u2019aux genoux ou aux cuisses. Et puis il s\u2019est fait emporter\u00a0\u00bb, explique Jean-Marc Signoret. \u00ab\u00a0Son ami, en revenant avec sa planche de surf vers le rivage, l\u2019a vu partir. Ne le voyant plus \u00e0 la surface, il est all\u00e9 imm\u00e9diatement alerter les secours au poste de ma\u00eetres-nageurs pour qu\u2019on lui porte assistance.\u00a0\u00bb<\/p>\n<p>Forte houle et courant violent<\/p>\n<p>L\u2019alerte a \u00e9t\u00e9 donn\u00e9e peu apr\u00e8s 21\u00a0heures, d\u00e9clenchant un dispositif de recherche d\u2019envergure. Sapeurs-pompiers, sauveteurs, v\u00e9hicules nautiques, Dragon\u00a033 et un h\u00e9licopt\u00e8re Dauphin de la Marine nationale ont quadrill\u00e9 la zone de disparition pendant plusieurs heures, sans succ\u00e8s. L\u2019oc\u00e9an \u00e9tait agit\u00e9. Les recherches ont \u00e9t\u00e9 suspendues vers 1\u00a0heure du matin. Le maire indique que l\u2019accident a eu lieu vers 20\u00a0h\u00a030, une heure \u00e0 laquelle les ma\u00eetres-nageurs avaient termin\u00e9 leur service. \u00ab\u00a0Toutefois, il y a toujours du mouvement au poste. Nos sauveteurs ont pu se rendre rapidement sur les lieux, une plage excentr\u00e9e. Mais il \u00e9tait d\u00e9j\u00e0 trop tard. La victime avait disparu\u00a0\u00bb, pr\u00e9cise encore Jean-Marc Signoret.<\/p>\n<blockquote><p>\u00ab\u00a0On avait des vagues de 2,50 \u00e0 3\u00a0m\u00e8tres. Dans ces conditions, cela g\u00e9n\u00e8re toujours de puissants courants dans les ba\u00efnes\u00a0\u00bb<\/p><\/blockquote>\n<p>Ce soir-l\u00e0, les conditions de baignade \u00e9taient particuli\u00e8rement dangereuses. \u00ab\u00a0Il y avait une forte houle\u00a0\u00bb, souligne l\u2019\u00e9dile. Un moniteur de surf confirme\u00a0: \u00ab\u00a0On avait des vagues de 2,50 \u00e0 3\u00a0m\u00e8tres. Dans ces conditions, cela g\u00e9n\u00e8re toujours de puissants courants dans les ba\u00efnes. Ce courant d\u2019arrachement vous emporte au large. Il faut \u00eatre exp\u00e9riment\u00e9 pour s\u2019en sortir dans un oc\u00e9an d\u00e9cha\u00een\u00e9. C\u2019\u00e9tait la mi-mar\u00e9e vers 20\u00a0h\u00a030, un moment encore plus sensible.\u00a0\u00bb La communaut\u00e9 hourtinaise reste marqu\u00e9e par ce drame de fin d\u2019\u00e9t\u00e9. \u00ab\u00a0C\u2019est terrible, confie l\u2019\u00e9lu. On pense \u00e0 sa famille et \u00e0 ses proches.\u00a0\u00bb<\/p>\n<p>\u00ab\u00a0Un choc \u00e0 l\u2019UCPA\u00a0\u00bb<\/p>\n<p>Contact\u00e9e par \u00ab\u00a0Sud Ouest\u00a0\u00bb, la direction de l\u2019UCPA pr\u00e9cise que le jeune homme \u00e9tait animateur d\u2019une colonie de vacances \u00e0 Hourtin et qu\u2019il ne s\u2019agissait pas de sa premi\u00e8re saison au sein de l\u2019UCPA. \u00ab\u00a0Il \u00e9tait tr\u00e8s appr\u00e9ci\u00e9 de ses coll\u00e8gues\u00a0\u00bb, assure la direction qui confie que \u00ab\u00a0sa disparition a provoqu\u00e9 un choc au sein de l\u2019\u00e9quipe\u00a0\u00bb.<\/p>\n<p>Rappelons que les d\u00e9partements de la Gironde, des Pyr\u00e9n\u00e9es-Atlantiques, des Landes et de la Charente-Maritime sont concern\u00e9s par une alerte maximale aux ba\u00efnes pour les journ\u00e9es de mercredi\u00a03 et jeudi 4\u00a0septembre. Des vagues solides de 2 \u00e0 3\u00a0m\u00e8tres d\u00e9ferlent sur la c\u00f4te girondine.<\/p>\n","protected":false},"excerpt":{"rendered":"Le drame survenu lundi 1er\u00a0septembre au soir sur la plage de Hourtin continue de susciter une vive \u00e9motion.&hellip;\n","protected":false},"author":2,"featured_media":364724,"comment_status":"","ping_status":"","sticky":false,"template":"","format":"standard","meta":{"footnotes":""},"categories":[2817],"tags":[1111,11,1997,1777,674,1011,27,12,2219,25],"class_list":{"0":"post-364723","1":"post","2":"type-post","3":"status-publish","4":"format-standard","5":"has-post-thumbnail","7":"category-bordeaux","8":"tag-actu","9":"tag-actualites","10":"tag-bordeaux","11":"tag-eu","12":"tag-europe","13":"tag-fr","14":"tag-france","15":"tag-news","16":"tag-nouvelle-aquitaine","17":"tag-republique-francaise"},"share_on_mastodon":{"url":"https:\/\/pubeurope.com\/@fr\/115143841205947938","error":""},"_links":{"self":[{"href":"https:\/\/www.europesays.com\/fr\/wp-json\/wp\/v2\/posts\/364723","targetHints":{"allow":["GET"]}}],"collection":[{"href":"https:\/\/www.europesays.com\/fr\/wp-json\/wp\/v2\/posts"}],"about":[{"href":"https:\/\/www.europesays.com\/fr\/wp-json\/wp\/v2\/types\/post"}],"author":[{"embeddable":true,"href":"https:\/\/www.europesays.com\/fr\/wp-json\/wp\/v2\/users\/2"}],"replies":[{"embeddable":true,"href":"https:\/\/www.europesays.com\/fr\/wp-json\/wp\/v2\/comments?post=364723"}],"version-history":[{"count":0,"href":"https:\/\/www.europesays.com\/fr\/wp-json\/wp\/v2\/posts\/364723\/revisions"}],"wp:featuredmedia":[{"embeddable":true,"href":"https:\/\/www.europesays.com\/fr\/wp-json\/wp\/v2\/media\/364724"}],"wp:attachment":[{"href":"https:\/\/www.europesays.com\/fr\/wp-json\/wp\/v2\/media?parent=364723"}],"wp:term":[{"taxonomy":"category","embeddable":true,"href":"https:\/\/www.europesays.com\/fr\/wp-json\/wp\/v2\/categories?post=364723"},{"taxonomy":"post_tag","embeddable":true,"href":"https:\/\/www.europesays.com\/fr\/wp-json\/wp\/v2\/tags?post=364723"}],"curies":[{"name":"wp","href":"https:\/\/api.w.org\/{rel}","templated":true}]}}