{"id":364725,"date":"2025-09-04T03:12:20","date_gmt":"2025-09-04T03:12:20","guid":{"rendered":"https:\/\/www.europesays.com\/fr\/364725\/"},"modified":"2025-09-04T03:12:20","modified_gmt":"2025-09-04T03:12:20","slug":"tous-pour-toulouse-devient-un-parti-politique-et-affirme-ses-ambitions","status":"publish","type":"post","link":"https:\/\/www.europesays.com\/fr\/364725\/","title":{"rendered":"Tous pour Toulouse devient un parti politique et affirme ses ambitions"},"content":{"rendered":"<p>Une campagne d\u00e9j\u00e0 lanc\u00e9e. Fond\u00e9 en 2018,<strong> Tous pour <\/strong><a href=\"https:\/\/lopinion.com\/\" rel=\"noopener noreferrer nofollow\" target=\"_blank\"><strong>Toulouse<\/strong><\/a> jusque-l\u00e0 associatif entend peser davantage sur le d\u00e9bat public, au nom d\u2019une repr\u00e9sentativit\u00e9 jug\u00e9e insuffisante des quartiers dans la vie politique locale.<\/p>\n<blockquote><p>Ce qui nous a pouss\u00e9s \u00e0 nous engager, c\u2019est le manque de courage, d\u2019ambition et de repr\u00e9sentativit\u00e9 politique dans les quartiers populaires\u00a0\u00bb, a d\u00e9clar\u00e9 Ahmed Dahrour, fondateur du mouvement citoyen, ce mercredi 3 septembre.<\/p><\/blockquote>\n<p>Apr\u00e8s avoir particip\u00e9 aux \u00e9lections municipales, d\u00e9partementales et l\u00e9gislatives, Tous pour Toulouse entend aujourd\u2019hui <strong>\u00ab\u00a0ne plus se contenter de soutenir des candidats ou des partis, mais porter directement un projet et des candidats issus de ses rangs\u00a0\u00bb<\/strong>.<\/p>\n<p>Sur le terrain, le mouvement citoyen qui revendique aujourd&rsquo;hui plus de 500 adh\u00e9rents se distingue par sa constance. <strong>\u00ab\u00a0Nous sommes les seuls \u00e0 avoir fait campagne tout l\u2019\u00e9t\u00e9, avec une action par semaine en juin, juillet et ao\u00fbt\u00a0\u00bb<\/strong>,\u00a0a indiqu\u00e9 Ahmed Dahrour.<\/p>\n<p>Contrairement \u00e0 d&rsquo;autres associations, Tous pour Toulouse affirme n\u2019avoir jamais sollicit\u00e9 de subventions publiques. <strong>\u00ab\u00a0Nous avons toujours tenu \u00e0 pr\u00e9server notre ind\u00e9pendance de ton et d\u2019action\u00a0\u00bb<\/strong>, a expliqu\u00e9 le quadrag\u00e9naire.<\/p>\n<p>En pratique, le programme du mouvement citoyen s&rsquo;articule autour de neuf axes, con\u00e7us pour r\u00e9pondre aux besoins concrets de tous les Toulousains. Parmi les priorit\u00e9s : <strong>l&rsquo;acc\u00e8s \u00e0 la sant\u00e9 avec un \u00ab\u00a0pass sant\u00e9\u00a0\u00bb, un registre municipal de solidarit\u00e9 pour les a\u00een\u00e9s<\/strong>.<\/p>\n<p>Mais aussi l&rsquo;ouverture des Ehpad sur la soci\u00e9t\u00e9, la r\u00e9introduction de la police de proximit\u00e9, le renforcement des m\u00e9diateurs de quartier, la g\u00e9n\u00e9ralisation des clauses sociales d&rsquo;insertion, ou encore la d\u00e9mocratisation du CV anonyme.<\/p>\n<p>\u00ab\u00a0Nous n&rsquo;exclurons jamais aucun parti de gauche\u00a0\u00bb<\/p>\n<p>Sur le plan politique, Tous pour Toulouse affiche une volont\u00e9 d\u2019unit\u00e9 \u00e0 gauche, y compris avec LFI. <strong>\u00ab\u00a0Nous aurions aim\u00e9 qu\u2019il n\u2019y ait qu\u2019une seule liste. Si demain Fran\u00e7ois Piquemal est en t\u00eate, nous le soutiendrons\u00a0\u00bb<\/strong>, a annonc\u00e9 son fondateur.<\/p>\n<p>Avant d&rsquo;ajouter : \u00ab\u00a0Et ce sera pareil pour tout autre candidat de gauche. Ce qui compte pour nous, c\u2019est le changement\u00a0\u00bb. Mais l\u2019unit\u00e9 ne se fera pas \u00e0 n\u2019importe quel prix : <strong>le mouvement citoyen revendique une place \u00e0 la hauteur de son engagement et de sa base militante<\/strong>.<\/p>\n<blockquote><p>Nous ne faisons pas de la politique politicienne, mais une politique citoyenne. Nous avons notre propre programme, que nous avons \u00e9crit nous-m\u00eames, pas avec l\u2019IA\u00a0\u00bb, a ironis\u00e9 <a href=\"https:\/\/lopinion.com\/articles\/politique\/29719_municipales-2026-toulouse-ahmed-dahrour\" rel=\"noopener noreferrer nofollow\" target=\"_blank\">Ahmed Dahrour<\/a>.<\/p><\/blockquote>\n<p>Si aucun accord n\u2019est trouv\u00e9, Tous pour Toulouse garantit \u00eatre en capacit\u00e9 de pr\u00e9senter sa propre liste. <strong>Une d\u00e9cision sur un \u00e9ventuel ralliement ou une candidature autonome sera annonc\u00e9e \u00ab\u00a0d\u2019ici la fin septembre\u00a0\u00bb<\/strong>, a fait savoir l&rsquo;auto-entrepreneur.<\/p>\n<p>D\u00e9termin\u00e9, le mouvement citoyen a \u00e9galement d\u00e9nonc\u00e9 le \u00ab\u00a0sentiment de m\u00e9pris\u00a0\u00bb trop souvent v\u00e9cu par les habitants des quartiers. <strong>Il appelle \u00e0 une r\u00e9forme locale de la carte scolaire, avec pour principe une v\u00e9ritable m\u00e9ritocratie<\/strong>.<\/p>\n<p><strong>\u00ab\u00a0Le terrain sera la cl\u00e9 de cette campagne\u00a0\u00bb<\/strong>, a conclu le fondateur de Tous pour Toulouse.<strong> \u00ab\u00a0Nous voulons des \u00e9lus qui nous ressemblent, et qui portent une vision de justice, d\u2019\u00e9galit\u00e9 et de d\u00e9cence pour tous les Toulousains\u00a0\u00bb<\/strong>.<\/p>\n<p>&gt;&gt; \u00c0 LIRE AUSSI :\u00a0<a href=\"https:\/\/lopinion.com\/articles\/politique\/30061_municipales-2026-arthur-cottrel-reconquete-candidature-toulouse\" rel=\"noopener noreferrer nofollow\" target=\"_blank\">Municipales 2026 : Arthur Cottrel (Reconqu\u00eate!) annonce sa candidature \u00e0 Toulouse<\/a><\/p>\n","protected":false},"excerpt":{"rendered":"Une campagne d\u00e9j\u00e0 lanc\u00e9e. Fond\u00e9 en 2018, Tous pour Toulouse jusque-l\u00e0 associatif entend peser davantage sur le d\u00e9bat&hellip;\n","protected":false},"author":2,"featured_media":364726,"comment_status":"","ping_status":"","sticky":false,"template":"","format":"standard","meta":{"footnotes":""},"categories":[2816],"tags":[1111,11,1777,674,1011,27,12,2680,25,2312],"class_list":{"0":"post-364725","1":"post","2":"type-post","3":"status-publish","4":"format-standard","5":"has-post-thumbnail","7":"category-toulouse","8":"tag-actu","9":"tag-actualites","10":"tag-eu","11":"tag-europe","12":"tag-fr","13":"tag-france","14":"tag-news","15":"tag-occitanie","16":"tag-republique-francaise","17":"tag-toulouse"},"share_on_mastodon":{"url":"https:\/\/pubeurope.com\/@fr\/115143845140176107","error":""},"_links":{"self":[{"href":"https:\/\/www.europesays.com\/fr\/wp-json\/wp\/v2\/posts\/364725","targetHints":{"allow":["GET"]}}],"collection":[{"href":"https:\/\/www.europesays.com\/fr\/wp-json\/wp\/v2\/posts"}],"about":[{"href":"https:\/\/www.europesays.com\/fr\/wp-json\/wp\/v2\/types\/post"}],"author":[{"embeddable":true,"href":"https:\/\/www.europesays.com\/fr\/wp-json\/wp\/v2\/users\/2"}],"replies":[{"embeddable":true,"href":"https:\/\/www.europesays.com\/fr\/wp-json\/wp\/v2\/comments?post=364725"}],"version-history":[{"count":0,"href":"https:\/\/www.europesays.com\/fr\/wp-json\/wp\/v2\/posts\/364725\/revisions"}],"wp:featuredmedia":[{"embeddable":true,"href":"https:\/\/www.europesays.com\/fr\/wp-json\/wp\/v2\/media\/364726"}],"wp:attachment":[{"href":"https:\/\/www.europesays.com\/fr\/wp-json\/wp\/v2\/media?parent=364725"}],"wp:term":[{"taxonomy":"category","embeddable":true,"href":"https:\/\/www.europesays.com\/fr\/wp-json\/wp\/v2\/categories?post=364725"},{"taxonomy":"post_tag","embeddable":true,"href":"https:\/\/www.europesays.com\/fr\/wp-json\/wp\/v2\/tags?post=364725"}],"curies":[{"name":"wp","href":"https:\/\/api.w.org\/{rel}","templated":true}]}}