{"id":364727,"date":"2025-09-04T03:13:12","date_gmt":"2025-09-04T03:13:12","guid":{"rendered":"https:\/\/www.europesays.com\/fr\/364727\/"},"modified":"2025-09-04T03:13:12","modified_gmt":"2025-09-04T03:13:12","slug":"voici-les-departements-places-sous-surveillance-par-meteo-france","status":"publish","type":"post","link":"https:\/\/www.europesays.com\/fr\/364727\/","title":{"rendered":"voici les d\u00e9partements plac\u00e9s sous surveillance par M\u00e9t\u00e9o France"},"content":{"rendered":"<p>            Par<br \/>\n        <strong><br \/>\n            <a href=\"https:\/\/actu.fr\/auteur\/david-saint-sernin\" title=\"Consulter tous les articles de David Saint-Sernin\" target=\"_blank\" rel=\"noopener\">David Saint-Sernin<\/a><br \/>\n        <\/strong><\/p>\n<p>        Publi\u00e9 le<\/p>\n<p>            4 sept. 2025 \u00e0 5h06        <\/p>\n<p>Jeudi 4\u00a0septembre 2025, l\u2019atmosph\u00e8re pourra \u00eatre \u00e9lectrique en Occitanie. La Haute-Garonne et Toulouse seraient concern\u00e9es. Les pr\u00e9visions de M\u00e9t\u00e9o France sont claires\u2009:<a href=\"https:\/\/actu.fr\/meteo\/vigilance-orange-orages-violents-de-retour-en-france-ce-jeudi-voici-ou-ils-sont-attendus_63109338.html\" target=\"_blank\" rel=\"noopener\"> le risque d\u2019orages sera pr\u00e9sent toute la journ\u00e9e sur une grande partie de la r\u00e9gion.<\/a><\/p>\n<p>Pourquoi le risque d\u2019orages existe en Occitanie<\/p>\n<p class=\" wall-content\">Les perturbations orageuses arriveront par l\u2019ouest. En cause\u2009? L\u2019arriv\u00e9e d\u2019un \u00ab\u2009thalweg d\u2019altitude\u2009\u00bb qui viendra s\u2019\u00e9tirer sur<a href=\"https:\/\/actu.fr\/meteo\/vigilance-orange-orages-violents-de-retour-en-france-ce-jeudi-voici-ou-ils-sont-attendus_63109338.html\" target=\"_blank\" rel=\"noopener\"> la majeure partie de la France.<\/a> Un axe de basses pressions, une sorte d\u2019excroissance d\u2019une d\u00e9pression, parfois aussi appel\u00e9 \u00ab\u2009creux barom\u00e9trique\u2009\u00bb, qui pourrait provoquer des ph\u00e9nom\u00e8nes violents sur son passage.<\/p>\n<p class=\" wall-content\">\u00ab\u2009Ce thalweg associ\u00e9 \u00e0 de l\u2019air froid en altitude, en pr\u00e9sence d\u2019air relativement chaud dans les basses couches de l\u2019atmosph\u00e8re et d\u2019une mer M\u00e9diterran\u00e9e toujours chaude est \u00e0 surveiller attentivement\u2009\u00bb, met en garde sur\u00a0actu.fr\u00a0le m\u00e9t\u00e9orologue Yann Amice.<\/p>\n<p>Onze d\u00e9partements plac\u00e9s en vigilance aux orages<\/p>\n<p class=\" wall-content\">Onze d\u00e9partements sont plac\u00e9s en vigilance jaune aux orages\u2009: les Hautes-Pyr\u00e9n\u00e9es, la Haute-Garonne, l\u2019Ari\u00e8ge, le Tarn, le Gers, le Lot-et-Garonne, l\u2019Aveyron, le Lot, la Loz\u00e8re et le Gard.<\/p>\n<p class=\" wall-content\">Seuls les d\u00e9partements de l\u2019H\u00e9rault et de l\u2019Aude seraient \u00e9pargn\u00e9s.<\/p>\n<p>Vid\u00e9os : en ce moment sur Actu<\/p>\n<p class=\" wall-content\">D\u00e8s le matin, la perturbation arrivera par l\u2019ouest puis se d\u00e9calera progressivement. Le Gers sera en premi\u00e8re ligne. Et des averses orageuses pourront d\u00e9border plus \u00e0 l\u2019est, en Haute-Garonne.<\/p>\n<p class=\" wall-content\">C\u2019est principalement le nord du d\u00e9partement de la Haute-Garonne qui serait dans un premier temps concern\u00e9.<\/p>\n<p>Votre r\u00e9gion, votre actu !<\/p>\n<p>Recevez chaque jour les infos qui comptent pour vous.<\/p>\n<p>\t<a href=\"https:\/\/actu.fr\/newsletter\" class=\"ac-btn ac-btn--corner ac-btn--medium ac-btn--blue800\" target=\"_blank\" rel=\"noopener\">S&rsquo;incrire<\/a><\/p>\n<p>    <img   decoding=\"async\" loading=\"lazy\" src=\"https:\/\/www.europesays.com\/fr\/wp-content\/uploads\/2025\/09\/capture-decran-2025-09-03-132955-960x640.png\" alt=\"La m\u00e9t\u00e9o de votre jeudi matin \u00e0 Toulouse et en Occitanie.\" width=\"960\" height=\"640\"\/><br \/>\n    La m\u00e9t\u00e9o de votre jeudi matin \u00e0 Toulouse et en Occitanie. (\u00a9M\u00e9t\u00e9o France)L\u2019instabilit\u00e9 perdurera l\u2019apr\u00e8s-midi<\/p>\n<p class=\" wall-content\">L\u2019apr\u00e8s-midi, les averses orageuses s\u2019\u00e9tendraient \u00e0 l\u2019ensemble du d\u00e9partement de la Haute-Garonne et surtout dans le Tarn-et-Garonne. Sans que les cumuls soient tr\u00e8s abondants. Les reliefs de l\u2019Aveyron et de la Loz\u00e8re seront les zones les lus arros\u00e9es du jour.<\/p>\n<p>    <img   decoding=\"async\" loading=\"lazy\" src=\"https:\/\/www.europesays.com\/fr\/wp-content\/uploads\/2025\/09\/capture-decran-2025-09-03-133002-960x640.png\" alt=\"La m\u00e9t\u00e9o de votre jeudi apr\u00e8s-midi \u00e0 Toulouse et en Occitanie.\" width=\"960\" height=\"640\"\/><br \/>\n    La m\u00e9t\u00e9o de votre jeudi apr\u00e8s-midi \u00e0 Toulouse et en Occitanie. (\u00a9M\u00e9t\u00e9o France)<\/p>\n<p class=\" wall-content\">Personnalisez votre actualit\u00e9 en ajoutant vos villes et m\u00e9dias en favori avec <a href=\"https:\/\/moncompte.actu.fr\" title=\"D\u00e9couvez Mon Actu\" rel=\"nofollow noopener\" data-trk=\"{&quot;cta&quot;:{&quot;action&quot;:&quot;https:\\\/\\\/moncompte.actu.fr&quot;,&quot;category&quot;:&quot;mon compte&quot;,&quot;from&quot;:&quot;article footer&quot;,&quot;name&quot;:&quot;Mon actu&quot;,&quot;type&quot;:&quot;cta&quot;}}\" target=\"_blank\">Mon Actu<\/a>.<\/p>\n","protected":false},"excerpt":{"rendered":"Par David Saint-Sernin Publi\u00e9 le 4 sept. 2025 \u00e0 5h06 Jeudi 4\u00a0septembre 2025, l\u2019atmosph\u00e8re pourra \u00eatre \u00e9lectrique en&hellip;\n","protected":false},"author":2,"featured_media":364728,"comment_status":"","ping_status":"","sticky":false,"template":"","format":"standard","meta":{"footnotes":""},"categories":[2816],"tags":[1111,11,1777,674,1011,27,2487,2357,12,2680,4594,25,2312],"class_list":{"0":"post-364727","1":"post","2":"type-post","3":"status-publish","4":"format-standard","5":"has-post-thumbnail","7":"category-toulouse","8":"tag-actu","9":"tag-actualites","10":"tag-eu","11":"tag-europe","12":"tag-fr","13":"tag-france","14":"tag-meteo","15":"tag-meteo-france","16":"tag-news","17":"tag-occitanie","18":"tag-orages","19":"tag-republique-francaise","20":"tag-toulouse"},"share_on_mastodon":{"url":"https:\/\/pubeurope.com\/@fr\/115143849404414241","error":""},"_links":{"self":[{"href":"https:\/\/www.europesays.com\/fr\/wp-json\/wp\/v2\/posts\/364727","targetHints":{"allow":["GET"]}}],"collection":[{"href":"https:\/\/www.europesays.com\/fr\/wp-json\/wp\/v2\/posts"}],"about":[{"href":"https:\/\/www.europesays.com\/fr\/wp-json\/wp\/v2\/types\/post"}],"author":[{"embeddable":true,"href":"https:\/\/www.europesays.com\/fr\/wp-json\/wp\/v2\/users\/2"}],"replies":[{"embeddable":true,"href":"https:\/\/www.europesays.com\/fr\/wp-json\/wp\/v2\/comments?post=364727"}],"version-history":[{"count":0,"href":"https:\/\/www.europesays.com\/fr\/wp-json\/wp\/v2\/posts\/364727\/revisions"}],"wp:featuredmedia":[{"embeddable":true,"href":"https:\/\/www.europesays.com\/fr\/wp-json\/wp\/v2\/media\/364728"}],"wp:attachment":[{"href":"https:\/\/www.europesays.com\/fr\/wp-json\/wp\/v2\/media?parent=364727"}],"wp:term":[{"taxonomy":"category","embeddable":true,"href":"https:\/\/www.europesays.com\/fr\/wp-json\/wp\/v2\/categories?post=364727"},{"taxonomy":"post_tag","embeddable":true,"href":"https:\/\/www.europesays.com\/fr\/wp-json\/wp\/v2\/tags?post=364727"}],"curies":[{"name":"wp","href":"https:\/\/api.w.org\/{rel}","templated":true}]}}