{"id":364729,"date":"2025-09-04T03:15:30","date_gmt":"2025-09-04T03:15:30","guid":{"rendered":"https:\/\/www.europesays.com\/fr\/364729\/"},"modified":"2025-09-04T03:15:30","modified_gmt":"2025-09-04T03:15:30","slug":"les-brocantes-braderies-et-vide-greniers-organises-dans-le-nord-le-week-end-des-6-et-7-septembre","status":"publish","type":"post","link":"https:\/\/www.europesays.com\/fr\/364729\/","title":{"rendered":"Les brocantes, braderies et vide-greniers organis\u00e9s dans le Nord le week-end des 6 et 7 septembre"},"content":{"rendered":"<p>            Par<br \/>\n        <strong><br \/>\n            <a href=\"https:\/\/actu.fr\/auteur\/hervine-mahaud\" title=\"Consulter tous les articles de Hervine Mahaud\" rel=\"nofollow noopener\" target=\"_blank\">Hervine Mahaud<\/a><br \/>\n        <\/strong><\/p>\n<p>        Publi\u00e9 le<\/p>\n<p>            3 sept. 2025 \u00e0 11h26        <\/p>\n<p>Le <b>week-end des 6 et 7 septembre 2025<\/b>, c\u2019est bien s\u00fbr la <a href=\"https:\/\/actu.fr\/tag\/braderie-de-lille\" rel=\"nofollow noopener\" target=\"_blank\"><b>Braderie de Lille<\/b><\/a> qui sera dans toutes les t\u00eates. Mais si vous n\u2019\u00eates pas pr\u00eats \u00e0 braver la foule, il y a tout un tas d\u2019autres <a href=\"https:\/\/actu.fr\/tag\/brocante\" rel=\"nofollow noopener\" target=\"_blank\"><b>brocantes<\/b><\/a> et <a href=\"https:\/\/actu.fr\/tag\/vide-greniers\" rel=\"nofollow noopener\" target=\"_blank\"><b>vide-greniers<\/b><\/a> organis\u00e9s dans le <a href=\"https:\/\/actu.fr\/hauts-de-france\/nord_59\" rel=\"nofollow noopener\" target=\"_blank\"><b>Nord<\/b><\/a>. Pour compl\u00e9ter, retrouvez la liste des march\u00e9s aux puces pr\u00e9vus dans le Pas-de-Calais.<\/p>\n<p>Samedi 6 septembre 2025<\/p>\n<p class=\" wall-content\"><b>Autour de Dunkerque :<\/b><\/p>\n<ul class=\" wall-content\">\n<li><b>Dunkerque<\/b> \u2013 Brocante en salle de 7h00 \u00e0 17h00. Salle polyvalente Glacis, avenue des Mar\u00e9chaux de France. 50 exposants<\/li>\n<li><b>Dunkerque<\/b> \u2013 Brocante de 6h30 \u00e0 19h00. Rue de la paix, rue de l\u2019Abb\u00e9 Choquet. 150-200 exposants.<\/li>\n<li><b>Staple<\/b> \u2013 Brocante de 7h00 \u00e0 16h00. Rue principale, la Place. 75 exposants.<\/li>\n<\/ul>\n<p class=\" wall-content\"><b>Autour<\/b> <b>de<\/b> <b>Lille :<\/b><\/p>\n<ul class=\" wall-content\">\n<li><b>Bauvin<\/b> \u2013 Grand d\u00e9barras de 9h00 \u00e0 18h00.\u00a0Union Bauvinoise, 65 rue de la Gare.<\/li>\n<li><b>Haubourdin<\/b> \u2013 Vide-greniers de 8h00 \u00e0 16h00. Avenue Salengro. 200 exposants.<\/li>\n<li><b>Hem<\/b> \u2013 Brocante de 8h00 \u00e0 16h00. Rue du G\u00e9n\u00e9ral Leclerc, rue Jules Guesde, rue du Docteur Coubronne, place de la R\u00e9publique, avenue Henri Delecroix.<\/li>\n<li>La Braderie de Lille<\/li>\n<li><b>Tourcoing<\/b> \u2013 Vide-greniers de 8h00 \u00e0 15h00. Cour d\u2019\u00e9cole Condorcet, 226 rue de la Latte. 80 exposants.<\/li>\n<\/ul>\n<p class=\" wall-content\"><b>Autour de Douai :<\/b><\/p>\n<ul class=\" wall-content\">\n<li><b>Arleux<\/b> \u2013 Brocante de 8h00 \u00e0 19h00. Rue Fily, rue de Douai. 500 exposants.<\/li>\n<li><b>Douai<\/b> \u2013 Vente de livres, vinyles, CD, DVD, timbres, cartes postales, de 9h00 \u00e0 12h00 et de 14h00 \u00e0 16h30. \u00c9cole Denis Papin, rue Paul Doumer, 132 rue de Goeulzin.<\/li>\n<li><b>Fenain<\/b> \u2013 Vide-dressing pu\u00e9riculture et jouets de 9h00 \u00e0 13h00. Salle polyvalente, place de la Mairie. 35 exposants.<\/li>\n<li><b>Somain<\/b> \u2013 Brocante en salle de 9h00 \u00e0 17h00. Centre Culturel Municipal Albert Camus, 2 place Victor Brachelet.<\/li>\n<\/ul>\n<p class=\" wall-content\"><b>Autour de Cambrai :<\/b><\/p>\n<ul class=\" wall-content\">\n<li><b>Bermerain<\/b> \u2013 Brocante semi nocturne de 15h00 \u00e0 22h00. Rue du Calvaire, rue de la Poste. 160 exposants.<\/li>\n<li><b>Busigny<\/b> \u2013 Brocante de 8h00 \u00e0 18h00. Rue Gambetta, rue des \u00c9coles. 150 exposants.<\/li>\n<li><b>Qui\u00e9vy<\/b> \u2013 Brocante de 8h00 \u00e0 18h00. Rue d\u2019Herpigny. 50 exposants.<\/li>\n<\/ul>\n<p class=\" wall-content\"><b>Autour de Valenciennes :<\/b><\/p>\n<ul class=\" wall-content\">\n<li><b>Lieu-Saint-Amand<\/b> \u2013 Brocante de 14h00 \u00e0 20h00. Rue Louis Pasteur. 100 exposants.<\/li>\n<li><b>Trith-Saint-L\u00e9ger<\/b> \u2013 Brocante de 12h00 \u00e0 22h00. Rue Edmond Goudchaux, rue Henri Bessemer, rue Pierre Emile Martin, rue Eug\u00e8ne Duclerc, rue Cuvelette. 400 emplacements.<\/li>\n<\/ul>\n<p>Dimanche 7 septembre 2025<\/p>\n<p class=\" wall-content\"><b>Autour de Dunkerque :<\/b><\/p>\n<ul class=\" wall-content\">\n<li><b>Bray-Dunes<\/b> \u2013 Brocante de 8h00 \u00e0 18h00. Secteur plage, digue de mer. 300 exposants.<\/li>\n<li><b>Cappelle-la-Grande<\/b> \u2013 Brocante de 6h00 \u00e0 16h00. Rue des Sports, rue Allouchery, rue Anatole France, rue Vatel, rue Lachere, rue Pateyn, rue Andr\u00e9 Rosselle, rue Simone Veil.<\/li>\n<li><b>Eringhem<\/b> \u2013 Brocante de 8h00 \u00e0 16h30. Terrain de sports, rue des Tilleuls. 50 exposants.<\/li>\n<li><b>Haverskerque<\/b> \u2013 Brocante de 8h00 \u00e0 16h00. Rue du 11 Novembre, rue du 8 Mai. 200 exposants.<\/li>\n<li><b>Malo-les-Bains<\/b> \u2013 Brocante de 7h00 \u00e0 16h00. Parking, Carrefour du M\u00e9ridien, rue de Cambrai.<\/li>\n<li><b>Qua\u00ebdypre<\/b> \u2013 Brocante de 7h00 \u00e0 16h00. oute de Socx. Parking TIM.<\/li>\n<li><b>Watten<\/b> \u2013 Brocante de 8h00 \u00e0 18h00. Rue de Dunkerque, rue du G\u00e9n\u00e9ral de Gaulle, Grand Place. 100 exposants.<\/li>\n<\/ul>\n<p>Votre r\u00e9gion, votre actu !<\/p>\n<p>Recevez chaque jour les infos qui comptent pour vous.<\/p>\n<p>\t<a href=\"https:\/\/actu.fr\/newsletter\" class=\"ac-btn ac-btn--corner ac-btn--medium ac-btn--blue800\" rel=\"nofollow noopener\" target=\"_blank\">S&rsquo;incrire<\/a><\/p>\n<p class=\" wall-content\"><b>Autour de Lille :<\/b><\/p>\n<ul class=\" wall-content\">\n<li><b>Aubers<\/b> \u2013 Vide-greniers de 8h00 \u00e0 13h00. Rue de Verdun. 350 exposants.<\/li>\n<li><b>Bauvin<\/b> \u2013 Grand d\u00e9barras de 9h00 \u00e0 13h00. Union Bauvinoise, 65 rue de la Gare.<\/li>\n<li><b>Cobrieux<\/b> \u2013 Vide-greniers de 12h30 \u00e0 18h00. Petite rue. 200 exposants.<\/li>\n<li><b>Croix<\/b> \u2013 Braderie de 8h00 \u00e0 16h00. Rue Jean Jaur\u00e8s.<\/li>\n<li><a href=\"https:\/\/actu.fr\/hauts-de-france\/lille_59350\/braderie-de-lille-ces-chiffres-qui-montrent-que-ledition-2025-sera-un-grand-cru_63053824.html\" rel=\"nofollow noopener\" target=\"_blank\">La Braderie de Lille<\/a><\/li>\n<li><b>Loos<\/b> \u2013 Braderie d\u2019Ennequin de 7h00 \u00e0 15h00. Parking du complexe sportif, 51 rue Guy M\u00f4quet. 170 exposants.<\/li>\n<li><b>Marcq-en-Bar\u0153ul<\/b> \u2013 Vide-greniers de 7h00 \u00e0 13h00. Rue Jules Guesde, rue Jean Jaur\u00e8s, rue de l\u2019\u00c9glise, contour de l\u2019\u00c9glise.<\/li>\n<li><b>Roubaix<\/b> \u2013 Vide-greniers de 9h00 \u00e0 16h00. Rue d\u2019Inkermann. 360 exposants.<\/li>\n<li><b>Tourcoing<\/b> \u2013 Vide-greniers de 9h00 \u00e0 15h00. Place Foch, rue Albert Calmette. 250 exposants.<\/li>\n<li><b>Wasquehal<\/b> \u2013 Vide-greniers de 8h00 \u00e0 16h00. Rue Louise Michel. 300 exposants.<\/li>\n<\/ul>\n<p class=\" wall-content\"><b>Autour de Douai :<\/b><\/p>\n<ul class=\" wall-content\">\n<li><b>Arleux<\/b> \u2013 Brocante de 8h00 \u00e0 19h00. Rue Fily, rue de Douai. 500 exposants.<\/li>\n<li><b>Courchelettes<\/b> \u2013 Braderie de Mirmel\u00e8ne de 7h00 \u00e0 13h00. Rue des Oeillets, rue Albert Charton, rue des \u00c9coles, rue des Bleuets, rue des Mimosas.<\/li>\n<li><b>Flines-lez-Raches<\/b> \u2013 Bourse aux vinyles de 9h00 \u00e0 18h00. Restaurant bar citoyen Chez Nous Autres. 4 rue du Moulin. 15 exposants.<\/li>\n<li><b>Pecquencourt<\/b> \u2013 Vide-greniers de 7h00 \u00e0 15h00. Rue Anchin.<\/li>\n<li><b>Somain<\/b> \u2013 Brocante en salle de 9h00 \u00e0 17h00. Centre Culturel Municipal Albert Camus, 2 place Victor Brachelet.<\/li>\n<li><b>Waziers<\/b> \u2013 Brocante de 7h00 \u00e0 17h00. Rue Faidherbe, rue Bernicourt.<\/li>\n<\/ul>\n<p class=\" wall-content\"><b>Autour de Cambrai :<\/b><\/p>\n<ul class=\" wall-content\">\n<li><b>Escaud\u0153uvres<\/b> \u2013 Brocante de 7h00 \u00e0 18h00. Rue Victor Hugo, rue Henri Barbusse, rue Jean Perrin. 120 exposants.<\/li>\n<li><b>Malincourt<\/b> \u2013 Brocante de 8h00 \u00e0 18h00. Place de la Victoire.<\/li>\n<\/ul>\n<p class=\" wall-content\"><b>Autour de Valenciennes :<\/b><\/p>\n<ul class=\" wall-content\">\n<li><b>Cond\u00e9-sur-l\u2019Escaut<\/b> \u2013 Brocante de 7h00 \u00e0 16h00. Rue Alphonse Delbauve. 40 exposants.<\/li>\n<li><b>Denain<\/b> \u2013 Brocante de 8h00 \u00e0 17h00. Parc Lebret, all\u00e9e des Ormes, all\u00e9e des Rosiers, all\u00e9e des Parterres. 180 exposants.<\/li>\n<li><b>Denain<\/b> \u2013 Brocante de 8h00 \u00e0 16h30. APEI, 1 rue Louis Petit. 70 exposants.<\/li>\n<li><b>Hasnon<\/b> \u2013 Brocante de 8h00 \u00e0 16h00. Place de Cataine, rue Victor Renard, rue \u00c9douard Vaillant. 150 exposants.<\/li>\n<li><b>Millonfosse<\/b> \u2013 Brocante de p\u00eache de 8h00 \u00e0 17h00. Halle, place Daniel Grard, route Hasnon. 15 exposants.<\/li>\n<li><b>Roeulx<\/b> \u2013 Brocante de 7h00 \u00e0 14h00. Avenue Henri Barbusse, rue Louise Michel, rue du 11 Novembre, rue Paul Vaillant Couturier. 350 exposants.<\/li>\n<li><b>Saint-Saulve<\/b> \u2013 Brocante de 8h00 \u00e0 18h00. Rue Victor Hornez, rue Henri Durre, rue du bas Marais, impasse du bas Marais, place Carnot. 500 exposants.<\/li>\n<li><b>Sebourg<\/b> \u2013 Brocante de 8h00 \u00e0 18h00. Rue des \u00c9coles, rue des Censes du Haut, place de la Mairie, rue des Anciens Combattants. 200 exposants.<\/li>\n<li><b>Trith-Saint-L\u00e9ger<\/b> \u2013 Brocante de 7h00 \u00e0 15h00. Rue Ghesqui\u00e8re, rue de la Clouterie, place du Fort. 300 exposants.<\/li>\n<li><b>Valenciennes<\/b> \u2013\u00a0Brocante de 8h00 \u00e0 17h00. Faubourg de Paris, parking Lacuzon, rue de Roubaix.<\/li>\n<li><b>Vieux-Cond\u00e9<\/b> \u2013 Brocante de 8h00 \u00e0 18h00. Rue C\u00e9sar Dewasme. 100 exposants.<\/li>\n<li><b>Wallers<\/b> \u2013 Brocante du Pont de Pierre de 8h00 \u00e0 17h00. Rue Jules Guesde. 300 exposants.<\/li>\n<\/ul>\n<p class=\" wall-content\"><b>Autour d\u2019Avesnes-sur-Helpe :<\/b><\/p>\n<ul class=\" wall-content\">\n<li><b>Bachant<\/b> \u2013 Brocante de 8h00 \u00e0 18h00. Rue Alphones Polvent, rue de la Puissance, rue Maurice Poirette. 80 exposants.<\/li>\n<li><b>Colleret<\/b> \u2013 Brocante Vide-greniers de 8h00 \u00e0 17h00. Rue des \u00c9coles. 100 exposants.<\/li>\n<li><b>Ferri\u00e8re-la-Grande<\/b> \u2013 Brocante de 7h00 \u00e0 18h00. Rue Anatole France.<\/li>\n<li><b>La Longueville<\/b> \u2013 Brocante de 6h00 \u00e0 18h00. Rue Maxime Qu\u00e9vy.<\/li>\n<li><b>Limont-Fontaine<\/b> \u2013 Bourse aux livres de 10h00 \u00e0 16h30. Salle de la Brasserie, rue de la Brasserie.<\/li>\n<li><b>Maubeuge<\/b> \u2013 Brocante de 6h00 \u00e0 18h00. Rue Haute, rue des Hauts Fourneaux, rue Sainte-\u00c9milie. 60 exposants.<\/li>\n<li><b>Maubeuge<\/b> \u2013 Vide-greniers de 6h00 \u00e0 18h00. Rue du Sart.<\/li>\n<li><b>Prisches<\/b> \u2013 Brocante de 8h00 \u00e0 18h00. Sur la place, rue de Beaurepaire. 80 exposants.<\/li>\n<li><b>Qui\u00e9velon<\/b> \u2013 Brocante de 7h00 \u00e0 17h00. Grand\u2019rue. 50 exposants.<\/li>\n<\/ul>\n<p class=\" wall-content\">Personnalisez votre actualit\u00e9 en ajoutant vos villes et m\u00e9dias en favori avec <a href=\"https:\/\/moncompte.actu.fr\" title=\"D\u00e9couvez Mon Actu\" rel=\"nofollow noopener\" data-trk=\"{&quot;cta&quot;:{&quot;action&quot;:&quot;https:\\\/\\\/moncompte.actu.fr&quot;,&quot;category&quot;:&quot;mon compte&quot;,&quot;from&quot;:&quot;article footer&quot;,&quot;name&quot;:&quot;Mon actu&quot;,&quot;type&quot;:&quot;cta&quot;}}\" target=\"_blank\">Mon Actu<\/a>.<\/p>\n","protected":false},"excerpt":{"rendered":"Par Hervine Mahaud Publi\u00e9 le 3 sept. 2025 \u00e0 11h26 Le week-end des 6 et 7 septembre 2025,&hellip;\n","protected":false},"author":2,"featured_media":364730,"comment_status":"","ping_status":"","sticky":false,"template":"","format":"standard","meta":{"footnotes":""},"categories":[2815],"tags":[1111,11,6961,1777,674,1011,27,811,1307,1652,12,25,3365],"class_list":{"0":"post-364729","1":"post","2":"type-post","3":"status-publish","4":"format-standard","5":"has-post-thumbnail","7":"category-lille","8":"tag-actu","9":"tag-actualites","10":"tag-brocante","11":"tag-eu","12":"tag-europe","13":"tag-fr","14":"tag-france","15":"tag-hauts-de-france","16":"tag-lille","17":"tag-loisirs-culture","18":"tag-news","19":"tag-republique-francaise","20":"tag-vide-greniers"},"share_on_mastodon":{"url":"https:\/\/pubeurope.com\/@fr\/115143856888262672","error":""},"_links":{"self":[{"href":"https:\/\/www.europesays.com\/fr\/wp-json\/wp\/v2\/posts\/364729","targetHints":{"allow":["GET"]}}],"collection":[{"href":"https:\/\/www.europesays.com\/fr\/wp-json\/wp\/v2\/posts"}],"about":[{"href":"https:\/\/www.europesays.com\/fr\/wp-json\/wp\/v2\/types\/post"}],"author":[{"embeddable":true,"href":"https:\/\/www.europesays.com\/fr\/wp-json\/wp\/v2\/users\/2"}],"replies":[{"embeddable":true,"href":"https:\/\/www.europesays.com\/fr\/wp-json\/wp\/v2\/comments?post=364729"}],"version-history":[{"count":0,"href":"https:\/\/www.europesays.com\/fr\/wp-json\/wp\/v2\/posts\/364729\/revisions"}],"wp:featuredmedia":[{"embeddable":true,"href":"https:\/\/www.europesays.com\/fr\/wp-json\/wp\/v2\/media\/364730"}],"wp:attachment":[{"href":"https:\/\/www.europesays.com\/fr\/wp-json\/wp\/v2\/media?parent=364729"}],"wp:term":[{"taxonomy":"category","embeddable":true,"href":"https:\/\/www.europesays.com\/fr\/wp-json\/wp\/v2\/categories?post=364729"},{"taxonomy":"post_tag","embeddable":true,"href":"https:\/\/www.europesays.com\/fr\/wp-json\/wp\/v2\/tags?post=364729"}],"curies":[{"name":"wp","href":"https:\/\/api.w.org\/{rel}","templated":true}]}}