{"id":36473,"date":"2025-04-19T12:23:22","date_gmt":"2025-04-19T12:23:22","guid":{"rendered":"https:\/\/www.europesays.com\/fr\/36473\/"},"modified":"2025-04-19T12:23:22","modified_gmt":"2025-04-19T12:23:22","slug":"sur-le-marche-de-wazemmes-une-fructueuse-operation-anti-trafic","status":"publish","type":"post","link":"https:\/\/www.europesays.com\/fr\/36473\/","title":{"rendered":"sur le march\u00e9 de Wazemmes, une fructueuse op\u00e9ration anti-trafic"},"content":{"rendered":"<p>            Par<br \/>\n        <strong><br \/>\n            <a href=\"https:\/\/actu.fr\/auteur\/redaction-lille\" title=\"Consulter tous les articles de R\u00e9daction Lille\" rel=\"nofollow noopener\" target=\"_blank\">R\u00e9daction Lille<\/a><br \/>\n        <\/strong><\/p>\n<p>        Publi\u00e9 le<\/p>\n<p>            18 avr. 2025 \u00e0 12h19        <\/p>\n<p>Les contr\u00f4les op\u00e9r\u00e9s conjointement par les <a href=\"https:\/\/actu.fr\/tag\/police\" rel=\"nofollow noopener\" target=\"_blank\">polices<\/a> nationale et municipale, ainsi que la douane ont \u00e9t\u00e9 fructueux, \u00e0 Lille (Nord). Jeudi 17 avril 2025, <b>une vaste op\u00e9ration visant \u00e0 mettre un coup d\u2019arr\u00eat aux trafics<\/b> en tous genres a \u00e9t\u00e9 men\u00e9e sur le <b><a href=\"https:\/\/actu.fr\/loisirs-culture\/voici-les-brocantes-prevues-dans-le-nord-et-le-pas-de-calais-pour-ce-lundi-de-paques_62523846.html\" rel=\"nofollow noopener\" target=\"_blank\">march\u00e9<\/a> de Wazemmes<\/b>. <a href=\"https:\/\/actu.fr\/hauts-de-france\/lille_59350\/lille-en-plein-wazemmes-le-vendeur-a-la-sauvette-proposait-des-cigarettes-et-la-drogue-du-pauvre_61878908.html\" rel=\"nofollow noopener\" target=\"_blank\">Tabac, m\u00e9dicaments<\/a>, articles de contrefa\u00e7on\u2026 Les saisies ont \u00e9t\u00e9 nombreuses.<\/p>\n<p>Op\u00e9ration anti-trafic sur le march\u00e9 de Wazemmes : des milliers d\u2019articles contrefaits saisis<\/p>\n<p class=\" wall-content\">Les infractions ont aussi bien \u00e9t\u00e9 observ\u00e9es chez les vendeurs professionnels du march\u00e9, cens\u00e9s pourtant \u00eatre en r\u00e8gle, que chez les vendeurs \u00e0 la sauvette. Au total, <b>2061 articles de contrefa\u00e7on<\/b> ont \u00e9t\u00e9 recens\u00e9s. <b>87 m\u00e9dicaments<\/b> ont \u00e9t\u00e9 saisis, et ainsi qu\u2019<b>1,3 kg de tabac<\/b>.<\/p>\n<p class=\" wall-content\">Ce sont 170 amendes qui ont dress\u00e9es.<\/p>\n<p class=\" wall-content\">Suivez toute l\u2019actualit\u00e9 de vos villes et m\u00e9dias favoris en vous inscrivant \u00e0 <a href=\"https:\/\/moncompte.actu.fr\" title=\"D\u00e9couvez Mon Actu\" rel=\"nofollow noopener\" data-trk=\"{&quot;cta&quot;:{&quot;action&quot;:&quot;https:\\\/\\\/moncompte.actu.fr&quot;,&quot;category&quot;:&quot;mon compte&quot;,&quot;from&quot;:&quot;article footer&quot;,&quot;name&quot;:&quot;Mon actu&quot;,&quot;type&quot;:&quot;cta&quot;}}\" target=\"_blank\">Mon Actu<\/a>.<\/p>\n","protected":false},"excerpt":{"rendered":"Par R\u00e9daction Lille Publi\u00e9 le 18 avr. 2025 \u00e0 12h19 Les contr\u00f4les op\u00e9r\u00e9s conjointement par les polices nationale&hellip;\n","protected":false},"author":2,"featured_media":36474,"comment_status":"","ping_status":"","sticky":false,"template":"","format":"standard","meta":{"footnotes":""},"categories":[2815],"tags":[1111,11,7622,1777,674,118,1011,27,811,1307,2089,12,25],"class_list":{"0":"post-36473","1":"post","2":"type-post","3":"status-publish","4":"format-standard","5":"has-post-thumbnail","7":"category-lille","8":"tag-actu","9":"tag-actualites","10":"tag-amendes","11":"tag-eu","12":"tag-europe","13":"tag-faits-divers","14":"tag-fr","15":"tag-france","16":"tag-hauts-de-france","17":"tag-lille","18":"tag-marche","19":"tag-news","20":"tag-republique-francaise"},"share_on_mastodon":{"url":"https:\/\/pubeurope.com\/@fr\/114364612834435491","error":""},"_links":{"self":[{"href":"https:\/\/www.europesays.com\/fr\/wp-json\/wp\/v2\/posts\/36473","targetHints":{"allow":["GET"]}}],"collection":[{"href":"https:\/\/www.europesays.com\/fr\/wp-json\/wp\/v2\/posts"}],"about":[{"href":"https:\/\/www.europesays.com\/fr\/wp-json\/wp\/v2\/types\/post"}],"author":[{"embeddable":true,"href":"https:\/\/www.europesays.com\/fr\/wp-json\/wp\/v2\/users\/2"}],"replies":[{"embeddable":true,"href":"https:\/\/www.europesays.com\/fr\/wp-json\/wp\/v2\/comments?post=36473"}],"version-history":[{"count":0,"href":"https:\/\/www.europesays.com\/fr\/wp-json\/wp\/v2\/posts\/36473\/revisions"}],"wp:featuredmedia":[{"embeddable":true,"href":"https:\/\/www.europesays.com\/fr\/wp-json\/wp\/v2\/media\/36474"}],"wp:attachment":[{"href":"https:\/\/www.europesays.com\/fr\/wp-json\/wp\/v2\/media?parent=36473"}],"wp:term":[{"taxonomy":"category","embeddable":true,"href":"https:\/\/www.europesays.com\/fr\/wp-json\/wp\/v2\/categories?post=36473"},{"taxonomy":"post_tag","embeddable":true,"href":"https:\/\/www.europesays.com\/fr\/wp-json\/wp\/v2\/tags?post=36473"}],"curies":[{"name":"wp","href":"https:\/\/api.w.org\/{rel}","templated":true}]}}