{"id":364732,"date":"2025-09-04T03:17:12","date_gmt":"2025-09-04T03:17:12","guid":{"rendered":"https:\/\/www.europesays.com\/fr\/364732\/"},"modified":"2025-09-04T03:17:12","modified_gmt":"2025-09-04T03:17:12","slug":"tunis-reclame-une-enquete-a-la-france-sur-un-meurtre-injustifie","status":"publish","type":"post","link":"https:\/\/www.europesays.com\/fr\/364732\/","title":{"rendered":"Tunis r\u00e9clame une enqu\u00eate \u00e0 la France sur un \u00ab\u00a0meurtre injustifi\u00e9\u00a0\u00bb"},"content":{"rendered":"<p>                          <img loading=\"lazy\" decoding=\"async\" src=\"https:\/\/www.europesays.com\/fr\/wp-content\/uploads\/2025\/09\/7544534_ftp-import-images-1-4rdxxomsng1t-5777579-01-06.jpg\" alt=\"Des policiers sur le lieu o\u00f9 un homme qui a\u00a0poignard\u00e9 cinq personnes a \u00e9t\u00e9 abattu, \u00e0\u00a0Marseille, le 2\u00a0septembre\u00a02025.\"   width=\"664\" height=\"443\"\/>    Des policiers sur le lieu o\u00f9 un homme qui a\u00a0poignard\u00e9 cinq personnes a \u00e9t\u00e9 abattu, \u00e0\u00a0Marseille, le 2\u00a0septembre\u00a02025.  CHRISTOPHE SIMON AFP                        <\/p>\n<p class=\"article__paragraph  \">La Tunisie a qualifi\u00e9, mercredi 3\u00a0septembre, de \u00ab\u00a0meurtre injustifi\u00e9\u00a0\u00bb la mort d\u2019un de ses ressortissants, abattu la veille \u00e0 Marseille par la police fran\u00e7aise apr\u00e8s une attaque au couteau. Tunis r\u00e9clame \u00e9galement une enqu\u00eate rapide \u00e0 la France.<\/p>\n<p>                                          Lire aussi |  Article r\u00e9serv\u00e9 \u00e0 nos abonn\u00e9s  <a href=\"https:\/\/www.lemonde.fr\/societe\/article\/2025\/09\/02\/attaque-a-l-arme-blanche-a-marseille-il-frappait-a-l-aveugle_6638489_3224.html\" class=\"js-article-read-also catcher--favoris__link\" data-premium=\"1\" id=\"article-title-3436442\" rel=\"nofollow noopener\" target=\"_blank\">Attaque \u00e0 l\u2019arme blanche \u00e0 Marseille\u00a0: le \u00ab\u00a0p\u00e9riple criminel\u00a0\u00bb de l\u2019homme qui a poignard\u00e9 plusieurs personnes<\/a>    <\/p>\n<p>   Lire plus tard  <\/p>\n<p class=\"article__paragraph  \">Le minist\u00e8re des affaires \u00e9trang\u00e8res tunisien a annonc\u00e9, dans un communiqu\u00e9, avoir convoqu\u00e9 le charg\u00e9 d\u2019affaires par int\u00e9rim de l\u2019ambassade de France \u00e0 Tunis pour lui faire part de sa \u00ab\u00a0vive protestation\u00a0\u00bb. Le minist\u00e8re a pr\u00e9cis\u00e9 lui avoir demand\u00e9 \u00ab\u00a0de transmettre aux autorit\u00e9s de son pays le fait que la Tunisie consid\u00e8re cet incident comme un meurtre injustifi\u00e9, et attend de la partie fran\u00e7aise toute la rigueur et la c\u00e9l\u00e9rit\u00e9 n\u00e9cessaires dans l\u2019enqu\u00eate\u00a0\u00bb.<\/p>\n<p class=\"article__paragraph  \">Tunis a \u00e9galement d\u00e9clar\u00e9 entendre \u00ab\u00a0prendre toutes les mesures pour pr\u00e9server les droits du d\u00e9funt et ceux de sa famille\u00a0\u00bb.<\/p>\n<p>                  Condamn\u00e9 en\u00a02023\u00a0pour violences avec arme                  <\/p>\n<p class=\"article__paragraph  \">Ce ressortissant tunisien de 35\u00a0ans a \u00e9t\u00e9 abattu par des policiers dans un quartier tr\u00e8s fr\u00e9quent\u00e9 du centre de Marseille, dans le sud-est de la France, apr\u00e8s avoir bless\u00e9 au couteau cinq personnes, selon le procureur de la deuxi\u00e8me ville de France, Nicolas Bessone.<\/p>\n<p class=\"article__paragraph  \">S\u2019il \u00e9tait connu pour \u00ab\u00a0sa violence et ses probl\u00e8mes d\u2019addiction \u00e0 la fois \u00e0 la coca\u00efne et \u00e0\u00a0l\u2019alcool\u00a0\u00bb, pr\u00e9cise le magistrat, <a href=\"https:\/\/www.lemonde.fr\/societe\/article\/2025\/09\/03\/attaque-a-l-arme-blanche-a-marseille-l-auteur-n-etait-pas-radicalise-mais-souffrait-de-troubles-psychiatriques_6638789_3224.html\" rel=\"nofollow noopener\" target=\"_blank\">il \u00ab\u00a0n\u2019apparaissait pas radicalis\u00e9 mais souffrant de troubles psychiatriques\u00a0\u00bb<\/a>. En\u00a02023, il avait notamment \u00e9t\u00e9 condamn\u00e9 \u00e0 La\u00a0Rochelle pour des violences avec arme commises sur un neveu.<\/p>\n<p class=\"article__paragraph  \">Selon les premiers \u00e9l\u00e9ments rapport\u00e9s par le procureur, son \u00ab\u00a0p\u00e9riple criminel\u00a0\u00bb a commenc\u00e9 mardi apr\u00e8s son expulsion d\u2019un h\u00f4tel pour d\u00e9faut de paiement. D\u2019apr\u00e8s les autorit\u00e9s, il a\u00a0poignard\u00e9 plusieurs personnes dans cet \u00e9tablissement avant d\u2019entamer une errance mena\u00e7ante dans les rues, qui l\u2019a men\u00e9 \u00e0 quelques centaines de m\u00e8tres du Vieux-Port, arm\u00e9 de deux couteaux et d\u2019une barre de fer.<\/p>\n<p class=\"article__paragraph  \">C\u2019est avec ces armes, selon le procureur, qu\u2019il a menac\u00e9 une patrouille de policiers en civil qui, alert\u00e9s par \u00ab\u00a0la rumeur publique\u00a0\u00bb, l\u2019ont mis en joue. L\u2019homme les mena\u00e7ant, les fonctionnaires ont ouvert le feu \u00e0 six reprises alors qu\u2019il faisait des mouvements vers eux. Touch\u00e9 de cinq balles, il n\u2019a pas pu \u00eatre ranim\u00e9 et est mort sur place.<\/p>\n<p class=\"author__detail\">  Le Monde avec AFP  <\/p>\n","protected":false},"excerpt":{"rendered":"Des policiers sur le lieu o\u00f9 un homme qui a\u00a0poignard\u00e9 cinq personnes a \u00e9t\u00e9 abattu, \u00e0\u00a0Marseille, le 2\u00a0septembre\u00a02025.&hellip;\n","protected":false},"author":2,"featured_media":364733,"comment_status":"","ping_status":"","sticky":false,"template":"","format":"standard","meta":{"footnotes":""},"categories":[2814],"tags":[1111,11,1777,674,1011,27,884,12,882,25],"class_list":{"0":"post-364732","1":"post","2":"type-post","3":"status-publish","4":"format-standard","5":"has-post-thumbnail","7":"category-marseille","8":"tag-actu","9":"tag-actualites","10":"tag-eu","11":"tag-europe","12":"tag-fr","13":"tag-france","14":"tag-marseille","15":"tag-news","16":"tag-provence-alpes-cote-dazur","17":"tag-republique-francaise"},"share_on_mastodon":{"url":"https:\/\/pubeurope.com\/@fr\/115143864882301119","error":""},"_links":{"self":[{"href":"https:\/\/www.europesays.com\/fr\/wp-json\/wp\/v2\/posts\/364732","targetHints":{"allow":["GET"]}}],"collection":[{"href":"https:\/\/www.europesays.com\/fr\/wp-json\/wp\/v2\/posts"}],"about":[{"href":"https:\/\/www.europesays.com\/fr\/wp-json\/wp\/v2\/types\/post"}],"author":[{"embeddable":true,"href":"https:\/\/www.europesays.com\/fr\/wp-json\/wp\/v2\/users\/2"}],"replies":[{"embeddable":true,"href":"https:\/\/www.europesays.com\/fr\/wp-json\/wp\/v2\/comments?post=364732"}],"version-history":[{"count":0,"href":"https:\/\/www.europesays.com\/fr\/wp-json\/wp\/v2\/posts\/364732\/revisions"}],"wp:featuredmedia":[{"embeddable":true,"href":"https:\/\/www.europesays.com\/fr\/wp-json\/wp\/v2\/media\/364733"}],"wp:attachment":[{"href":"https:\/\/www.europesays.com\/fr\/wp-json\/wp\/v2\/media?parent=364732"}],"wp:term":[{"taxonomy":"category","embeddable":true,"href":"https:\/\/www.europesays.com\/fr\/wp-json\/wp\/v2\/categories?post=364732"},{"taxonomy":"post_tag","embeddable":true,"href":"https:\/\/www.europesays.com\/fr\/wp-json\/wp\/v2\/tags?post=364732"}],"curies":[{"name":"wp","href":"https:\/\/api.w.org\/{rel}","templated":true}]}}