{"id":364734,"date":"2025-09-04T03:18:11","date_gmt":"2025-09-04T03:18:11","guid":{"rendered":"https:\/\/www.europesays.com\/fr\/364734\/"},"modified":"2025-09-04T03:18:11","modified_gmt":"2025-09-04T03:18:11","slug":"gse-renforce-sa-presence-en-auvergne-et-dans-la-loire-avec-la-nomination-detienne-christophe","status":"publish","type":"post","link":"https:\/\/www.europesays.com\/fr\/364734\/","title":{"rendered":"GSE renforce sa pr\u00e9sence en Auvergne et dans la Loire avec la nomination d\u2019\u00c9tienne Christophe"},"content":{"rendered":"<p>                                                        <img loading=\"lazy\" decoding=\"async\" width=\"1024\" height=\"889\" src=\"data:image\/svg+xml,%3Csvg%20xmlns=\" http:=\"\" class=\"thumb img-responsive m-x-auto block w-full\" alt=\"lyon entreprises nomination gse\" caption=\"\" data-lazy-src=\"https:\/\/www.europesays.com\/fr\/wp-content\/uploads\/2025\/09\/lyon-entreprises-nomination-gse-scaled-e1756916557362-1024x889.jpg\"\/><\/p>\n<p class=\"ez-toc-title ez-toc-toggle\" style=\"cursor: pointer\">Sommaire &amp; acc\u00e8s rapide<\/p>\n<p><a href=\"#\" class=\"ez-toc-pull-right ez-toc-btn ez-toc-btn-xs ez-toc-btn-default ez-toc-toggle\" aria-label=\"Toggle Table of Content\">Toggle<\/a><\/p>\n<p><strong>Le groupe GSE annonce la nomination d\u2019\u00c9tienne Christophe au poste de Responsable D\u00e9veloppement pour l\u2019Auvergne et la Loire. Ce recrutement strat\u00e9gique illustre la volont\u00e9 du sp\u00e9cialiste de l\u2019immobilier d\u2019entreprise de consolider son ancrage local et de soutenir une croissance durable au service des territoires.<\/strong><\/p>\n<p>Un profil exp\u00e9riment\u00e9 au service des territoires<\/p>\n<p>\u00c2g\u00e9 de 33 ans et dipl\u00f4m\u00e9 de l\u2019INSA Lyon, \u00c9tienne Christophe s\u2019est sp\u00e9cialis\u00e9 en ing\u00e9nierie de l\u2019\u00e9nergie, de l\u2019environnement et du g\u00e9nie civil. Il a d\u00e9but\u00e9 sa carri\u00e8re chez Total Energies avant de rejoindre Eiffage Construction, o\u00f9 il a exerc\u00e9 durant pr\u00e8s de dix ans. Dans ce cadre, il a notamment d\u00e9velopp\u00e9 une activit\u00e9 de Travaux Services d\u00e9di\u00e9e aux secteurs de la sant\u00e9 et des laboratoires, en encadrant une \u00e9quipe sp\u00e9cialis\u00e9e dans les interventions en sites occup\u00e9s. Il a \u00e9galement pilot\u00e9 plusieurs projets industriels et tertiaires, en construction neuve comme en r\u00e9novation.<\/p>\n<p>Une vision align\u00e9e avec les valeurs de GSE<\/p>\n<p>Passionn\u00e9 par l\u2019\u00e9conomie, l\u2019industrie et l\u2019efficacit\u00e9 \u00e9nerg\u00e9tique, \u00c9tienne Christophe partage les valeurs de GSE en mati\u00e8re d\u2019innovation et de performance environnementale. \u00ab Je suis ravi d\u2019avoir rejoint GSE et d\u2019accompagner la croissance du groupe sur sa trajectoire ambitieuse et vertueuse. (\u2026) Je suis impatient d\u2019intervenir en Auvergne et dans la Loire, berceaux industriels historiques de notre pays \u00bb, a-t-il d\u00e9clar\u00e9.<\/p>\n<p>Un r\u00f4le cl\u00e9 pour l\u2019ancrage r\u00e9gional<\/p>\n<p>Dans ses nouvelles fonctions, \u00c9tienne Christophe aura pour mission de consolider les partenariats existants, d\u2019identifier de nouvelles opportunit\u00e9s de d\u00e9veloppement et de mettre en \u0153uvre la strat\u00e9gie de croissance durable de GSE dans ces territoires. Li\u00e8s Branche, Directeur R\u00e9gion Auvergne-Rh\u00f4ne-Alpes, salue cette nomination : \u00ab Je suis convaincu qu\u2019\u00c9tienne saura, par son exp\u00e9rience et son dynamisme, contribuer activement \u00e0 notre ancrage territorial en valorisant les richesses industrielles et \u00e9conomiques de l\u2019Auvergne et de la Loire. \u00bb<\/p>\n<p>GSE, un acteur engag\u00e9 dans l\u2019immobilier d\u2019entreprise<\/p>\n<p>Depuis sa cr\u00e9ation en 1976, GSE s\u2019impose comme un acteur de r\u00e9f\u00e9rence de l\u2019immobilier d\u2019entreprise, assurant la prise en charge compl\u00e8te des projets, de la recherche fonci\u00e8re \u00e0 la r\u00e9alisation. Sp\u00e9cialis\u00e9 dans les b\u00e2timents intelligents et durables, le groupe d\u00e9ploie son expertise dans les secteurs industriel, logistique et tertiaire, et a r\u00e9cemment \u00e9tendu son activit\u00e9 \u00e0 la r\u00e9novation de b\u00e2timents. En 2023\/24, GSE a r\u00e9alis\u00e9 un chiffre d\u2019affaires de 875,5 millions d\u2019euros. Devenu \u00ab Entreprise \u00e0 Mission \u00bb en 2023, le groupe compte plus de 600 collaborateurs et 14 implantations en France, et s\u2019appuie sur la solidit\u00e9 du groupe Goldbeck, leader europ\u00e9en de la construction cl\u00e9 en main.<\/p>\n","protected":false},"excerpt":{"rendered":"Sommaire &amp; acc\u00e8s rapide Toggle Le groupe GSE annonce la nomination d\u2019\u00c9tienne Christophe au poste de Responsable D\u00e9veloppement&hellip;\n","protected":false},"author":2,"featured_media":364735,"comment_status":"","ping_status":"","sticky":false,"template":"","format":"standard","meta":{"footnotes":""},"categories":[1889],"tags":[1111,11,2430,1777,674,1011,27,2428,12,25],"class_list":{"0":"post-364734","1":"post","2":"type-post","3":"status-publish","4":"format-standard","5":"has-post-thumbnail","7":"category-lyon","8":"tag-actu","9":"tag-actualites","10":"tag-auvergne-rhone-alpes","11":"tag-eu","12":"tag-europe","13":"tag-fr","14":"tag-france","15":"tag-lyon","16":"tag-news","17":"tag-republique-francaise"},"share_on_mastodon":{"url":"https:\/\/pubeurope.com\/@fr\/115143868686644558","error":""},"_links":{"self":[{"href":"https:\/\/www.europesays.com\/fr\/wp-json\/wp\/v2\/posts\/364734","targetHints":{"allow":["GET"]}}],"collection":[{"href":"https:\/\/www.europesays.com\/fr\/wp-json\/wp\/v2\/posts"}],"about":[{"href":"https:\/\/www.europesays.com\/fr\/wp-json\/wp\/v2\/types\/post"}],"author":[{"embeddable":true,"href":"https:\/\/www.europesays.com\/fr\/wp-json\/wp\/v2\/users\/2"}],"replies":[{"embeddable":true,"href":"https:\/\/www.europesays.com\/fr\/wp-json\/wp\/v2\/comments?post=364734"}],"version-history":[{"count":0,"href":"https:\/\/www.europesays.com\/fr\/wp-json\/wp\/v2\/posts\/364734\/revisions"}],"wp:featuredmedia":[{"embeddable":true,"href":"https:\/\/www.europesays.com\/fr\/wp-json\/wp\/v2\/media\/364735"}],"wp:attachment":[{"href":"https:\/\/www.europesays.com\/fr\/wp-json\/wp\/v2\/media?parent=364734"}],"wp:term":[{"taxonomy":"category","embeddable":true,"href":"https:\/\/www.europesays.com\/fr\/wp-json\/wp\/v2\/categories?post=364734"},{"taxonomy":"post_tag","embeddable":true,"href":"https:\/\/www.europesays.com\/fr\/wp-json\/wp\/v2\/tags?post=364734"}],"curies":[{"name":"wp","href":"https:\/\/api.w.org\/{rel}","templated":true}]}}