{"id":364748,"date":"2025-09-04T03:26:29","date_gmt":"2025-09-04T03:26:29","guid":{"rendered":"https:\/\/www.europesays.com\/fr\/364748\/"},"modified":"2025-09-04T03:26:29","modified_gmt":"2025-09-04T03:26:29","slug":"la-12e-brigade-azov-a-contre-attaque-avec-acharnement-la-russie-a-utilise-laviation-pour-len-empecher","status":"publish","type":"post","link":"https:\/\/www.europesays.com\/fr\/364748\/","title":{"rendered":"La 12e brigade Azov a contre-attaqu\u00e9 avec acharnement, la Russie a utilis\u00e9 l&rsquo;aviation pour l&rsquo;en emp\u00eacher."},"content":{"rendered":"<p><img loading=\"lazy\" decoding=\"async\" id=\"117308\" alt=\"1-5125.jpg\" data-width=\"1020\" data-height=\"439\" data-image-id=\"117308\" class=\"lazyload cms-photo\" data-large-src=\"https:\/\/cdn.kienthuc.net.vn\/images\/f29961af037b452c78b71dbad29268b98bf2b86c4f727066404e445966311abd6c913ba9062388d477cbae1158c9a703\/1-5125.jpg\" src=\"https:\/\/www.europesays.com\/fr\/wp-content\/uploads\/2025\/09\/1-5125.jpg\" title=\"La situation \u00e0 l'est de la ville de Dobropillia, au nord de Pokrovsk, a r\u00e9cemment pris une tournure inattendue. Une contre-attaque ukrainienne dans cette zone a emp\u00each\u00e9 les forces arm\u00e9es russes (RFAF) de r\u00e9aliser une perc\u00e9e strat\u00e9gique vers Petrovsk-Dniepr.\" width=\"750\" height=\"322\"\/> La situation \u00e0 l&rsquo;est de la ville de Dobropillia, au nord de Pokrovsk, a r\u00e9cemment pris une tournure inattendue. Une contre-attaque ukrainienne dans cette zone a emp\u00each\u00e9 les forces arm\u00e9es russes (RFAF) de r\u00e9aliser une perc\u00e9e strat\u00e9gique vers Petrovsk-Dniepr. <img loading=\"lazy\" decoding=\"async\" id=\"117309\" alt=\"2-5563.jpg\" data-width=\"686\" data-height=\"429\" data-image-id=\"117309\" class=\"lazyload cms-photo\" data-large-src=\"https:\/\/cdn.kienthuc.net.vn\/images\/f29961af037b452c78b71dbad29268b91cf9a7af3381464ed688d31dcddca316a28e498fb53cd852da9e60841d47aad3\/2-5563.jpg\" src=\"https:\/\/www.europesays.com\/fr\/wp-content\/uploads\/2025\/09\/2-5563.jpg\" title=\"Face \u00e0 cette situation d\u00e9favorable, le commandant en chef de l'arm\u00e9e ukrainienne, le g\u00e9n\u00e9ral Syrsky, lan\u00e7a une contre-attaque tous azimuts. Pour reprendre les villages de Zolotyi Kolodyaz, Rubizhne et le saillant de Kucheriv Yar, le g\u00e9n\u00e9ral Silsky d\u00e9ploya un effort d\u00e9cisif.\" width=\"686\" height=\"429\"\/> Face \u00e0 cette situation d\u00e9favorable, le commandant en chef de l&rsquo;arm\u00e9e ukrainienne, le g\u00e9n\u00e9ral Syrsky, lan\u00e7a une contre-attaque tous azimuts. Pour reprendre les villages de Zolotyi Kolodyaz, Rubizhne et le saillant de Kucheriv Yar, le g\u00e9n\u00e9ral Silsky d\u00e9ploya un effort d\u00e9cisif. <img loading=\"lazy\" decoding=\"async\" id=\"117310\" alt=\"3-1440.jpg\" data-width=\"898\" data-height=\"447\" data-image-id=\"117310\" class=\"lazyload cms-photo\" data-large-src=\"https:\/\/cdn.kienthuc.net.vn\/images\/f29961af037b452c78b71dbad29268b9c799a437bd7e11e2a4f8f6448792a4dc6b51a28f97eb1bb3b24c6f6f2c23f1ec\/3-1440.jpg\" src=\"https:\/\/www.europesays.com\/fr\/wp-content\/uploads\/2025\/09\/3-1440.jpg\" title=\"Le g\u00e9n\u00e9ral Syrsky a non seulement lanc\u00e9 dans cette contre-offensive toute la 12e brigade d'assaut s\u00e9par\u00e9e d'Azov, mais a \u00e9galement mobilis\u00e9 d'urgence des unit\u00e9s d'\u00e9lite ukrainiennes telles que la 93e brigade d'infanterie motoris\u00e9e et le 253e bataillon d'assaut s\u00e9par\u00e9 de l'oblast de Soumy et d'autres r\u00e9gions.\" width=\"750\" height=\"373\"\/> Le g\u00e9n\u00e9ral Syrsky a non seulement lanc\u00e9 dans cette contre-offensive toute la 12e brigade d&rsquo;assaut s\u00e9par\u00e9e d&rsquo;Azov, mais a \u00e9galement mobilis\u00e9 d&rsquo;urgence des unit\u00e9s d&rsquo;\u00e9lite ukrainiennes telles que la 93e brigade d&rsquo;infanterie motoris\u00e9e et le 253e bataillon d&rsquo;assaut s\u00e9par\u00e9 de l&rsquo;oblast de Soumy et d&rsquo;autres r\u00e9gions. <img loading=\"lazy\" decoding=\"async\" id=\"117311\" alt=\"4-9071.jpg\" data-width=\"1020\" data-height=\"574\" data-image-id=\"117311\" class=\"lazyload cms-photo\" data-large-src=\"https:\/\/cdn.kienthuc.net.vn\/images\/f29961af037b452c78b71dbad29268b9fb1729a911d1dbf4ef3284d4b85f96b4435e470c4a31afac0cd747f4123f1436\/4-9071.jpg\" src=\"https:\/\/www.europesays.com\/fr\/wp-content\/uploads\/2025\/09\/4-9071.jpg\" title=\"Le soir du 27 ao\u00fbt, la bataille commen\u00e7a officiellement, la 12e brigade Azov prenant la ligne d'attaque principale, lan\u00e7ant une attaque f\u00e9roce au nord du village de Nove Shakhove, tandis que le 253e bataillon de choc s\u00e9par\u00e9 avan\u00e7ait au sud de Vladimivka.\" width=\"750\" height=\"422\"\/> Le soir du 27 ao\u00fbt, la bataille commen\u00e7a officiellement, la 12e brigade Azov prenant la ligne d&rsquo;attaque principale, lan\u00e7ant une attaque f\u00e9roce au nord du village de Nove Shakhove, tandis que le 253e bataillon de choc s\u00e9par\u00e9 avan\u00e7ait au sud de Vladimivka. <img loading=\"lazy\" decoding=\"async\" id=\"117312\" alt=\"5-7875.jpg\" data-width=\"1020\" data-height=\"681\" data-image-id=\"117312\" class=\"lazyload cms-photo\" data-large-src=\"https:\/\/cdn.kienthuc.net.vn\/images\/f29961af037b452c78b71dbad29268b9bd2090c83613cd844c9b43addf30c6081f519069cbe7dd527a8ed6c8ba0393c8\/5-7875.jpg\" src=\"https:\/\/www.europesays.com\/fr\/wp-content\/uploads\/2025\/09\/5-7875.jpg\" title=\"L'intention op\u00e9rationnelle de ces deux unit\u00e9s d'\u00e9lite ukrainiennes \u00e9tait claire : p\u00e9n\u00e9trer le saillant de Kucheriv Yar depuis ses racines et couper les liens terrestres entre la 132e brigade russe dans les r\u00e9gions de Rubizhny, Vilne et Kucheriv Yar et la 51e arm\u00e9e russe \u00e0 l'est.\" width=\"750\" height=\"500\"\/> L&rsquo;intention op\u00e9rationnelle de ces deux unit\u00e9s d&rsquo;\u00e9lite ukrainiennes \u00e9tait claire : p\u00e9n\u00e9trer le saillant de Kucheriv Yar depuis ses racines et couper les liens terrestres entre la 132e brigade russe dans les r\u00e9gions de Rubizhny, Vilne et Kucheriv Yar et la 51e arm\u00e9e russe \u00e0 l&rsquo;est. <img loading=\"lazy\" decoding=\"async\" id=\"117313\" alt=\"6-1253.jpg\" data-width=\"1020\" data-height=\"572\" data-image-id=\"117313\" class=\"lazyload cms-photo\" data-large-src=\"https:\/\/cdn.kienthuc.net.vn\/images\/f29961af037b452c78b71dbad29268b9f939b4e6bfecea9a48c863493c0a42007f0087acc0af67a37fb4b991a552ecce\/6-1253.jpg\" src=\"https:\/\/www.europesays.com\/fr\/wp-content\/uploads\/2025\/09\/6-1253.jpg\" title=\"L'objectif de cette perc\u00e9e \u00e9tait d'encercler et de d\u00e9truire la 132e brigade de la RFAF au niveau du saillant\u00a0; au minimum, d'ouvrir une voie de fuite aux plus de 3\u00a0000 soldats ukrainiens de la 93e brigade d'infanterie m\u00e9canis\u00e9e, bloqu\u00e9s dans la ville de Shahove. Mais tactiquement, la contre-attaque ukrainienne constituait une \u00ab\u00a0perc\u00e9e\u00a0\u00bb risqu\u00e9e.\" width=\"750\" height=\"420\"\/> L&rsquo;objectif de cette perc\u00e9e \u00e9tait d&rsquo;encercler et de d\u00e9truire la 132e brigade de la RFAF au niveau du saillant\u00a0; au minimum, d&rsquo;ouvrir une voie de fuite aux plus de 3\u00a0000 soldats ukrainiens de la 93e brigade d&rsquo;infanterie m\u00e9canis\u00e9e, bloqu\u00e9s dans la ville de Shahove. Mais tactiquement, la contre-attaque ukrainienne constituait une \u00ab\u00a0perc\u00e9e\u00a0\u00bb risqu\u00e9e. <img loading=\"lazy\" decoding=\"async\" id=\"117253\" alt=\"12.jpg\" data-width=\"1280\" data-height=\"814\" data-image-id=\"117253\" class=\"lazyload cms-photo\" data-large-src=\"https:\/\/cdn.kienthuc.net.vn\/images\/f29961af037b452c78b71dbad29268b98bf2b86c4f727066404e445966311abd97844bd20040ea62236c6abae2ec9343\/12.jpg\" src=\"https:\/\/www.europesays.com\/fr\/wp-content\/uploads\/2025\/09\/12.jpg\" title=\"Confront\u00e9es \u00e0 un d\u00e9savantage consid\u00e9rable, les Forces arm\u00e9es ukrainiennes (FAU) ont cherch\u00e9 \u00e0 briser la position d\u00e9fensive des FAU dans la zone de \u00ab\u00a0coin\u00a0\u00bb et \u00e0 renverser la situation sur le champ de bataille en concentrant des forces sup\u00e9rieures dans une zone localis\u00e9e. Cette tactique a souvent \u00e9t\u00e9 couronn\u00e9e de succ\u00e8s au cours de l'histoire, mais comporte \u00e9galement des risques importants.\" width=\"750\" height=\"476\"\/> Confront\u00e9es \u00e0 un d\u00e9savantage consid\u00e9rable, les Forces arm\u00e9es ukrainiennes (FAU) ont cherch\u00e9 \u00e0 briser la position d\u00e9fensive des FAU dans la zone de \u00ab\u00a0coin\u00a0\u00bb et \u00e0 renverser la situation sur le champ de bataille en concentrant des forces sup\u00e9rieures dans une zone localis\u00e9e. Cette tactique a souvent \u00e9t\u00e9 couronn\u00e9e de succ\u00e8s au cours de l&rsquo;histoire, mais comporte \u00e9galement des risques importants. <img loading=\"lazy\" decoding=\"async\" id=\"96435\" alt=\"9.jpg\" data-width=\"2560\" data-height=\"1707\" data-image-id=\"96435\" class=\"lazyload cms-photo\" data-large-src=\"https:\/\/cdn.kienthuc.net.vn\/images\/f29961af037b452c78b71dbad29268b97c2cc7dbafc75cdf376e2efaefefb1779e6e282d4dbce15807e8ed2360d03817\/9.jpg\" src=\"https:\/\/www.europesays.com\/fr\/wp-content\/uploads\/2025\/09\/9.jpg\" title=\"Si la contre-attaque \u00e9choue, l\u2019arm\u00e9e ukrainienne perdra non seulement un grand nombre de soldats et d\u2019armes modernes, mais affaiblira \u00e9galement davantage ses propres capacit\u00e9s de d\u00e9fense, cr\u00e9ant ainsi davantage d\u2019opportunit\u00e9s pour les attaques russes.\" width=\"750\" height=\"500\"\/> Si la contre-attaque \u00e9choue, l\u2019arm\u00e9e ukrainienne perdra non seulement un grand nombre de soldats et d\u2019armes modernes, mais affaiblira \u00e9galement davantage ses propres capacit\u00e9s de d\u00e9fense, cr\u00e9ant ainsi davantage d\u2019opportunit\u00e9s pour les attaques russes. <img loading=\"lazy\" decoding=\"async\" id=\"117247\" alt=\"6.jpg\" data-width=\"1563\" data-height=\"865\" data-image-id=\"117247\" class=\"lazyload cms-photo\" data-large-src=\"https:\/\/cdn.kienthuc.net.vn\/images\/f29961af037b452c78b71dbad29268b9f939b4e6bfecea9a48c863493c0a42009e6e282d4dbce15807e8ed2360d03817\/6.jpg\" src=\"https:\/\/www.europesays.com\/fr\/wp-content\/uploads\/2025\/09\/1756956381_332_6.jpg\" title=\"Au matin du 28 ao\u00fbt, l'offensive ukrainienne avait progress\u00e9, la partie la plus \u00e9troite de Kucheriv Yar \u00e9tant \u00e0 moins de trois kilom\u00e8tres. La situation sur le champ de bataille \u00e9tait donc extr\u00eamement d\u00e9favorable pour la 132e brigade russe, comme si elle \u00e9tait encercl\u00e9e par l'arm\u00e9e ukrainienne et risquait d'\u00eatre encercl\u00e9e et d\u00e9truite \u00e0 tout moment.\" width=\"750\" height=\"415\"\/> Au matin du 28 ao\u00fbt, l&rsquo;offensive ukrainienne avait progress\u00e9, la partie la plus \u00e9troite de Kucheriv Yar \u00e9tant \u00e0 moins de trois kilom\u00e8tres. La situation sur le champ de bataille \u00e9tait donc extr\u00eamement d\u00e9favorable pour la 132e brigade russe, comme si elle \u00e9tait encercl\u00e9e par l&rsquo;arm\u00e9e ukrainienne et risquait d&rsquo;\u00eatre encercl\u00e9e et d\u00e9truite \u00e0 tout moment. <img loading=\"lazy\" decoding=\"async\" id=\"117314\" alt=\"10-4165.jpg\" data-width=\"746\" data-height=\"305\" data-image-id=\"117314\" class=\"lazyload cms-photo\" data-large-src=\"https:\/\/cdn.kienthuc.net.vn\/images\/f29961af037b452c78b71dbad29268b98bf2b86c4f727066404e445966311abda400a9537ed9bc13575658da00bb05dd\/10-4165.jpg\" src=\"https:\/\/www.europesays.com\/fr\/wp-content\/uploads\/2025\/09\/10-4165.jpg\" title=\"Face \u00e0 la f\u00e9roce contre-attaque ukrainienne, la 51e arm\u00e9e russe r\u00e9agit promptement. Elle ordonna imm\u00e9diatement aux forces a\u00e9rospatiales d'apporter un appui-feu, menant des frappes a\u00e9riennes sur la 12e brigade Azov au nord de Nove Shakhove et le 253e bataillon d'assaut ind\u00e9pendant des FAU au sud de Vladimivka, afin d'emp\u00eacher les deux ailes ukrainiennes de combiner leurs forces et d'assurer la fluidit\u00e9 du ravitaillement et du transport vers le promontoire de Kucheriv Yar.\" width=\"746\" height=\"305\"\/> Face \u00e0 la f\u00e9roce contre-attaque ukrainienne, la 51e arm\u00e9e russe r\u00e9agit promptement. Elle ordonna imm\u00e9diatement aux forces a\u00e9rospatiales d&rsquo;apporter un appui-feu, menant des frappes a\u00e9riennes sur la 12e brigade Azov au nord de Nove Shakhove et le 253e bataillon d&rsquo;assaut ind\u00e9pendant des FAU au sud de Vladimivka, afin d&#8217;emp\u00eacher les deux ailes ukrainiennes de combiner leurs forces et d&rsquo;assurer la fluidit\u00e9 du ravitaillement et du transport vers le promontoire de Kucheriv Yar. <img loading=\"lazy\" decoding=\"async\" id=\"117243\" alt=\"2.jpg\" data-width=\"900\" data-height=\"600\" data-image-id=\"117243\" class=\"lazyload cms-photo\" data-large-src=\"https:\/\/cdn.kienthuc.net.vn\/images\/f29961af037b452c78b71dbad29268b91cf9a7af3381464ed688d31dcddca3169e6e282d4dbce15807e8ed2360d03817\/2.jpg\" src=\"https:\/\/www.europesays.com\/fr\/wp-content\/uploads\/2025\/09\/1756956383_76_2.jpg\" title=\"Cette strat\u00e9gie de riposte militaire russe refl\u00e8te sa riche exp\u00e9rience du combat et ses solides capacit\u00e9s de commandement militaire. Dans la guerre moderne, la sup\u00e9riorit\u00e9 a\u00e9rienne et la puissance de feu jouent souvent un r\u00f4le cl\u00e9. Profitant de l'avantage de puissance de feu des forces a\u00e9rospatiales russes, la RFAF a cibl\u00e9 les points d'attaque cl\u00e9s de l'Ukraine, ralentissant consid\u00e9rablement l'offensive ukrainienne et perturbant le d\u00e9ploiement des forces, affaiblissant ainsi l'efficacit\u00e9 au combat.\" width=\"750\" height=\"500\"\/> Cette strat\u00e9gie de riposte <a class=\"data-link\" data-org-href=\"https:\/\/www.vietnam.vn\/category\/quan-su\" href=\"https:\/\/www.vietnam.vn\/category\/quan-su\" title=\"militaire\" target=\"_blank\" rel=\"nofollow noopener\">militaire<\/a> russe refl\u00e8te sa riche exp\u00e9rience du combat et ses solides capacit\u00e9s de commandement militaire. Dans la guerre moderne, la sup\u00e9riorit\u00e9 a\u00e9rienne et la puissance de feu jouent souvent un r\u00f4le cl\u00e9. Profitant de l&rsquo;avantage de puissance de feu des forces a\u00e9rospatiales russes, la RFAF a cibl\u00e9 les points d&rsquo;attaque cl\u00e9s de l&rsquo;Ukraine, ralentissant consid\u00e9rablement l&rsquo;offensive ukrainienne et perturbant le d\u00e9ploiement des forces, affaiblissant ainsi l&rsquo;efficacit\u00e9 au combat. <img loading=\"lazy\" decoding=\"async\" id=\"117242\" alt=\"1.jpg\" data-width=\"820\" data-height=\"547\" data-image-id=\"117242\" class=\"lazyload cms-photo\" data-large-src=\"https:\/\/cdn.kienthuc.net.vn\/images\/f29961af037b452c78b71dbad29268b98bf2b86c4f727066404e445966311abd9e6e282d4dbce15807e8ed2360d03817\/1.jpg\" src=\"https:\/\/www.europesays.com\/fr\/wp-content\/uploads\/2025\/09\/1756956384_824_1.jpg\" title=\"Cependant, le g\u00e9n\u00e9ral Syrsky \u00e9tait d\u00e9termin\u00e9 \u00e0 ouvrir une \u00ab\u00a0route\u00a0\u00bb entre Nove Shakhove et Shahove. Il d\u00e9ploya des milliers de soldats, dont le 2e bataillon Azov de la 12e brigade d'assaut Azov, le 1er r\u00e9giment d'assaut ind\u00e9pendant ukrainien et le 25e bataillon d'assaut ind\u00e9pendant, et poursuivit sa progression vers son objectif. Cette attaque audacieuse mit la pression sur les Russes.\" width=\"750\" height=\"500\"\/> Cependant, le g\u00e9n\u00e9ral Syrsky \u00e9tait d\u00e9termin\u00e9 \u00e0 ouvrir une \u00ab\u00a0route\u00a0\u00bb entre Nove Shakhove et Shahove. Il d\u00e9ploya des milliers de soldats, dont le 2e bataillon Azov de la 12e brigade d&rsquo;assaut Azov, le 1er r\u00e9giment d&rsquo;assaut ind\u00e9pendant ukrainien et le 25e bataillon d&rsquo;assaut ind\u00e9pendant, et poursuivit sa progression vers son objectif. Cette attaque audacieuse mit la pression sur les Russes. <img loading=\"lazy\" decoding=\"async\" id=\"117315\" alt=\"13-8385.jpg\" data-width=\"2396\" data-height=\"1958\" data-image-id=\"117315\" class=\"lazyload cms-photo\" data-large-src=\"https:\/\/cdn.kienthuc.net.vn\/images\/f29961af037b452c78b71dbad29268b98bf2b86c4f727066404e445966311abd8fa6211ba7d1954011bd1bf0604359dc\/13-8385.jpg\" src=\"https:\/\/www.europesays.com\/fr\/wp-content\/uploads\/2025\/09\/13-8385.jpg\" title=\"Le rapport de combat du matin du 29 ao\u00fbt indiquait que la contre-attaque acharn\u00e9e men\u00e9e par la 12e brigade d'assaut ukrainienne d'Azov avait \u00e9t\u00e9 couronn\u00e9e de succ\u00e8s par \u00e9tapes. Une br\u00e8che avait \u00e9t\u00e9 ouverte au pied du promontoire de Kucheriv Yar, et la route principale menant \u00e0 Shahove \u00e9tait d\u00e9sormais sous contr\u00f4le ukrainien.\" width=\"750\" height=\"612\"\/> Le rapport de combat du matin du 29 ao\u00fbt indiquait que la contre-attaque acharn\u00e9e men\u00e9e par la 12e brigade d&rsquo;assaut ukrainienne d&rsquo;Azov avait \u00e9t\u00e9 couronn\u00e9e de succ\u00e8s par \u00e9tapes. Une br\u00e8che avait \u00e9t\u00e9 ouverte au pied du promontoire de Kucheriv Yar, et la route principale menant \u00e0 Shahove \u00e9tait d\u00e9sormais sous contr\u00f4le ukrainien. <img loading=\"lazy\" decoding=\"async\" id=\"117316\" alt=\"14-2358.jpg\" data-width=\"750\" data-height=\"501\" data-image-id=\"117316\" class=\"lazyload cms-photo\" data-large-src=\"https:\/\/cdn.kienthuc.net.vn\/images\/f29961af037b452c78b71dbad29268b98bf2b86c4f727066404e445966311abd1bfe846cef262f27db135d5603ce2879\/14-2358.jpg\" src=\"https:\/\/www.europesays.com\/fr\/wp-content\/uploads\/2025\/09\/14-2358.jpg\" title=\"Cela signifie que les d\u00e9fenses de la 132e brigade russe dans les secteurs de Rubizhny, Vilne et Kucheriv Yar ont \u00e9t\u00e9 encercl\u00e9es. Des sources ukrainiennes ont rapport\u00e9 que plus de 600 soldats russes \u00e9taient bloqu\u00e9s, tandis que des sources militaires russes ont affirm\u00e9 que seulement 60 \u00e0 100 soldats russes \u00e9taient bloqu\u00e9s dans la zone, et seulement temporairement. La diff\u00e9rence entre les deux rapports refl\u00e8te aussi indirectement la complexit\u00e9 et l'instabilit\u00e9 de la situation sur le champ de bataille.\" width=\"750\" height=\"501\"\/> Cela signifie que les d\u00e9fenses de la 132e brigade russe dans les secteurs de Rubizhny, Vilne et Kucheriv Yar ont \u00e9t\u00e9 encercl\u00e9es. Des sources ukrainiennes ont rapport\u00e9 que plus de 600 soldats russes \u00e9taient bloqu\u00e9s, tandis que des sources militaires russes ont affirm\u00e9 que seulement 60 \u00e0 100 soldats russes \u00e9taient bloqu\u00e9s dans la zone, et seulement temporairement. La diff\u00e9rence entre les deux rapports refl\u00e8te aussi indirectement la complexit\u00e9 et l&rsquo;instabilit\u00e9 de la situation sur le champ de bataille. <img loading=\"lazy\" decoding=\"async\" id=\"117317\" alt=\"15-1182.jpg\" data-width=\"750\" data-height=\"500\" data-image-id=\"117317\" class=\"lazyload cms-photo\" data-large-src=\"https:\/\/cdn.kienthuc.net.vn\/images\/f29961af037b452c78b71dbad29268b98bf2b86c4f727066404e445966311abdc330312c0c88adaf9a0998c4d456ef82\/15-1182.jpg\" src=\"https:\/\/www.europesays.com\/fr\/wp-content\/uploads\/2025\/09\/15-1182.jpg\" title=\"Des analystes militaires de l'OTAN ont d\u00e9clar\u00e9 aux m\u00e9dias europ\u00e9ens que les FAU ne se contentaient pas d'arr\u00eater les Russes, mais cherchaient \u00e9galement \u00e0 s'emparer de Kucheriv Yar et \u00e0 d\u00e9truire rapidement le saillant (la t\u00eate de pont pour l'attaque sur Dniepropetrovsk). Strat\u00e9giquement, cet objectif est tout \u00e0 fait raisonnable. La capture de Kucheriv Yar et la destruction de ce saillant perturberaient le d\u00e9ploiement strat\u00e9gique de la Russie dans la r\u00e9gion, cr\u00e9ant ainsi des conditions favorables \u00e0 de nouvelles attaques.\" width=\"750\" height=\"500\"\/> Des analystes militaires de l&rsquo;OTAN ont d\u00e9clar\u00e9 aux m\u00e9dias europ\u00e9ens que les FAU ne se contentaient pas d&rsquo;arr\u00eater les Russes, mais cherchaient \u00e9galement \u00e0 s&#8217;emparer de Kucheriv Yar et \u00e0 d\u00e9truire rapidement le saillant (la t\u00eate de pont pour l&rsquo;attaque sur Dniepropetrovsk). Strat\u00e9giquement, cet objectif est tout \u00e0 fait raisonnable. La capture de Kucheriv Yar et la destruction de ce saillant perturberaient le d\u00e9ploiement strat\u00e9gique de la Russie dans la r\u00e9gion, cr\u00e9ant ainsi des conditions favorables \u00e0 de nouvelles attaques. <img loading=\"lazy\" decoding=\"async\" id=\"117318\" alt=\"16-2819.jpg\" data-width=\"1042\" data-height=\"600\" data-image-id=\"117318\" class=\"lazyload cms-photo\" data-large-src=\"https:\/\/cdn.kienthuc.net.vn\/images\/f29961af037b452c78b71dbad29268b98bf2b86c4f727066404e445966311abda688cf81b8ff242914be611d8cd2c77b\/16-2819.jpg\" src=\"https:\/\/www.europesays.com\/fr\/wp-content\/uploads\/2025\/09\/16-2819.jpg\" title=\"Cependant, les FAU ont rencontr\u00e9 de nombreuses difficult\u00e9s pour atteindre cet objectif. Le probl\u00e8me le plus important est l'absence d'un syst\u00e8me de d\u00e9fense a\u00e9rienne fiable. Dans la guerre moderne, la d\u00e9fense a\u00e9rienne est un facteur cl\u00e9 pour assurer la survie de l'arm\u00e9e et des op\u00e9rations de combat. Sans un syst\u00e8me de d\u00e9fense a\u00e9rienne fiable, l'arm\u00e9e ukrainienne aura du mal \u00e0 r\u00e9sister aux bombardements constants de l'artillerie \u00e0 longue port\u00e9e et des avions de l'arm\u00e9e de l'air russe.\" width=\"750\" height=\"431\"\/> Cependant, les FAU ont rencontr\u00e9 de nombreuses difficult\u00e9s pour atteindre cet objectif. Le probl\u00e8me le plus important est l&rsquo;absence d&rsquo;un syst\u00e8me de d\u00e9fense a\u00e9rienne fiable. Dans la guerre moderne, la d\u00e9fense a\u00e9rienne est un facteur cl\u00e9 pour assurer la survie de l&rsquo;arm\u00e9e et des op\u00e9rations de combat. Sans un syst\u00e8me de d\u00e9fense a\u00e9rienne fiable, l&rsquo;arm\u00e9e ukrainienne aura du mal \u00e0 r\u00e9sister aux bombardements constants de l&rsquo;artillerie \u00e0 longue port\u00e9e et des avions de l&rsquo;arm\u00e9e de l&rsquo;air russe. <img loading=\"lazy\" decoding=\"async\" id=\"117319\" alt=\"17.jpg\" data-width=\"640\" data-height=\"317\" data-image-id=\"117319\" class=\"lazyload cms-photo\" data-large-src=\"https:\/\/cdn.kienthuc.net.vn\/images\/f29961af037b452c78b71dbad29268b98bf2b86c4f727066404e445966311abd372afbb29b3e5a667a52ff1f2facbde6\/17.jpg\" src=\"https:\/\/www.europesays.com\/fr\/wp-content\/uploads\/2025\/09\/17.jpg\" title=\"C'est pourquoi la RFAF affirmait que le si\u00e8ge de la 132e brigade n'\u00e9tait que temporaire. Elle pouvait ainsi tirer parti de sa sup\u00e9riorit\u00e9 a\u00e9rienne et de sa puissance de feu \u00e0 longue port\u00e9e pour lancer des attaques continues contre les FAU, qui combattaient \u00e0 l'ext\u00e9rieur des fortifications, affaiblissant progressivement leur efficacit\u00e9 au combat et offrant aux unit\u00e9s prises au pi\u00e8ge des possibilit\u00e9s de fuite.\" width=\"640\" height=\"317\"\/> C&rsquo;est pourquoi la RFAF affirmait que le si\u00e8ge de la 132e brigade n&rsquo;\u00e9tait que temporaire. La raison en \u00e9tait que la RFAF pouvait utiliser sa sup\u00e9riorit\u00e9 a\u00e9rienne et sa puissance de feu \u00e0 longue port\u00e9e pour lancer des attaques continues contre les FAU, qui combattaient \u00e0 l&rsquo;ext\u00e9rieur des fortifications, affaiblissant progressivement leur efficacit\u00e9 au combat et offrant aux unit\u00e9s prises au pi\u00e8ge des possibilit\u00e9s de fuite. <img loading=\"lazy\" decoding=\"async\" id=\"117320\" alt=\"18.jpg\" data-width=\"750\" data-height=\"500\" data-image-id=\"117320\" class=\"lazyload cms-photo\" data-large-src=\"https:\/\/cdn.kienthuc.net.vn\/images\/f29961af037b452c78b71dbad29268b98bf2b86c4f727066404e445966311abd2f24936098fc5f81bffc1cefa9750fbc\/18.jpg\" src=\"https:\/\/www.europesays.com\/fr\/wp-content\/uploads\/2025\/09\/18.jpg\" title=\"De plus, les FAU sont d\u00e9savantag\u00e9es en termes d'effectifs et d'armement. Bien que le g\u00e9n\u00e9ral Syrsky ait d\u00e9ploy\u00e9 un grand nombre de troupes d'\u00e9lite, la puissance globale des FAU reste relativement faible par rapport \u00e0 celle de la RFAF au corps \u00e0 corps. Si la bataille se prolonge, les probl\u00e8mes des FAU, tels que le manque de munitions et les pertes, appara\u00eetront progressivement, affectant s\u00e9rieusement leur capacit\u00e9 \u00e0 soutenir le combat. (Source de l'image\u00a0: Topwar, Rvvoenkory, Deep State, Kyiv Post)\" width=\"750\" height=\"500\"\/> De plus, les FAU sont d\u00e9savantag\u00e9es en termes d&rsquo;effectifs et d&rsquo;armement. Bien que le g\u00e9n\u00e9ral Syrsky ait d\u00e9ploy\u00e9 un grand nombre de troupes d&rsquo;\u00e9lite, la puissance globale des FAU reste relativement faible par rapport \u00e0 celle de la RFAF au corps \u00e0 corps. Si la bataille se prolonge, les probl\u00e8mes des FAU, tels que le manque de munitions et les pertes, appara\u00eetront progressivement, affectant s\u00e9rieusement leur capacit\u00e9 \u00e0 soutenir le combat. (Source de l&rsquo;image\u00a0: Topwar, Rvvoenkory, Deep State, Kyiv Post)<\/p>\n<p> Sohu Voir le lien source<\/p>\n<p> Lien vers l&rsquo;article original Copier le lien<\/p>\n<p> https:\/\/www.sohu.com\/a\/930045656_121682661?scm=10008.1479_13-1479_13-68_68.0-0.0.0&amp;spm=smpc.content-abroad.fd-d.3.1756513400244ErQENU3 <\/p>\n<p class=\"mb-0\"> Source : https:\/\/khoahocdoisong.vn\/lu-doan-azov-so-12-phan-cong-quyet-liet-nga-su-dung-khong-quan-ngan-chan-post2149049954.html<\/p>\n","protected":false},"excerpt":{"rendered":"La situation \u00e0 l&rsquo;est de la ville de Dobropillia, au nord de Pokrovsk, a r\u00e9cemment pris une tournure&hellip;\n","protected":false},"author":2,"featured_media":364749,"comment_status":"","ping_status":"","sticky":false,"template":"","format":"standard","meta":{"footnotes":""},"categories":[1591],"tags":[11,1887,12,1885,1886,132],"class_list":{"0":"post-364748","1":"post","2":"type-post","3":"status-publish","4":"format-standard","5":"has-post-thumbnail","7":"category-russie","8":"tag-actualites","9":"tag-federation-de-russie","10":"tag-news","11":"tag-russia","12":"tag-russian-federation","13":"tag-russie"},"share_on_mastodon":{"url":"https:\/\/pubeurope.com\/@fr\/115143900517450703","error":""},"_links":{"self":[{"href":"https:\/\/www.europesays.com\/fr\/wp-json\/wp\/v2\/posts\/364748","targetHints":{"allow":["GET"]}}],"collection":[{"href":"https:\/\/www.europesays.com\/fr\/wp-json\/wp\/v2\/posts"}],"about":[{"href":"https:\/\/www.europesays.com\/fr\/wp-json\/wp\/v2\/types\/post"}],"author":[{"embeddable":true,"href":"https:\/\/www.europesays.com\/fr\/wp-json\/wp\/v2\/users\/2"}],"replies":[{"embeddable":true,"href":"https:\/\/www.europesays.com\/fr\/wp-json\/wp\/v2\/comments?post=364748"}],"version-history":[{"count":0,"href":"https:\/\/www.europesays.com\/fr\/wp-json\/wp\/v2\/posts\/364748\/revisions"}],"wp:featuredmedia":[{"embeddable":true,"href":"https:\/\/www.europesays.com\/fr\/wp-json\/wp\/v2\/media\/364749"}],"wp:attachment":[{"href":"https:\/\/www.europesays.com\/fr\/wp-json\/wp\/v2\/media?parent=364748"}],"wp:term":[{"taxonomy":"category","embeddable":true,"href":"https:\/\/www.europesays.com\/fr\/wp-json\/wp\/v2\/categories?post=364748"},{"taxonomy":"post_tag","embeddable":true,"href":"https:\/\/www.europesays.com\/fr\/wp-json\/wp\/v2\/tags?post=364748"}],"curies":[{"name":"wp","href":"https:\/\/api.w.org\/{rel}","templated":true}]}}