{"id":364750,"date":"2025-09-04T03:27:09","date_gmt":"2025-09-04T03:27:09","guid":{"rendered":"https:\/\/www.europesays.com\/fr\/364750\/"},"modified":"2025-09-04T03:27:09","modified_gmt":"2025-09-04T03:27:09","slug":"les-europeens-prets-a-apporter-les-garanties-de-securite-a-lukraine-declare-emmanuel-macron-rfi","status":"publish","type":"post","link":"https:\/\/www.europesays.com\/fr\/364750\/","title":{"rendered":"Les Europ\u00e9ens \u00abpr\u00eats\u00bb \u00e0 \u00abapporter les garanties de s\u00e9curit\u00e9 \u00e0 l&#039;Ukraine\u00bb, d\u00e9clare Emmanuel Macron &#8211; RFI"},"content":{"rendered":"<ol>\n<li><a href=\"https:\/\/news.google.com\/rss\/articles\/CBMi-AFBVV95cUxNRmJ1c3hwWUxCZlpPbUJLcnprRWtJX3BUMVY3QmJ4ak56dnYzRm5oeGVWOXQyMmZ1R1hJaks2dVllSFl1aXQ3eXFVM3gtR2pYaGJKVFlHYTJrend3VndtYUgwWGhjeDlFT1NjYzBMRHdYQ29KOVFtUDd0UmhQX1otekM3bFJtb2VJekZNTnc0N3lDVWhiLXVkdWRQakZTUlJXNjNIN3VPa2VqN3pFNmFkdDJ0SXA4OC1ZLS1LQ2VVUmVGbzJpN2RRWXVlVzcwMHU0UW9ONTFSdXFTc05jM2ZPd3NhZ2UtS0F1UWl1QjNuZWRDZzJ4bXg1Uw?oc=5\" target=\"_blank\" rel=\"nofollow noopener\">Les Europ\u00e9ens \u00abpr\u00eats\u00bb \u00e0 \u00abapporter les garanties de s\u00e9curit\u00e9 \u00e0 l&rsquo;Ukraine\u00bb, d\u00e9clare Emmanuel Macron<\/a>&nbsp;&nbsp;RFI<\/li>\n<li><a href=\"https:\/\/news.google.com\/rss\/articles\/CBMiygJBVV95cUxNTlVlb2pQbThjZ2NnVzdOS04xdHVKS0tpazgwc2hIZzduR1RLV0d5TGVkWTRiTjA0QkduRXRiaWRxVFg4c2hQTEpxQXoxVE5uakxFSVZtWjNFUHh3eXczWklYWWYzbTlCcUJuZU8yVUdkSFpqWUkzMHBtR0MxZHNfQjdhb211VGVFeTFlV25rblhlRHE1X3FzTmVNcm5JNXJMYUt1cmJSNTYxV1N2STZCVExBcHd1S0tWWXg4cVNnMVdoV19vbThMRTVDLXBNcTRMeGJ6c3JrRU5TM2U0UWRIR0Y0UEhyZ2RjNmVlem41SkVsY0dON2lEUEFjVmRueFR1V3MwNnpyVEdHU2FqYVBabnFaZlA2M2lDN3M3ZEFMcmY2VGppNUVWNUJqN2hOSDBXSm54ZXFvZDgtM1RUTUpIekxHWW51dVhvb3c?oc=5\" target=\"_blank\" rel=\"nofollow noopener\">En direct, guerre en Ukraine : les Europ\u00e9ens sont pr\u00eats \u00e0 apporter des garanties de s\u00e9curit\u00e9 \u00e0 l\u2019Ukraine, d\u00e9clare Emmanuel Macron en pr\u00e9sence de Volodymyr Zelensky<\/a>&nbsp;&nbsp;Le Monde.fr<\/li>\n<li><a href=\"https:\/\/news.google.com\/rss\/articles\/CBMihAJBVV95cUxPczJibUkwWkJWM1d3UTRrWFlDME5VdW1mTGlNR215aFdiUlZ5S0JiX0pjdktETFhLbnNLSERvYl9lTkJyZnpJclBBbk90TGtObjhWTm92T1ZiNDBqM2tFRExIcDVBNmZYdmpuNi1BRUpJNU9faWlhWmtudXBxTXNqdDJBcWc3ZlpuOW85MEdpM042b1RwbjVkY1EtM0RqdFFpRTM1Skw0U2JFTi1naHM0ZV9lOHRiT2JlMzNTYVR2cTRDVExILUF2SVJlU2ZRVlVfUlBMRHlTNlBGOUw2b2tGamdVQngyTEhmaGpwcEpqeFptNVF3aW1acFppU3JrSmY3Rms3YQ?oc=5\" target=\"_blank\" rel=\"nofollow noopener\">Troupes au sol, achats d\u2019armes, surveillance de la mer Noire&#8230; Ce que l&rsquo;on sait des \u00abgaranties de s\u00e9curit\u00e9\u00bb envisag\u00e9es pour l&rsquo;Ukraine<\/a>&nbsp;&nbsp;Le Figaro<\/li>\n<li><a href=\"https:\/\/news.google.com\/rss\/articles\/CBMinAJBVV95cUxQTGtYNzFKM0x1dVZpVU5Rckk0d1VJRUxNLUNsdF9Ca3BQdGF6NTc3bjJHY1JHUGJaTlFWYk9pUS1DZWRCQ0I1V2ROa0oyRHN2TXRpNExMTGtpaDVvSldnLVdMOEkxUG4xVXUxdmlPUmRPTFUyd2E0NTkyU05VcE82VTFQS3NjeWlhUG5qOW0zcHc0V243TEg0RUMzU09zbnVwbDJxcHpsN3I3WEZkSG9XcjRfbHBPZDFaYk9HMmJJSlVzU2V6bWl0ZVJBZ1BFcG5fQUlIRjVoMHlnMGMxVW9nc29aNG1Xc25qMEpzSklldUI0cS0xOXFuVlRxbldyMHhvZVJ3QlhHV2NQY2tfNkxKS0lQbktwYnJBaXlXWg?oc=5\" target=\"_blank\" rel=\"nofollow noopener\">Guerre en Ukraine: Emmanuel Macron annonce que l&rsquo;Europe est \u00ab\u00a0pr\u00eate \u00e0 apporter des garanties de s\u00e9curit\u00e9 le jour o\u00f9 une paix est sign\u00e9e\u00a0\u00bb<\/a>&nbsp;&nbsp;BFMTV<\/li>\n<li><a href=\"https:\/\/news.google.com\/rss\/articles\/CBMi6gFBVV95cUxOQUlaV3FDUjFDMmxEVXdKZkRuUjVValplSnFiU0hoZFRtZUxpcmhtc0NQOE9pd042akM0Q0VWY2poTmYwc05zR1dXRXdBODdCeXA5Z0w5VnFBcURCOHJNeThhbDBHU3RKOE93akdPTlVlU2J3VGxfYng2LTI3SmF4NkVuLTctSW5ZNHU4QVZNUG5UUzlaNFJxRkgtZkswYVZhNkpVUTFMeDFiSFJRWTJSQllaaEltaFF6MUp2M0FmOEdYMElnNXdld1pXdzdOWDhsYTA4Y3Z1TVBFX3kxTFJvOE1sbVJlOFFuZFE?oc=5\" target=\"_blank\" rel=\"nofollow noopener\">Ukraine: \u00ab\u00a0pr\u00eats\u00a0\u00bb sur les garanties de s\u00e9curit\u00e9, les Europ\u00e9ens vont tester les engagements de Trump<\/a>&nbsp;&nbsp;Portail Orange<\/li>\n<\/ol>\n","protected":false},"excerpt":{"rendered":"Les Europ\u00e9ens \u00abpr\u00eats\u00bb \u00e0 \u00abapporter les garanties de s\u00e9curit\u00e9 \u00e0 l&rsquo;Ukraine\u00bb, d\u00e9clare Emmanuel Macron&nbsp;&nbsp;RFI En direct, guerre en&hellip;\n","protected":false},"author":2,"featured_media":1445,"comment_status":"","ping_status":"","sticky":false,"template":"","format":"standard","meta":{"footnotes":""},"categories":[1590],"tags":[11,1777,674,12,220],"class_list":{"0":"post-364750","1":"post","2":"type-post","3":"status-publish","4":"format-standard","5":"has-post-thumbnail","7":"category-ukraine","8":"tag-actualites","9":"tag-eu","10":"tag-europe","11":"tag-news","12":"tag-ukraine"},"share_on_mastodon":{"url":"","error":""},"_links":{"self":[{"href":"https:\/\/www.europesays.com\/fr\/wp-json\/wp\/v2\/posts\/364750","targetHints":{"allow":["GET"]}}],"collection":[{"href":"https:\/\/www.europesays.com\/fr\/wp-json\/wp\/v2\/posts"}],"about":[{"href":"https:\/\/www.europesays.com\/fr\/wp-json\/wp\/v2\/types\/post"}],"author":[{"embeddable":true,"href":"https:\/\/www.europesays.com\/fr\/wp-json\/wp\/v2\/users\/2"}],"replies":[{"embeddable":true,"href":"https:\/\/www.europesays.com\/fr\/wp-json\/wp\/v2\/comments?post=364750"}],"version-history":[{"count":0,"href":"https:\/\/www.europesays.com\/fr\/wp-json\/wp\/v2\/posts\/364750\/revisions"}],"wp:featuredmedia":[{"embeddable":true,"href":"https:\/\/www.europesays.com\/fr\/wp-json\/wp\/v2\/media\/1445"}],"wp:attachment":[{"href":"https:\/\/www.europesays.com\/fr\/wp-json\/wp\/v2\/media?parent=364750"}],"wp:term":[{"taxonomy":"category","embeddable":true,"href":"https:\/\/www.europesays.com\/fr\/wp-json\/wp\/v2\/categories?post=364750"},{"taxonomy":"post_tag","embeddable":true,"href":"https:\/\/www.europesays.com\/fr\/wp-json\/wp\/v2\/tags?post=364750"}],"curies":[{"name":"wp","href":"https:\/\/api.w.org\/{rel}","templated":true}]}}