{"id":364753,"date":"2025-09-04T03:29:09","date_gmt":"2025-09-04T03:29:09","guid":{"rendered":"https:\/\/www.europesays.com\/fr\/364753\/"},"modified":"2025-09-04T03:29:09","modified_gmt":"2025-09-04T03:29:09","slug":"effondree-la-vice-premiere-ministre-britannique-admet-ne-pas-avoir-paye-assez-dimpots","status":"publish","type":"post","link":"https:\/\/www.europesays.com\/fr\/364753\/","title":{"rendered":"\u00ab\u00a0effondr\u00e9e\u00a0\u00bb, la vice Premi\u00e8re ministre britannique admet ne pas avoir pay\u00e9 assez d&rsquo;imp\u00f4ts"},"content":{"rendered":"<p>            Par<br \/>\n        <strong><br \/>\n            <a href=\"https:\/\/actu.fr\/auteur\/redaction-actu\" title=\"Consulter tous les articles de R\u00e9daction Actu\" rel=\"nofollow noopener\" target=\"_blank\">R\u00e9daction Actu<\/a><br \/>\n        <\/strong><\/p>\n<p>        Publi\u00e9 le<\/p>\n<p>            4 sept. 2025 \u00e0 5h00        <\/p>\n<p>La vice Premi\u00e8re ministre britannique, <strong>Angela Rayner<\/strong>, a reconnu mercredi 3\u00a0septembre 2025 <strong>qu\u2019elle n\u2019avait pas pay\u00e9 suffisamment d\u2019imp\u00f4t<\/strong> lors de l\u2019achat d\u2019un appartement, apr\u00e8s plusieurs jours de controverse sur ce sujet.<\/p>\n<p class=\" wall-content\">L\u2019\u00e9lue travailliste, qui a <strong>imput\u00e9 cette erreur \u00e0 des conseils \u00ab\u2009inexacts\u2009\u00bb<\/strong>, a dit avoir alert\u00e9 les autorit\u00e9s fiscales et s\u2019\u00eatre adress\u00e9e au conseiller en \u00e9thique du gouvernement. <a href=\"https:\/\/actu.fr\/monde\/keir-starmer-le-nouveau-premier-ministre-britannique-qui-ramene-le-parti-travailliste-au-pouvoir_61310070.html\" rel=\"nofollow noopener\" target=\"_blank\">Le Premier ministre Keir Starmer<\/a> lui a apport\u00e9 son soutien, affirmant devant le Parlement qu\u2019il \u00e9tait \u00ab\u2009tr\u00e8s fier de si\u00e9ger\u2009\u00bb \u00e0 ses c\u00f4t\u00e9s.<\/p>\n<p>Vers une d\u00e9mission\u2009?<\/p>\n<p class=\" wall-content\"><strong>\u00ab\u2009J\u2019ai \u00e9t\u00e9 vraiment sous le choc<\/strong>, car je pensais avoir tout fait correctement\u2009\u00bb, a d\u00e9clar\u00e9 Angela Rayner, 45\u00a0ans, dans <a href=\"https:\/\/x.com\/SkyNews\/status\/1963326730682122716\" rel=\"nofollow\">une interview \u00e0 Sky News<\/a>, promettant\u2009: \u00ab\u2009Je me suis fi\u00e9e aux conseils que j\u2019ai re\u00e7us\u2009\u00bb, a-t-elle dit.<\/p>\n<blockquote class=\"ac-article-quote wall-content\">\n<p>Je suis effondr\u00e9e parce que j&rsquo;ai toujours respect\u00e9 les r\u00e8gles, ce dont j&rsquo;ai toujours \u00e9t\u00e9 fi\u00e8re.<\/p>\n<p>    <strong>Angela Rayner<\/strong><br \/>\n        Vice Premi\u00e8re ministre britannique    <\/p><\/blockquote>\n<p class=\" wall-content\">\n<p class=\" wall-content\">\u00c0 la question de savoir si elle avait envisag\u00e9 de d\u00e9missionner, Angela Rayner, qui est \u00e9galement ministre du <a href=\"https:\/\/actu.fr\/tag\/logement\" rel=\"nofollow noopener\" target=\"_blank\">Logement<\/a>, a juste r\u00e9pondu, <strong>au bord des larmes<\/strong>, qu\u2019elle avait \u00e9voqu\u00e9 ce sujet avec sa <a href=\"https:\/\/actu.fr\/tag\/famille\" rel=\"nofollow noopener\" target=\"_blank\">famille<\/a>.<\/p>\n<p>Un appartement au c\u0153ur de la controverse<\/p>\n<p class=\" wall-content\">Souvent prise pour cible par les m\u00e9dias conservateurs, la responsable est au <strong>centre d\u2019une controverse apr\u00e8s l\u2019achat d\u2019un appartement \u00e0 Hove<\/strong>, dans le sud de l\u2019Angleterre.<\/p>\n<p>Votre r\u00e9gion, votre actu !<\/p>\n<p>Recevez chaque jour les infos qui comptent pour vous.<\/p>\n<p>\t<a href=\"https:\/\/actu.fr\/newsletter\" class=\"ac-btn ac-btn--corner ac-btn--medium ac-btn--blue800\" rel=\"nofollow noopener\" target=\"_blank\">S&rsquo;incrire<\/a><\/p>\n<p class=\" wall-content\">Elle aurait \u00e9conomis\u00e9 40\u2009000\u00a0livres sterling (soit environ 46\u2009050\u00a0euros) <a href=\"https:\/\/actu.fr\/tag\/impots\" rel=\"nofollow noopener\" target=\"_blank\">d\u2019imp\u00f4t<\/a> li\u00e9 \u00e0 l\u2019acquisition de ce logement, en retirant son nom des titres de propri\u00e9t\u00e9 d\u2019un autre bien immobilier situ\u00e9 dans sa circonscription. En cons\u00e9quence, le nouvel appartement \u00e9tait officiellement son seul bien <a href=\"https:\/\/actu.fr\/tag\/immobilier\" rel=\"nofollow noopener\" target=\"_blank\">immobilier<\/a>.<\/p>\n<p class=\" wall-content\">Elle a d\u00e9clar\u00e9 avoir demand\u00e9 conseil \u00e0 des avocats \u00ab\u2009qui n\u2019ont pas correctement pris en compte\u2009\u00bb tous les d\u00e9tails de sa situation personnelle, <strong>notamment un fonds cr\u00e9\u00e9 pour son fils handicap\u00e9<\/strong>. \u00ab\u2009Je n\u2019ai pas pay\u00e9 les droits appropri\u00e9s au moment de l\u2019achat\u2009\u00bb, a-t-elle dit.<\/p>\n<p class=\" wall-content\">Angela Rayner est une figure de la gauche du parti travailliste. Elle a quitt\u00e9 l\u2019\u00e9cole sans dipl\u00f4me et, \u00e0 16\u00a0ans, est devenue m\u00e8re c\u00e9libataire. Elle a d\u00e9couvert le syndicalisme puis la <a href=\"https:\/\/actu.fr\/politique\" rel=\"nofollow noopener\" target=\"_blank\">politique<\/a> apr\u00e8s avoir travaill\u00e9 dans le <a href=\"https:\/\/actu.fr\/societe\" rel=\"nofollow noopener\" target=\"_blank\">social<\/a>.<\/p>\n<p class=\" wall-content\">Source\u2009: AFP.<\/p>\n<p class=\" wall-content\">Personnalisez votre actualit\u00e9 en ajoutant vos villes et m\u00e9dias en favori avec <a href=\"https:\/\/moncompte.actu.fr\" title=\"D\u00e9couvez Mon Actu\" rel=\"nofollow noopener\" data-trk=\"{&quot;cta&quot;:{&quot;action&quot;:&quot;https:\\\/\\\/moncompte.actu.fr&quot;,&quot;category&quot;:&quot;mon compte&quot;,&quot;from&quot;:&quot;article footer&quot;,&quot;name&quot;:&quot;Mon actu&quot;,&quot;type&quot;:&quot;cta&quot;}}\" target=\"_blank\">Mon Actu<\/a>.<\/p>\n","protected":false},"excerpt":{"rendered":"Par R\u00e9daction Actu Publi\u00e9 le 4 sept. 2025 \u00e0 5h00 La vice Premi\u00e8re ministre britannique, Angela Rayner, a&hellip;\n","protected":false},"author":2,"featured_media":364754,"comment_status":"","ping_status":"","sticky":false,"template":"","format":"standard","meta":{"footnotes":""},"categories":[1588],"tags":[11,1777,674,1116,1908,74,12,473,1853,1851,1850,1852],"class_list":{"0":"post-364753","1":"post","2":"type-post","3":"status-publish","4":"format-standard","5":"has-post-thumbnail","7":"category-royaume-uni","8":"tag-actualites","9":"tag-eu","10":"tag-europe","11":"tag-immobilier","12":"tag-logement","13":"tag-monde","14":"tag-news","15":"tag-royaume-uni","16":"tag-royaume-uni-de-grande-bretagne-et-dirlande-du-nord","17":"tag-uk","18":"tag-united-kingdom","19":"tag-united-kingdom-of-great-britain-and-northern-ireland"},"share_on_mastodon":{"url":"https:\/\/pubeurope.com\/@fr\/115143912033286257","error":""},"_links":{"self":[{"href":"https:\/\/www.europesays.com\/fr\/wp-json\/wp\/v2\/posts\/364753","targetHints":{"allow":["GET"]}}],"collection":[{"href":"https:\/\/www.europesays.com\/fr\/wp-json\/wp\/v2\/posts"}],"about":[{"href":"https:\/\/www.europesays.com\/fr\/wp-json\/wp\/v2\/types\/post"}],"author":[{"embeddable":true,"href":"https:\/\/www.europesays.com\/fr\/wp-json\/wp\/v2\/users\/2"}],"replies":[{"embeddable":true,"href":"https:\/\/www.europesays.com\/fr\/wp-json\/wp\/v2\/comments?post=364753"}],"version-history":[{"count":0,"href":"https:\/\/www.europesays.com\/fr\/wp-json\/wp\/v2\/posts\/364753\/revisions"}],"wp:featuredmedia":[{"embeddable":true,"href":"https:\/\/www.europesays.com\/fr\/wp-json\/wp\/v2\/media\/364754"}],"wp:attachment":[{"href":"https:\/\/www.europesays.com\/fr\/wp-json\/wp\/v2\/media?parent=364753"}],"wp:term":[{"taxonomy":"category","embeddable":true,"href":"https:\/\/www.europesays.com\/fr\/wp-json\/wp\/v2\/categories?post=364753"},{"taxonomy":"post_tag","embeddable":true,"href":"https:\/\/www.europesays.com\/fr\/wp-json\/wp\/v2\/tags?post=364753"}],"curies":[{"name":"wp","href":"https:\/\/api.w.org\/{rel}","templated":true}]}}