{"id":364755,"date":"2025-09-04T03:30:19","date_gmt":"2025-09-04T03:30:19","guid":{"rendered":"https:\/\/www.europesays.com\/fr\/364755\/"},"modified":"2025-09-04T03:30:19","modified_gmt":"2025-09-04T03:30:19","slug":"lallemagne-exhorte-linde-a-pousser-poutine-a-la-table-des-negociations","status":"publish","type":"post","link":"https:\/\/www.europesays.com\/fr\/364755\/","title":{"rendered":"l&rsquo;Allemagne exhorte l&rsquo;Inde \u00e0 pousser Poutine \u00e0 la table des n\u00e9gociations"},"content":{"rendered":"<p class=\"mb-4 text-lg md:leading-8 break-words\">Le ministre allemand des Affaires \u00e9trang\u00e8res, Johann Wadephul, a exhort\u00e9 mercredi l&rsquo;Inde \u00e0 faire pression sur son proche alli\u00e9, la Russie, pour qu&rsquo;elle mette fin \u00e0 son invasion en Ukraine,<\/p>\n<p class=\"mb-4 text-lg md:leading-8 break-words\">Un appel qui intervient quelques jours apr\u00e8s que le Premier ministre indien Narendra Modi a rencontr\u00e9 le pr\u00e9sident russe Vladimir Poutine lors d&rsquo;un sommet r\u00e9gional en Chine.<\/p>\n<p>New Delhi prise entre deux feux<\/p>\n<p class=\"mb-4 text-lg md:leading-8 break-words\">Johann Wadephul estime que, malgr\u00e9 les efforts de l&rsquo;Europe et des \u00c9tats-Unis, la Russie n&rsquo;est toujours pas dispos\u00e9e \u00e0 entamer des n\u00e9gociations, et exhorte New Delhi \u00e0 jouer un r\u00f4le.<\/p>\n<p class=\"mb-4 text-lg md:leading-8 break-words\">\u00ab\u00a0La seule exigence est que les armes se taisent\u00a0\u00bb, a d\u00e9clar\u00e9 le ministre allemand lors de sa visite de deux jours en Inde. \u00ab\u00a0Nous, Europ\u00e9ens, faisons de notre mieux, travaillant avec nos amis am\u00e9ricains et ukrainiens pour que cette guerre se termine rapidement et que l&rsquo;Ukraine retrouve la paix en tant qu&rsquo;\u00c9tat souverain\u00a0\u00bb.<\/p>\n<p><img alt=\"Le ministre indien des Affaires \u00e9trang\u00e8res S. Jaishankar serre la main de son homologue allemand Johann Wadephul \u00e0 New Delhi, en Inde, le 3 septembre 2025\" loading=\"lazy\" width=\"808\" height=\"539\" decoding=\"async\" data-nimg=\"1\" class=\"rounded-lg\" style=\"color:transparent\" src=\"https:\/\/www.europesays.com\/fr\/wp-content\/uploads\/2025\/09\/4b6032ebbdc2b3c3e19656d1990e6600.jpeg\"\/><\/p>\n<p> Le ministre indien des Affaires \u00e9trang\u00e8res S. Jaishankar serre la main de son homologue allemand Johann Wadephul \u00e0 New Delhi, en Inde, le 3 septembre 2025   &#8211; AP\/Copyright 2025 The AP. Tous droits r\u00e9serv\u00e9s <\/p>\n<p class=\"mb-4 text-lg md:leading-8 break-words\">L&rsquo;appel de <a href=\"https:\/\/fr.news.yahoo.com\/ministre-allemand-affaires-%C3%A9trang%C3%A8res-reproche-121441439.html\" data-ylk=\"slk:Johann Wadephul;elm:context_link;itc:0;sec:content-canvas;outcm:mb_qualified_link;_E:mb_qualified_link;ct:story;\" class=\"link  yahoo-link\" target=\"_blank\" rel=\"noopener\"><strong>Johann Wadephul<\/strong><\/a> refl\u00e8te l&rsquo;espoir de l&rsquo;Europe que l&rsquo;Inde intensifie ses efforts diplomatiques pour la paix, alors que New Delhi maintient une position ambivalente vis-\u00e0-vis de son partenaire de d\u00e9fense traditionnel, Moscou.<\/p>\n<p class=\"mb-4 text-lg md:leading-8 break-words\">L&rsquo;Inde s&rsquo;est en effet refus\u00e9e \u00e0 d\u00e9noncer cat\u00e9goriquement le lancement de l&rsquo;invasion de l&rsquo;Ukraine en f\u00e9vrier 2022, comme l&rsquo;y exhortaient les pays occidentaux, tout en appelant prudemment \u00e0 une cessation des hostilit\u00e9s.<\/p>\n<p>Guerre commerciale avec Donald Trump<\/p>\n<p class=\"mb-4 text-lg md:leading-8 break-words\">Lorsque l&rsquo;Occident a exclu Moscou du march\u00e9 des exportations pour limiter le financement de sa guerre, l&rsquo;Inde a rapidement obtenu du p\u00e9trole brut russe \u00e0 prix r\u00e9duit en grandes quantit\u00e9s, qui repr\u00e9sentent d\u00e9sormais une part significative de ses importations totales.<\/p>\n<p class=\"mb-4 text-lg md:leading-8 break-words\">L&rsquo;Inde affirme que ces achats de p\u00e9trole sont n\u00e9cessaires pour prot\u00e9ger son \u00e9conomie des chocs mondiaux.<\/p>\n<p><img alt=\"Le Premier ministre indien Narendra Modi et le pr\u00e9sident russe Vladimir Poutine en marge du sommet de l'Organisation de coop\u00e9ration de Shanghai \u00e0 Tianjin, le 1er septembre 2025\" loading=\"lazy\" width=\"808\" height=\"539\" decoding=\"async\" data-nimg=\"1\" class=\"rounded-lg\" style=\"color:transparent\" src=\"https:\/\/www.europesays.com\/fr\/wp-content\/uploads\/2025\/09\/8186c65c8db73a91f294cfb96247f09a.jpeg\"\/><\/p>\n<p> Le Premier ministre indien Narendra Modi et le pr\u00e9sident russe Vladimir Poutine en marge du sommet de l&rsquo;Organisation de coop\u00e9ration de Shanghai \u00e0 Tianjin, le 1er septembre 2025   &#8211; AP Photo <\/p>\n<p class=\"mb-4 text-lg md:leading-8 break-words\">Le mois dernier, le pr\u00e9sident am\u00e9ricain Donald Trump a impos\u00e9 un tarif suppl\u00e9mentaire de 25 % sur les produits indiens, portant <a href=\"https:\/\/fr.finance.yahoo.com\/actualites\/droits-douane-am%C3%A9ricains-50-produits-080622939.html\" data-ylk=\"slk:les droits de douane totaux \u00e0 50 %;elm:context_link;itc:0;sec:content-canvas;outcm:mb_qualified_link;_E:mb_qualified_link;ct:story;\" class=\"link  yahoo-link\" target=\"_blank\" rel=\"noopener\"><strong>les droits de douane totaux \u00e0 50 %<\/strong><\/a>.<\/p>\n<p class=\"mb-4 text-lg md:leading-8 break-words\">Ces surtaxes devraient frapper les exportations indiennes \u00e0 hauteur de 48,2 milliards de dollars (41,2 milliards d&rsquo;euros) et nuire aux ambitions \u00e9conomiques plus larges de New Delhi.<\/p>\n<p class=\"mb-4 text-lg md:leading-8 break-words\">Explorant des options pour isoler son \u00e9conomie, l&rsquo;Inde appelle \u00e0 des n\u00e9gociations acc\u00e9l\u00e9r\u00e9es sur un accord de libre-\u00e9change <a href=\"https:\/\/fr.news.yahoo.com\/ursula-von-der-leyen-annonce-125214561.html\" data-ylk=\"slk:avec l&#039;Union europ\u00e9enne;elm:context_link;itc:0;sec:content-canvas;outcm:mb_qualified_link;_E:mb_qualified_link;ct:story;\" class=\"link  yahoo-link\" target=\"_blank\" rel=\"noopener\"><strong>avec l&rsquo;Union europ\u00e9enne<\/strong><\/a>.<\/p>\n<p class=\"mb-4 text-lg md:leading-8 break-words\">Le ministre indien des Affaires \u00e9trang\u00e8res, S. Jaishankar, qui a rencontr\u00e9 Johann Wadephul mercredi, a indiqu\u00e9 que New Delhi comptait sur Berlin pour acc\u00e9l\u00e9rer les n\u00e9gociations et conclure l&rsquo;accord de libre-\u00e9change d&rsquo;ici la fin de l&rsquo;ann\u00e9e.<\/p>\n","protected":false},"excerpt":{"rendered":"Le ministre allemand des Affaires \u00e9trang\u00e8res, Johann Wadephul, a exhort\u00e9 mercredi l&rsquo;Inde \u00e0 faire pression sur son proche&hellip;\n","protected":false},"author":2,"featured_media":364756,"comment_status":"","ping_status":"","sticky":false,"template":"","format":"standard","meta":{"footnotes":""},"categories":[1587],"tags":[11,260,672,1804,1805,1803,1777,674,1801,22584,49930,18611,19118,12,3363,1802,220,135],"class_list":{"0":"post-364755","1":"post","2":"type-post","3":"status-publish","4":"format-standard","5":"has-post-thumbnail","7":"category-allemagne","8":"tag-actualites","9":"tag-affaires-etrangeres","10":"tag-allemagne","11":"tag-bundesrepublik-deutschland","12":"tag-de","13":"tag-deutschland","14":"tag-eu","15":"tag-europe","16":"tag-germany","17":"tag-johann-wadephul","18":"tag-linde-2","19":"tag-narendra-modi","20":"tag-new-delhi","21":"tag-news","22":"tag-premier-ministre","23":"tag-republique-federale-dallemagne","24":"tag-ukraine","25":"tag-vladimir-poutine"},"share_on_mastodon":{"url":"https:\/\/pubeurope.com\/@fr\/115143915876039162","error":""},"_links":{"self":[{"href":"https:\/\/www.europesays.com\/fr\/wp-json\/wp\/v2\/posts\/364755","targetHints":{"allow":["GET"]}}],"collection":[{"href":"https:\/\/www.europesays.com\/fr\/wp-json\/wp\/v2\/posts"}],"about":[{"href":"https:\/\/www.europesays.com\/fr\/wp-json\/wp\/v2\/types\/post"}],"author":[{"embeddable":true,"href":"https:\/\/www.europesays.com\/fr\/wp-json\/wp\/v2\/users\/2"}],"replies":[{"embeddable":true,"href":"https:\/\/www.europesays.com\/fr\/wp-json\/wp\/v2\/comments?post=364755"}],"version-history":[{"count":0,"href":"https:\/\/www.europesays.com\/fr\/wp-json\/wp\/v2\/posts\/364755\/revisions"}],"wp:featuredmedia":[{"embeddable":true,"href":"https:\/\/www.europesays.com\/fr\/wp-json\/wp\/v2\/media\/364756"}],"wp:attachment":[{"href":"https:\/\/www.europesays.com\/fr\/wp-json\/wp\/v2\/media?parent=364755"}],"wp:term":[{"taxonomy":"category","embeddable":true,"href":"https:\/\/www.europesays.com\/fr\/wp-json\/wp\/v2\/categories?post=364755"},{"taxonomy":"post_tag","embeddable":true,"href":"https:\/\/www.europesays.com\/fr\/wp-json\/wp\/v2\/tags?post=364755"}],"curies":[{"name":"wp","href":"https:\/\/api.w.org\/{rel}","templated":true}]}}