{"id":364757,"date":"2025-09-04T03:31:17","date_gmt":"2025-09-04T03:31:17","guid":{"rendered":"https:\/\/www.europesays.com\/fr\/364757\/"},"modified":"2025-09-04T03:31:17","modified_gmt":"2025-09-04T03:31:17","slug":"pour-moscou-les-garanties-de-securite-voulues-par-kiev-sont-des-garanties-de-danger-pour-leurope","status":"publish","type":"post","link":"https:\/\/www.europesays.com\/fr\/364757\/","title":{"rendered":"Pour Moscou, les garanties de s\u00e9curit\u00e9 voulues par Kiev sont des \u00abgaranties de danger\u00bb pour l&rsquo;Europe"},"content":{"rendered":"<p>La porte-parole de la diplomatie russe Maria Zakharova a r\u00e9p\u00e9t\u00e9 que la Russie jugeait \u00ababsolument inacceptables\u00bb les garanties de s\u00e9curit\u00e9 demand\u00e9es par le pr\u00e9sident Volodymyr Zelensky.<\/p>\n<p class=\"fig-paragraph\">La\u00a0<a href=\"https:\/\/www.lefigaro.fr\/tag\/russie\" target=\"_blank\" rel=\"sponsored noopener nofollow\" data-gtm-custom-categorie=\"navigation\" data-gtm-custom-action=\"crossclick\" data-gtm-custom-label=\"Contextuel\" data-gtm-event=\"customEventSPE\">Russie<\/a>\u00a0a d\u00e9nonc\u00e9 jeudi comme des \u00abgaranties de danger pour le continent europ\u00e9en\u00bb les assurances demand\u00e9es par Kiev dans le cadre d&rsquo;un r\u00e8glement du conflit en Ukraine.<\/p>\n<p class=\"fig-paragraph\">La porte-parole de la diplomatie russe Maria Zakharova a r\u00e9p\u00e9t\u00e9 que la Russie jugeait \u00ababsolument inacceptables\u00bb les garanties de s\u00e9curit\u00e9 demand\u00e9es par le pr\u00e9sident Volodymyr Zelensky et qui doivent \u00eatre discut\u00e9es lors d&rsquo;une r\u00e9union de la \u00abCoalition des volontaires\u00bb jeudi.<\/p>\n<p>                                    <a class=\"fig-a11y-skip a11y-hidden\" href=\"#fig-a11y-skip-main-inarticle\"><br \/>\n        Passer la publicit\u00e9<br \/>\n    <\/a><\/p>\n<p class=\"fig-paragraph\">\u00abCe ne sont pas des garanties de s\u00e9curit\u00e9 pour l&rsquo;Ukraine, ce sont des garanties de danger pour le continent europ\u00e9en\u00bb, a-t-elle martel\u00e9 devant des journalistes lors d&rsquo;une conf\u00e9rence \u00e9conomique \u00e0 Vladivostok, dans l&rsquo;Extr\u00eame-Orient russe.<\/p>\n","protected":false},"excerpt":{"rendered":"La porte-parole de la diplomatie russe Maria Zakharova a r\u00e9p\u00e9t\u00e9 que la Russie jugeait \u00ababsolument inacceptables\u00bb les garanties&hellip;\n","protected":false},"author":2,"featured_media":364758,"comment_status":"","ping_status":"","sticky":false,"template":"","format":"standard","meta":{"footnotes":""},"categories":[1586],"tags":[11,1777,674,1011,27,131,12,25,132,220],"class_list":{"0":"post-364757","1":"post","2":"type-post","3":"status-publish","4":"format-standard","5":"has-post-thumbnail","7":"category-europe","8":"tag-actualites","9":"tag-eu","10":"tag-europe","11":"tag-fr","12":"tag-france","13":"tag-guerre-en-ukraine","14":"tag-news","15":"tag-republique-francaise","16":"tag-russie","17":"tag-ukraine"},"share_on_mastodon":{"url":"https:\/\/pubeurope.com\/@fr\/115143919733596870","error":""},"_links":{"self":[{"href":"https:\/\/www.europesays.com\/fr\/wp-json\/wp\/v2\/posts\/364757","targetHints":{"allow":["GET"]}}],"collection":[{"href":"https:\/\/www.europesays.com\/fr\/wp-json\/wp\/v2\/posts"}],"about":[{"href":"https:\/\/www.europesays.com\/fr\/wp-json\/wp\/v2\/types\/post"}],"author":[{"embeddable":true,"href":"https:\/\/www.europesays.com\/fr\/wp-json\/wp\/v2\/users\/2"}],"replies":[{"embeddable":true,"href":"https:\/\/www.europesays.com\/fr\/wp-json\/wp\/v2\/comments?post=364757"}],"version-history":[{"count":0,"href":"https:\/\/www.europesays.com\/fr\/wp-json\/wp\/v2\/posts\/364757\/revisions"}],"wp:featuredmedia":[{"embeddable":true,"href":"https:\/\/www.europesays.com\/fr\/wp-json\/wp\/v2\/media\/364758"}],"wp:attachment":[{"href":"https:\/\/www.europesays.com\/fr\/wp-json\/wp\/v2\/media?parent=364757"}],"wp:term":[{"taxonomy":"category","embeddable":true,"href":"https:\/\/www.europesays.com\/fr\/wp-json\/wp\/v2\/categories?post=364757"},{"taxonomy":"post_tag","embeddable":true,"href":"https:\/\/www.europesays.com\/fr\/wp-json\/wp\/v2\/tags?post=364757"}],"curies":[{"name":"wp","href":"https:\/\/api.w.org\/{rel}","templated":true}]}}