{"id":364759,"date":"2025-09-04T03:32:12","date_gmt":"2025-09-04T03:32:12","guid":{"rendered":"https:\/\/www.europesays.com\/fr\/364759\/"},"modified":"2025-09-04T03:32:12","modified_gmt":"2025-09-04T03:32:12","slug":"pourquoi-son-accident-de-surf-a-eu-une-incidence-positive-sur-sa-vie","status":"publish","type":"post","link":"https:\/\/www.europesays.com\/fr\/364759\/","title":{"rendered":"pourquoi son accident de surf a eu une incidence positive sur sa vie"},"content":{"rendered":"<p>Publi\u00e9 le 04 sept. 2025 \u00e0 01:48<\/p>\n<p><strong>Laury Thilleman a accord\u00e9 une interview \u00e0 Paris Match ce mercredi 3 septembre 2025. L&rsquo;ancienne reine de beaut\u00e9, aujourd&rsquo;hui animatrice sur France T\u00e9l\u00e9visions est revenue sur son d\u00e9but d&rsquo;ann\u00e9e bien charg\u00e9e et sur la mani\u00e8re dont son accident de surf survenu il y a quelques ann\u00e9es a compl\u00e8tement boulevers\u00e9 sa fa\u00e7on de voir les choses. <\/strong><\/p>\n<p>Depuis son sacre de Miss France en 2011, Laury Thilleman n\u2019a cess\u00e9 de se r\u00e9inventer : animatrice, entrepreneuse, sportive accomplie. \u00c0 33 ans, elle s\u2019est vu confier un nouveau d\u00e9fi de taille, celui de prendre les commandes de l\u2019\u00e9mission culte Rendez-vous en terre inconnue, diffus\u00e9e sur France 2. Une aventure qu\u2019elle vit avec passion. Elle succ\u00e8de \u00e0 Rapha\u00ebl de Casabianca et, pour son premier tournage, elle a embarqu\u00e9 Cyril Lignac en Terre de Feu, \u00e0 la rencontre des derniers Gauchos. Quelques mois plus tard, c\u2019est avec St\u00e9phane de Groodt qu\u2019elle s\u2019est envol\u00e9e pour l\u2019Amazonie, o\u00f9 ils ont partag\u00e9 le quotidien du peuple Wauja. Une exp\u00e9rience hors norme qui l\u2019a profond\u00e9ment marqu\u00e9e comme elle l&rsquo;a si bien \u00e9crit sur Instagram le 11 septembre 2025 : \u00ab\u00a0Une amie m\u2019a dit avant de partir : &lsquo;J\u2019ai h\u00e2te de rencontrer la nouvelle personne que tu vas \u00eatre en rentrant&rsquo;. Je (&#8230;)<\/p>\n","protected":false},"excerpt":{"rendered":"Publi\u00e9 le 04 sept. 2025 \u00e0 01:48 Laury Thilleman a accord\u00e9 une interview \u00e0 Paris Match ce mercredi&hellip;\n","protected":false},"author":2,"featured_media":364760,"comment_status":"","ping_status":"","sticky":false,"template":"","format":"standard","meta":{"footnotes":""},"categories":[1586],"tags":[11,1777,674,1779,1011,27,12,25,1778,364],"class_list":{"0":"post-364759","1":"post","2":"type-post","3":"status-publish","4":"format-standard","5":"has-post-thumbnail","7":"category-europe","8":"tag-actualites","9":"tag-eu","10":"tag-europe","11":"tag-european-union","12":"tag-fr","13":"tag-france","14":"tag-news","15":"tag-republique-francaise","16":"tag-ue","17":"tag-union-europeenne"},"share_on_mastodon":{"url":"https:\/\/pubeurope.com\/@fr\/115143923686323024","error":""},"_links":{"self":[{"href":"https:\/\/www.europesays.com\/fr\/wp-json\/wp\/v2\/posts\/364759","targetHints":{"allow":["GET"]}}],"collection":[{"href":"https:\/\/www.europesays.com\/fr\/wp-json\/wp\/v2\/posts"}],"about":[{"href":"https:\/\/www.europesays.com\/fr\/wp-json\/wp\/v2\/types\/post"}],"author":[{"embeddable":true,"href":"https:\/\/www.europesays.com\/fr\/wp-json\/wp\/v2\/users\/2"}],"replies":[{"embeddable":true,"href":"https:\/\/www.europesays.com\/fr\/wp-json\/wp\/v2\/comments?post=364759"}],"version-history":[{"count":0,"href":"https:\/\/www.europesays.com\/fr\/wp-json\/wp\/v2\/posts\/364759\/revisions"}],"wp:featuredmedia":[{"embeddable":true,"href":"https:\/\/www.europesays.com\/fr\/wp-json\/wp\/v2\/media\/364760"}],"wp:attachment":[{"href":"https:\/\/www.europesays.com\/fr\/wp-json\/wp\/v2\/media?parent=364759"}],"wp:term":[{"taxonomy":"category","embeddable":true,"href":"https:\/\/www.europesays.com\/fr\/wp-json\/wp\/v2\/categories?post=364759"},{"taxonomy":"post_tag","embeddable":true,"href":"https:\/\/www.europesays.com\/fr\/wp-json\/wp\/v2\/tags?post=364759"}],"curies":[{"name":"wp","href":"https:\/\/api.w.org\/{rel}","templated":true}]}}