{"id":364765,"date":"2025-09-04T03:35:10","date_gmt":"2025-09-04T03:35:10","guid":{"rendered":"https:\/\/www.europesays.com\/fr\/364765\/"},"modified":"2025-09-04T03:35:10","modified_gmt":"2025-09-04T03:35:10","slug":"cahors-le-duo-lotois-a-toutes-ses-chances-au-championnat-de-france-doublette-provencal","status":"publish","type":"post","link":"https:\/\/www.europesays.com\/fr\/364765\/","title":{"rendered":"Cahors. Le duo lotois a toutes ses chances au championnat de France doublette proven\u00e7al"},"content":{"rendered":"<p>Le championnat de France doublette proven\u00e7al va se d\u00e9rouler du 5 au 7 septembre \u00e0 Saint-Cyprien situ\u00e9 en terre catalane.<\/p>\n<p>Pour ce dernier championnat national de l\u2019ann\u00e9e, les champions du Lot gourdonnais, Alexandre Lebon et Mickael Iragnes, seront les \u00e9missaires lotois pour cette \u00e9preuve. Ils seront accompagn\u00e9s par B\u00e9r\u00e9nice Dedieu.<\/p>\n<p>Les Gourdonnais seront oppos\u00e9s, lors du premier acte, aux Corses du Sud J\u00e9r\u00f4me Branca et Antoine Colombani.<\/p>\n<p>L\u2019autre match du groupe opposera les Parisiens Salah Soraya et Thierry Lesage au duo dr\u00f4mois d\u2019Alexandre Dauberte et Mickael Cordonnier.<\/p>\n<p>Bonne chance aux Bourians qui ont les capacit\u00e9s de r\u00e9aliser un excellent parcours.<\/p>\n","protected":false},"excerpt":{"rendered":"Le championnat de France doublette proven\u00e7al va se d\u00e9rouler du 5 au 7 septembre \u00e0 Saint-Cyprien situ\u00e9 en&hellip;\n","protected":false},"author":2,"featured_media":364766,"comment_status":"","ping_status":"","sticky":false,"template":"","format":"standard","meta":{"footnotes":""},"categories":[4],"tags":[11,1011,27,12,25],"class_list":{"0":"post-364765","1":"post","2":"type-post","3":"status-publish","4":"format-standard","5":"has-post-thumbnail","7":"category-france","8":"tag-actualites","9":"tag-fr","10":"tag-france","11":"tag-news","12":"tag-republique-francaise"},"share_on_mastodon":{"url":"https:\/\/pubeurope.com\/@fr\/115143935427102453","error":""},"_links":{"self":[{"href":"https:\/\/www.europesays.com\/fr\/wp-json\/wp\/v2\/posts\/364765","targetHints":{"allow":["GET"]}}],"collection":[{"href":"https:\/\/www.europesays.com\/fr\/wp-json\/wp\/v2\/posts"}],"about":[{"href":"https:\/\/www.europesays.com\/fr\/wp-json\/wp\/v2\/types\/post"}],"author":[{"embeddable":true,"href":"https:\/\/www.europesays.com\/fr\/wp-json\/wp\/v2\/users\/2"}],"replies":[{"embeddable":true,"href":"https:\/\/www.europesays.com\/fr\/wp-json\/wp\/v2\/comments?post=364765"}],"version-history":[{"count":0,"href":"https:\/\/www.europesays.com\/fr\/wp-json\/wp\/v2\/posts\/364765\/revisions"}],"wp:featuredmedia":[{"embeddable":true,"href":"https:\/\/www.europesays.com\/fr\/wp-json\/wp\/v2\/media\/364766"}],"wp:attachment":[{"href":"https:\/\/www.europesays.com\/fr\/wp-json\/wp\/v2\/media?parent=364765"}],"wp:term":[{"taxonomy":"category","embeddable":true,"href":"https:\/\/www.europesays.com\/fr\/wp-json\/wp\/v2\/categories?post=364765"},{"taxonomy":"post_tag","embeddable":true,"href":"https:\/\/www.europesays.com\/fr\/wp-json\/wp\/v2\/tags?post=364765"}],"curies":[{"name":"wp","href":"https:\/\/api.w.org\/{rel}","templated":true}]}}