{"id":364767,"date":"2025-09-04T03:38:13","date_gmt":"2025-09-04T03:38:13","guid":{"rendered":"https:\/\/www.europesays.com\/fr\/364767\/"},"modified":"2025-09-04T03:38:13","modified_gmt":"2025-09-04T03:38:13","slug":"rugby-100-000-chocs-a-la-tete-ce-gallois-aux-33-selections-atteint-de-demence-sen-prend-a-world-rugby","status":"publish","type":"post","link":"https:\/\/www.europesays.com\/fr\/364767\/","title":{"rendered":"RUGBY. 100.000 chocs \u00e0 la t\u00eate : ce Gallois aux 33 s\u00e9lections atteint de d\u00e9mence s&rsquo;en prend \u00e0 World Rugby"},"content":{"rendered":"<p data-start=\"963\" data-end=\"1402\">Il fut un guerrier du pack gallois, un troisi\u00e8me ligne infatigable, membre du XV du Poireau qui a\u00a0fait le Grand Chelem\u00a0en 2008. Aujourd\u2019hui, Alix Popham vit une tout autre bataille, bien plus intime. \u00c0 seulement 45 ans, l\u2019ancien international souffre de d\u00e9mence pr\u00e9coce. Une cons\u00e9quence directe, <strong>selon ses neurologues, des centaines de milliers de chocs<\/strong> encaiss\u00e9s durant ses 14 ann\u00e9es de carri\u00e8re professionnelle.<\/p>\n<p>Un chiffre hallucinant<\/p>\n<p data-start=\"1404\" data-end=\"1775\">Les chiffres donnent le vertige. \u00c0 l\u2019entra\u00eenement comme en match, Popham <strong>aurait subi plus de 100.000 impacts \u00e0 la t\u00eate.<\/strong> Pas seulement de grosses commotions spectaculaires, mais surtout une multitude de secousses dites \u00ab\u00a0subcommotionnelles\u00a0\u00bb, souvent banalis\u00e9es dans le rugby d\u2019hier. Des microtraumatismes r\u00e9p\u00e9t\u00e9s, capables \u00e0 long terme d\u2019endommager durablement le cerveau.<\/p>\n<p data-start=\"1404\" data-end=\"1775\"><a class=\"inserer_lien_article\" href=\"https:\/\/www.lerugbynistere.fr\/news\/top-14-et-si-ladversaire-le-plus-dangereux-pour-le-stade-toulousain-netait-pas-celui-auquel-vous-pensez-0209251354.php\" data-id=\"45993\" data-route=\"app.article\" data-param=\"articleId\" ui-sref=\"app.article({articleId: 45993})\" alt=\"TOP 14. Et si l&#039;adversaire le plus dangereux pour le Stade Toulousain n&#039;\u00e9tait pas celui auquel vous pensez ?\" title=\"TOP 14. Et si l&#039;adversaire le plus dangereux pour le Stade Toulousain n&#039;\u00e9tait pas celui auquel vous pensez ?\" rel=\"nofollow noopener\" target=\"_blank\"><img decoding=\"async\" src=\"https:\/\/www.europesays.com\/fr\/wp-content\/uploads\/2025\/09\/top-14-et-si-ladversaire-le-plus-dangereux-pour-le-stade-toulousain-netait-pas-celui-auquel-vous-pen.jpeg\" alt=\"TOP 14. Et si l'adversaire le plus dangereux pour le Stade Toulousain n'\u00e9tait pas celui auquel vous pensez ?\"\/>TOP 14. Et si l&rsquo;adversaire le plus dangereux pour le Stade Toulousain n&rsquo;\u00e9tait pas celui auquel vous pensez ?<\/a><\/p>\n<p data-start=\"1777\" data-end=\"2230\">Les premiers sympt\u00f4mes sont apparus huit ans apr\u00e8s la fin de sa carri\u00e8re. Oublis de noms, de dates, pertes de m\u00e9moire soudaines. Puis les trous noirs se sont multipli\u00e9s. <strong>\u201cParfois, je me sens comme un imposteur, comme si ma carri\u00e8re n\u2019avait jamais eu lieu\u201d<\/strong>, confie-t-il avec une sinc\u00e9rit\u00e9 d\u00e9sarmante au m\u00e9dia Spiegel. Aujourd\u2019hui, il n\u2019a gard\u00e9 en m\u00e9moire que la date de son mariage. Les photos de sa carri\u00e8re ornent son salon, comme des rep\u00e8res d\u2019un pass\u00e9 qui s\u2019efface.<\/p>\n<blockquote class=\"twitter-tweet\"><p>&#13;<\/p>\n<p lang=\"fr\" dir=\"ltr\">Pour rester vigilant, World Rugby a mis en place une proc\u00e9dure en cas de commotion<br \/>Le protocole commotion qui intervient en plein match pour les joueurs concern\u00e9s. <\/p>\n<p>(Extrait d&rsquo;un reportage Canal +) <a href=\"https:\/\/t.co\/muIfEtHy5z\" rel=\"nofollow\">pic.twitter.com\/muIfEtHy5z<\/a><\/p>\n<p>&#13;<br \/>\n\u2014 Ovalie M\u00e9dia (@OvalieMedia) <a href=\"https:\/\/twitter.com\/OvalieMedia\/status\/1791082241688326434?ref_src=twsrc%5Etfw\" rel=\"nofollow noopener\" target=\"_blank\">May 16, 2024<\/a><\/p><\/blockquote>\n<p data-start=\"2232\" data-end=\"2713\">Le quotidien est devenu un combat. Crises de col\u00e8re incontr\u00f4l\u00e9es, panique dans les foules, incapacit\u00e9 \u00e0 se souvenir de sa liste de courses\u2026 <strong>Autant de signes de l\u2019enc\u00e9phalopathie traumatique chronique (ETC)<\/strong>, ce syndrome neurod\u00e9g\u00e9n\u00e9ratif d\u00e9j\u00e0 tristement connu dans le football am\u00e9ricain. En 2015, la NFL avait cr\u00e9\u00e9 un fonds de plusieurs milliards de dollars pour indemniser ses anciens joueurs. Popham, comme de nombreux ex-professionnels, r\u00e9clame d\u00e9sormais la m\u00eame chose au rugby.<\/p>\n<p>World Rugby mis en cause ?<\/p>\n<blockquote class=\"twitter-tweet\"><p>&#13;<\/p>\n<p lang=\"fr\" dir=\"ltr\">L&rsquo;ancien rugbyman S\u00e9bastien Chabal confie ne plus avoir aucun souvenir de sa carri\u00e8re sportive. Par l&rsquo;Orange m\u00e9diatique.<br \/>100% pur jus d&rsquo;infos!\ud83d\udfe0<a href=\"https:\/\/twitter.com\/hashtag\/rugby?src=hash&amp;ref_src=twsrc%5Etfw\" rel=\"nofollow noopener\" target=\"_blank\">#rugby<\/a> <a href=\"https:\/\/twitter.com\/hashtag\/commotion?src=hash&amp;ref_src=twsrc%5Etfw\" rel=\"nofollow noopener\" target=\"_blank\">#commotion<\/a> <a href=\"https:\/\/twitter.com\/hashtag\/chabal?src=hash&amp;ref_src=twsrc%5Etfw\" rel=\"nofollow noopener\" target=\"_blank\">#chabal<\/a> <a href=\"https:\/\/twitter.com\/hashtag\/amnesie?src=hash&amp;ref_src=twsrc%5Etfw\" rel=\"nofollow noopener\" target=\"_blank\">#amnesie<\/a> <a href=\"https:\/\/twitter.com\/hashtag\/france?src=hash&amp;ref_src=twsrc%5Etfw\" rel=\"nofollow noopener\" target=\"_blank\">#france<\/a> <a href=\"https:\/\/twitter.com\/hashtag\/savoir?src=hash&amp;ref_src=twsrc%5Etfw\" rel=\"nofollow noopener\" target=\"_blank\">#savoir<\/a> <a href=\"https:\/\/t.co\/hYakQexdIj\" rel=\"nofollow\">pic.twitter.com\/hYakQexdIj<\/a><\/p>\n<p>&#13;<br \/>\n\u2014 L\u2019orange m\u00e9diatique (@lorangemediati) <a href=\"https:\/\/twitter.com\/lorangemediati\/status\/1910753455666299191?ref_src=twsrc%5Etfw\" rel=\"nofollow noopener\" target=\"_blank\">April 11, 2025<\/a><\/p><\/blockquote>\n<p data-start=\"2715\" data-end=\"3180\">Avec d\u2019autres, il a engag\u00e9 des poursuites contre World Rugby, ainsi que les f\u00e9d\u00e9rations anglaise et galloise. Leur reproche est clair : <strong>ne pas avoir prot\u00e9g\u00e9 suffisamment les joueurs, ni pris en compte la gravit\u00e9 des commotions<\/strong> et de leurs effets r\u00e9p\u00e9t\u00e9s. \u00c0 l\u2019\u00e9poque, le protocole\u00a0n&rsquo;\u00e9tait pas assez pouss\u00e9 par manque de connaissance. Repartir au combat \u00e9tait une \u00e9vidence. Aujourd\u2019hui, Popham en paie le prix fort.<\/p>\n<p data-start=\"3182\" data-end=\"3416\">Son t\u00e9moignage secoue le rugby mondial. Derri\u00e8re les d\u00e9bats sur l\u2019\u00e9volution des r\u00e8gles ou la s\u00e9curit\u00e9 des joueurs, il met un visage et une voix sur\u00a0la r\u00e9alit\u00e9 : <strong>le rugby de haut niveau peut ab\u00eemer bien au-del\u00e0 du terrain.<\/strong><\/p>\n<p data-start=\"3418\" data-end=\"3668\">Alix Popham n\u2019est plus ce joueur qui grattait des ballons dans les rucks, mais il reste un combattant. D\u00e9sormais, son match se joue en dehors des pelouses, pour obtenir<strong> reconnaissance et protection pour ceux qui, comme lui, ont tout donn\u00e9 au rugby.<\/strong><\/p>\n<p>                            <script async src=\"https:\/\/platform.twitter.com\/widgets.js\" charset=\"utf-8\"><\/script><\/p>\n","protected":false},"excerpt":{"rendered":"Il fut un guerrier du pack gallois, un troisi\u00e8me ligne infatigable, membre du XV du Poireau qui a\u00a0fait&hellip;\n","protected":false},"author":2,"featured_media":364768,"comment_status":"","ping_status":"","sticky":false,"template":"","format":"standard","meta":{"footnotes":""},"categories":[1416],"tags":[1011,27,479,1468,60],"class_list":{"0":"post-364767","1":"post","2":"type-post","3":"status-publish","4":"format-standard","5":"has-post-thumbnail","7":"category-rugby","8":"tag-fr","9":"tag-france","10":"tag-rugby","11":"tag-rugby-football","12":"tag-sports"},"share_on_mastodon":{"url":"https:\/\/pubeurope.com\/@fr\/115143947717287900","error":""},"_links":{"self":[{"href":"https:\/\/www.europesays.com\/fr\/wp-json\/wp\/v2\/posts\/364767","targetHints":{"allow":["GET"]}}],"collection":[{"href":"https:\/\/www.europesays.com\/fr\/wp-json\/wp\/v2\/posts"}],"about":[{"href":"https:\/\/www.europesays.com\/fr\/wp-json\/wp\/v2\/types\/post"}],"author":[{"embeddable":true,"href":"https:\/\/www.europesays.com\/fr\/wp-json\/wp\/v2\/users\/2"}],"replies":[{"embeddable":true,"href":"https:\/\/www.europesays.com\/fr\/wp-json\/wp\/v2\/comments?post=364767"}],"version-history":[{"count":0,"href":"https:\/\/www.europesays.com\/fr\/wp-json\/wp\/v2\/posts\/364767\/revisions"}],"wp:featuredmedia":[{"embeddable":true,"href":"https:\/\/www.europesays.com\/fr\/wp-json\/wp\/v2\/media\/364768"}],"wp:attachment":[{"href":"https:\/\/www.europesays.com\/fr\/wp-json\/wp\/v2\/media?parent=364767"}],"wp:term":[{"taxonomy":"category","embeddable":true,"href":"https:\/\/www.europesays.com\/fr\/wp-json\/wp\/v2\/categories?post=364767"},{"taxonomy":"post_tag","embeddable":true,"href":"https:\/\/www.europesays.com\/fr\/wp-json\/wp\/v2\/tags?post=364767"}],"curies":[{"name":"wp","href":"https:\/\/api.w.org\/{rel}","templated":true}]}}