{"id":364771,"date":"2025-09-04T03:41:13","date_gmt":"2025-09-04T03:41:13","guid":{"rendered":"https:\/\/www.europesays.com\/fr\/364771\/"},"modified":"2025-09-04T03:41:13","modified_gmt":"2025-09-04T03:41:13","slug":"le-motoe-se-rend-a-barcelone-pour-la-cinquieme-manche-de-la-saison","status":"publish","type":"post","link":"https:\/\/www.europesays.com\/fr\/364771\/","title":{"rendered":"Le MotoE\u2122 se rend \u00e0 Barcelone pour la cinqui\u00e8me manche de la saison"},"content":{"rendered":"<p>Avec un top 5 qui se tient en seulement 22 points, le Championnat du Monde FIM MotoE\u2122 2025 reste tr\u00e8s ouvert. Mattia Casadei (LCR E-Team) m\u00e8ne la danse apr\u00e8s son fantastique doubl\u00e9 pour notre toute premi\u00e8re visite au Balaton Park en Hongrie. La cat\u00e9gorie \u00e9lectrique prend d\u00e9sormais la direction du mythique circuit de Barcelone pour une nouvelle manche palpitante de cette saison 2025 !<\/p>\n<p>Pass\u00e9 de la cinqui\u00e8me place \u00e0 la t\u00eate du classement gr\u00e2ce \u00e0 un carton plein en Hongrie, Mattia Casadei est d\u00e9sormais l&rsquo;homme \u00e0 battre. L&rsquo;Italien dispose d&rsquo;une avance de 14 points et tentera samedi de devenir le premier pilote depuis 2023 \u00e0 remporter trois victoires cons\u00e9cutives. Son compatriote Lorenzo Baldassarri (Dynavolt Intact GP) le talonne \u00e0 la deuxi\u00e8me place et prouve que la r\u00e9gularit\u00e9 est la cl\u00e9, lui qui court toujours apr\u00e8s sa premi\u00e8re victoire dans la s\u00e9rie \u00e9lectrique. Andrea Mantovani (KLINT Forward Factory Team) a quant \u00e0 lui connu un week-end difficile qui l&rsquo;a fait chuter \u00e0 la troisi\u00e8me place du Championnat du Monde mais le pilote Forward entend bien redresser la barre en Catalogne.<\/p>\n<p>\u00c0 \u00e9galit\u00e9 de points avec Andrea Mantovani, Alessandro Zaccone (Aruba Cloud MotoE\u2122 Team) cherche lui aussi \u00e0 faire son retour sur le podium. Ce dernier garde de bons souvenirs de Barcelone, o\u00f9 il a termin\u00e9 troisi\u00e8me de la course 2 l&rsquo;an dernier. De son c\u00f4t\u00e9, Matteo Ferrari (Felo Gresini MotoE\u2122) continue sur sa belle dynamique et se hisse dans le top 5 du classement g\u00e9n\u00e9ral apr\u00e8s un nouveau podium. Le repr\u00e9sentant de Gresini n&rsquo;est plus qu&rsquo;\u00e0 22 longueurs du leader. Le Champion du Monde en titre H\u00e9ctor Garz\u00f3 (Dynavolt Intact GP) est quant \u00e0 lui d\u00e9termin\u00e9 \u00e0 rebondir \u00e0 Barcelone depuis sa septi\u00e8me place au Championnat du Monde derri\u00e8re l&rsquo;exp\u00e9riment\u00e9 Nicholas Spinelli (Rivacold Snipers Team MotoE\u2122).<\/p>\n<p>De leur c\u00f4t\u00e9, Oscar Gutierrez (MSI Racing Team) et Kevin Zannoni (Power Electronics Aspar Team) ont de grandes ambitions, les deux hommes ayant d\u00e9j\u00e0 gagn\u00e9 ici en 2024. Parmi les autres pilotes \u00e0 surveiller, on peut citer Jordi Torres (Power Electronics Aspar Team), qui visera son premier podium depuis Assen et qui \u00e9voluera \u00e0 domicile. Eric Granado (LCR E-Team) sera \u00e9galement en lice puisqu&rsquo;il occupe la 10e place du Championnat du Monde apr\u00e8s avoir \u00e9t\u00e9 victime de quelques p\u00e9pins physiques jusqu&rsquo;\u00e0 pr\u00e9sent. Le n\u00b051 a d\u00e9croch\u00e9 deux podiums lors des deux derni\u00e8res manches et montre qu&rsquo;il est de retour \u00e0 son meilleur niveau dans cette seconde moiti\u00e9 de 2025.<\/p>\n<p>Avant d&rsquo;attaquer la cinqui\u00e8me manche de la saison \u00e0 Barcelone, petite s\u00e9ance de rattrapage sur ce qui s&rsquo;est pass\u00e9 en Hongrie !<\/p>\n<p>MotoE\u2122 course 1 Hongrie :MotoE\u2122 course 2 Hongrie :<\/p>\n<p>\u00a0<\/p>\n","protected":false},"excerpt":{"rendered":"Avec un top 5 qui se tient en seulement 22 points, le Championnat du Monde FIM MotoE\u2122 2025&hellip;\n","protected":false},"author":2,"featured_media":364772,"comment_status":"","ping_status":"","sticky":false,"template":"","format":"standard","meta":{"footnotes":""},"categories":[1413],"tags":[1011,27,1457,1456,60,2032],"class_list":{"0":"post-364771","1":"post","2":"type-post","3":"status-publish","4":"format-standard","5":"has-post-thumbnail","7":"category-moto","8":"tag-fr","9":"tag-france","10":"tag-moto","11":"tag-motocycle","12":"tag-sports","13":"tag-text"},"share_on_mastodon":{"url":"https:\/\/pubeurope.com\/@fr\/115143959155574668","error":""},"_links":{"self":[{"href":"https:\/\/www.europesays.com\/fr\/wp-json\/wp\/v2\/posts\/364771","targetHints":{"allow":["GET"]}}],"collection":[{"href":"https:\/\/www.europesays.com\/fr\/wp-json\/wp\/v2\/posts"}],"about":[{"href":"https:\/\/www.europesays.com\/fr\/wp-json\/wp\/v2\/types\/post"}],"author":[{"embeddable":true,"href":"https:\/\/www.europesays.com\/fr\/wp-json\/wp\/v2\/users\/2"}],"replies":[{"embeddable":true,"href":"https:\/\/www.europesays.com\/fr\/wp-json\/wp\/v2\/comments?post=364771"}],"version-history":[{"count":0,"href":"https:\/\/www.europesays.com\/fr\/wp-json\/wp\/v2\/posts\/364771\/revisions"}],"wp:featuredmedia":[{"embeddable":true,"href":"https:\/\/www.europesays.com\/fr\/wp-json\/wp\/v2\/media\/364772"}],"wp:attachment":[{"href":"https:\/\/www.europesays.com\/fr\/wp-json\/wp\/v2\/media?parent=364771"}],"wp:term":[{"taxonomy":"category","embeddable":true,"href":"https:\/\/www.europesays.com\/fr\/wp-json\/wp\/v2\/categories?post=364771"},{"taxonomy":"post_tag","embeddable":true,"href":"https:\/\/www.europesays.com\/fr\/wp-json\/wp\/v2\/tags?post=364771"}],"curies":[{"name":"wp","href":"https:\/\/api.w.org\/{rel}","templated":true}]}}