{"id":364773,"date":"2025-09-04T03:42:09","date_gmt":"2025-09-04T03:42:09","guid":{"rendered":"https:\/\/www.europesays.com\/fr\/364773\/"},"modified":"2025-09-04T03:42:09","modified_gmt":"2025-09-04T03:42:09","slug":"f1-g-p-ditalie-les-horaires-de-monza-avec-deja-un-classement-corrige-apres-la-qualification-penalite","status":"publish","type":"post","link":"https:\/\/www.europesays.com\/fr\/364773\/","title":{"rendered":"F1 G.P d&rsquo;Italie, les horaires de Monza avec, d\u00e9j\u00e0, un classement corrig\u00e9, apr\u00e8s la qualification (p\u00e9nalit\u00e9) !"},"content":{"rendered":"<p>Le Grand-Prix d\u2019Italie de F1 2025 n\u2019a m\u00eame pas encore commenc\u00e9 que, d\u00e9j\u00e0, nous savons que le classement sera chamboul\u00e9, apr\u00e8s les qualifications, \u00e0 Monza. En effet, sanctionn\u00e9 l\u00e9gitimement pour une vitesse excessive sous r\u00e9gime de voiture de s\u00e9curit\u00e9, Lewis Hamilton devra reculer de cinq places sur la grille de d\u00e9part.<\/p>\n<p>F1 : grille de d\u00e9part \u00e0 modifier samedi, apr\u00e8s les essais qualificatifs<\/p>\n<p>Si les chances de pole position pour Lewis Hamilton \u00e9taient probablement d\u00e9j\u00e0 assez faibles, avec cette sanction, le Britannique est d\u00e9sormais certain \u00e0 100% qu\u2019il ne pourra pas s\u2019\u00e9lancer en premi\u00e8re ligne, \u00e0 l\u2019occasion de sa premi\u00e8re apparition devant les tifosis de <a href=\"https:\/\/lemagsportauto.ouest-france.fr\/tag\/monza\/\" target=\"_blank\" rel=\"noopener\">Monza<\/a>, ce week-end. Il sera donc, au mieux, sixi\u00e8me\u2026Reste \u00e0 d\u00e9terminer si la Scuderia tentera de tirer profit de la situation pour changer son moteur, chose qui le ferait partir de l\u2019arri\u00e8re de la grille. Un pari hypoth\u00e9tiquement int\u00e9ressant \u00e0 faire. A voir, donc\u2026<\/p>\n<blockquote class=\"twitter-tweet\">\n<p dir=\"ltr\" lang=\"en\">Next up, the historic temple of speed \ud83c\uddee\ud83c\uddf9<a href=\"https:\/\/twitter.com\/hashtag\/F1?src=hash&amp;ref_src=twsrc%5Etfw\" target=\"_blank\" rel=\"noopener\">#F1<\/a> <a href=\"https:\/\/twitter.com\/hashtag\/ItalianGP?src=hash&amp;ref_src=twsrc%5Etfw\" target=\"_blank\" rel=\"noopener\">#ItalianGP<\/a> <a href=\"https:\/\/t.co\/Gz3vu8HDBl\">pic.twitter.com\/Gz3vu8HDBl<\/a><\/p>\n<p>\u2014 Formula 1 (@F1) <a href=\"https:\/\/twitter.com\/F1\/status\/1962842188976468133?ref_src=twsrc%5Etfw\" target=\"_blank\" rel=\"noopener\">September 2, 2025<\/a><\/p>\n<\/blockquote>\n<p>Sachant que, g\u00e9n\u00e9ralement, cette \u00e9preuve de Monza est propice aux p\u00e9nalit\u00e9s sur changements de moteurs. Tout d\u2019abord car les d\u00e9passements y sont plus ais\u00e9s qu\u2019ailleurs (du fait des grandes lignes droites) mais aussi, qu\u2019un moteur frais et ses chevaux suppl\u00e9mentaires peut conf\u00e9rer un r\u00e9el avantage, en course, le dimanche.<\/p>\n<p>\u201cComme chaque ann\u00e9e, nous sommes impatients d\u2019entrer en piste \u00e0 Monza, d\u2019autant plus que quelques jours apr\u00e8s Zandvoort, qui n\u2019a pas donn\u00e9 les r\u00e9sultats esp\u00e9r\u00e9s, m\u00eame si nous avons d\u00e9montr\u00e9 que nous avions le rythme de course pour bien faire\u201d, commente Fr\u00e9d\u00e9ric Vasseur, Team Principal de la Scuderia Ferrari, \u00e0 quelques heures du coup d\u2019envoi du Grand-Prix le plus important pour son \u00e9quipe. Pour toute l\u2019\u00e9quipe, \u00eatre entour\u00e9 par la passion de nos tifosi est une motivation incroyable pour mettre tout notre c\u0153ur dans tout ce que nous faisons. <\/p>\n<p>Nous visons \u00e0 donner le meilleur de nous-m\u00eames pour les remercier de leur soutien constant. Cependant, pour ce faire, nous devons mettre nos \u00e9motions de c\u00f4t\u00e9 et nous concentrer sur le fait de nous assurer que nous ex\u00e9cutons le week-end au mieux de nos capacit\u00e9s, du tout premier tour d\u2019essais libres jusqu\u2019au dernier tour de la course. Au cours de cette saison, nous avons progress\u00e9 en termes de comp\u00e9titivit\u00e9, mais avec un plateau aussi soud\u00e9, nous devons \u00eatre irr\u00e9prochables pour obtenir les r\u00e9sultats que nous visons. Nous donnerons tout ce que nous avons, sachant que nous pouvons compter sur tout l\u2019amour et le soutien de nos tifosi.\u201d, ajoute le dirigeant Fran\u00e7ais de la formation italienne.<\/p>\n<p>C\u00f4t\u00e9 enjeux, c\u2019est \u00e9videmment la lutte pour le titre entre Oscar Piastri et Lando Norris qui sera dans toutes les t\u00eates. Arbitr\u00e9 par Max Verstappen, Mercedes ou Ferrari ? Quoiqu\u2019il en soit, aucun calcul \u00e0 faire concernant le Britannique, qui devra imp\u00e9rativement gagner -si possible en signant la pole position pour continuer d\u2019esp\u00e9rer, apr\u00e8s son abandon cruel au Pays-Bas.<\/p>\n<p>Place aux horaires de ce Grand-Prix d\u2019Italie de F1 2025.<\/p>\n<p><strong>Vendredi 5 septembre 2025<\/strong><\/p>\n<p>Essais libres 1 : 13h30, en direct sur Canal+ 360<\/p>\n<p>Essais libres 2 : 17h00, en direct sur Canal+ 360<\/p>\n<p><strong>Samedi 6 septembre 2025<\/strong><\/p>\n<p>Essais libres 3 : 12h30, en direct sur Canal+ Sport<\/p>\n<p>Qualification : 16h00, en direct sur Canal+ Sport<\/p>\n<p><strong>Dimanche 7 septembre 2025<\/strong><\/p>\n<p>D\u00e9part de la course : 15h00, en direct sur Canal+<\/p>\n<\/p>\n<p>Article publi\u00e9 le 04\/09\/2025 \u00e0 5h37<\/p>\n<p>                                                            <script async src=\"https:\/\/platform.twitter.com\/widgets.js\" charset=\"utf-8\"><\/script><\/p>\n","protected":false},"excerpt":{"rendered":"Le Grand-Prix d\u2019Italie de F1 2025 n\u2019a m\u00eame pas encore commenc\u00e9 que, d\u00e9j\u00e0, nous savons que le classement&hellip;\n","protected":false},"author":2,"featured_media":364774,"comment_status":"","ping_status":"","sticky":false,"template":"","format":"standard","meta":{"footnotes":""},"categories":[1412],"tags":[1451,2251,1452,1453,1454,1455,1011,27,10093,60],"class_list":{"0":"post-364773","1":"post","2":"type-post","3":"status-publish","4":"format-standard","5":"has-post-thumbnail","7":"category-f1","8":"tag-f1","9":"tag-ferrari","10":"tag-formula-1","11":"tag-formula1","12":"tag-formule-1","13":"tag-formule1","14":"tag-fr","15":"tag-france","16":"tag-horaires","17":"tag-sports"},"share_on_mastodon":{"url":"https:\/\/pubeurope.com\/@fr\/115143963016863041","error":""},"_links":{"self":[{"href":"https:\/\/www.europesays.com\/fr\/wp-json\/wp\/v2\/posts\/364773","targetHints":{"allow":["GET"]}}],"collection":[{"href":"https:\/\/www.europesays.com\/fr\/wp-json\/wp\/v2\/posts"}],"about":[{"href":"https:\/\/www.europesays.com\/fr\/wp-json\/wp\/v2\/types\/post"}],"author":[{"embeddable":true,"href":"https:\/\/www.europesays.com\/fr\/wp-json\/wp\/v2\/users\/2"}],"replies":[{"embeddable":true,"href":"https:\/\/www.europesays.com\/fr\/wp-json\/wp\/v2\/comments?post=364773"}],"version-history":[{"count":0,"href":"https:\/\/www.europesays.com\/fr\/wp-json\/wp\/v2\/posts\/364773\/revisions"}],"wp:featuredmedia":[{"embeddable":true,"href":"https:\/\/www.europesays.com\/fr\/wp-json\/wp\/v2\/media\/364774"}],"wp:attachment":[{"href":"https:\/\/www.europesays.com\/fr\/wp-json\/wp\/v2\/media?parent=364773"}],"wp:term":[{"taxonomy":"category","embeddable":true,"href":"https:\/\/www.europesays.com\/fr\/wp-json\/wp\/v2\/categories?post=364773"},{"taxonomy":"post_tag","embeddable":true,"href":"https:\/\/www.europesays.com\/fr\/wp-json\/wp\/v2\/tags?post=364773"}],"curies":[{"name":"wp","href":"https:\/\/api.w.org\/{rel}","templated":true}]}}