{"id":364777,"date":"2025-09-04T03:44:10","date_gmt":"2025-09-04T03:44:10","guid":{"rendered":"https:\/\/www.europesays.com\/fr\/364777\/"},"modified":"2025-09-04T03:44:10","modified_gmt":"2025-09-04T03:44:10","slug":"psg-ce-renfort-tunisien-defie-deja-les-stars","status":"publish","type":"post","link":"https:\/\/www.europesays.com\/fr\/364777\/","title":{"rendered":"PSG : Ce renfort tunisien d\u00e9fie d\u00e9j\u00e0 les stars"},"content":{"rendered":"<p><strong>La derni\u00e8re recrue estivale du Paris Saint-Germain n&rsquo;\u00e9tait pas une star mais un jeune tunisien de 20 ans Khalil Ayari. Ailier gauche, il vient int\u00e9grer l&rsquo;\u00e9quipe Espoirs du PSG avant peut-\u00eatre de faire son trou dans le groupe pro.<\/strong><\/p>\n<p>A 20 ans, il n&rsquo;est pas facile de s\u00e9duire le <a href=\"https:\/\/www.foot01.com\/equipe\/paris\/\" rel=\"nofollow noopener\" target=\"_blank\">Paris Saint-Germain<\/a> sans grandes r\u00e9f\u00e9rences en Europe. C&rsquo;est pourtant l&rsquo;exploit r\u00e9alis\u00e9 par Khalil Ayari, jeune attaquant tunisien. D\u00e9nich\u00e9 par Luis Campos, l&rsquo;ancien joueur du Stade Tunisien a eu l&rsquo;occasion de montrer l&rsquo;\u00e9tendue de son potentiel lors des derni\u00e8res semaines, comme l&rsquo;indique le journal Le Parisien. Il a \u00e9t\u00e9 mis \u00e0 l&rsquo;essai et a finalement d\u00e9croch\u00e9 sa place dans l&rsquo;effectif parisien. Une nouvelle confirm\u00e9e par son ancien club en Tunisie sur les r\u00e9seaux sociaux. Ayari d\u00e9barque au PSG sous la forme d&rsquo;un pr\u00eat avec une option d&rsquo;achat fix\u00e9e \u00e0 1,5 million d&rsquo;euros.<\/p>\n<p>Tr\u00e8s suivi en Europe, Ayari mise sur le PSG<\/p>\n<p>Un transfert qui ne va pas se r\u00e9percuter sur le groupe de Luis Enrique dans l&rsquo;imm\u00e9diat. En effet, le jeune tunisien doit d&rsquo;abord faire ses armes dans le groupe Espoirs dirig\u00e9 par Jean-Fran\u00e7ois Vulliez (ancien directeur du centre de formation de l&rsquo;OL). Khalil Ayari \u00e9volue sur les ailes, \u00e0 droite, mais surtout \u00e0 gauche. Il est r\u00e9put\u00e9 pour \u00eatre un tr\u00e8s bon dribbleur, ce qui lui a permis d&rsquo;int\u00e9grer la s\u00e9lection Espoirs tunisienne et d&rsquo;amener son club, le Stade Tunisien dans le top 5 du championnat local, l&rsquo;un des plus relev\u00e9s d&rsquo;Afrique.<\/p>\n<blockquote class=\"twitter-tweet\"><p>&#13;<\/p>\n<p lang=\"en\" dir=\"ltr\">Pride of Bardo, shining star of Tunisian football \ud83c\uddf9\ud83c\uddf3<\/p>\n<p>Stade Tunisien confirms Khalil Ayari\u2019s move to <a href=\"https:\/\/twitter.com\/PSG_inside?ref_src=twsrc%5Etfw\" rel=\"nofollow noopener\" target=\"_blank\">@PSG_inside<\/a> and wishes him great success <a href=\"https:\/\/t.co\/upyjdxnA7X\" rel=\"nofollow\">pic.twitter.com\/upyjdxnA7X<\/a><\/p>\n<p>&#13;<br \/>\n\u2014 Stade Tunisien (@stadetunisien48) <a href=\"https:\/\/twitter.com\/stadetunisien48\/status\/1962585051297628411?ref_src=twsrc%5Etfw\" rel=\"nofollow noopener\" target=\"_blank\">September 1, 2025<\/a><\/p><\/blockquote>\n<p>Ayari n&rsquo;a pas froid aux yeux et sait se montrer ambitieux. Son arriv\u00e9e au PSG en est la meilleure illustration. En effet, le joueur de 20 ans \u00e9tait convoit\u00e9 par Strasbourg, Nice et Rennes en Ligue 1. Des clubs portugais et suisses \u00e9taient aussi sur les rangs. Des passerelles pour l&rsquo;Europe bien plus simples que le PSG champion d&rsquo;Europe. Pourtant, Ayari a pris la direction de la capitale fran\u00e7aise o\u00f9 les ailiers gauche s&rsquo;appellent Bradley Barcola et Khvicha Kvaratskhelia.<\/p>\n<p>          <script async src=\"https:\/\/platform.twitter.com\/widgets.js\" charset=\"utf-8\"><\/script><\/p>\n","protected":false},"excerpt":{"rendered":"La derni\u00e8re recrue estivale du Paris Saint-Germain n&rsquo;\u00e9tait pas une star mais un jeune tunisien de 20 ans&hellip;\n","protected":false},"author":2,"featured_media":364778,"comment_status":"","ping_status":"","sticky":false,"template":"","format":"standard","meta":{"footnotes":""},"categories":[1410],"tags":[63,1011,27,60],"class_list":{"0":"post-364777","1":"post","2":"type-post","3":"status-publish","4":"format-standard","5":"has-post-thumbnail","7":"category-football","8":"tag-football","9":"tag-fr","10":"tag-france","11":"tag-sports"},"share_on_mastodon":{"url":"https:\/\/pubeurope.com\/@fr\/115143970854317886","error":""},"_links":{"self":[{"href":"https:\/\/www.europesays.com\/fr\/wp-json\/wp\/v2\/posts\/364777","targetHints":{"allow":["GET"]}}],"collection":[{"href":"https:\/\/www.europesays.com\/fr\/wp-json\/wp\/v2\/posts"}],"about":[{"href":"https:\/\/www.europesays.com\/fr\/wp-json\/wp\/v2\/types\/post"}],"author":[{"embeddable":true,"href":"https:\/\/www.europesays.com\/fr\/wp-json\/wp\/v2\/users\/2"}],"replies":[{"embeddable":true,"href":"https:\/\/www.europesays.com\/fr\/wp-json\/wp\/v2\/comments?post=364777"}],"version-history":[{"count":0,"href":"https:\/\/www.europesays.com\/fr\/wp-json\/wp\/v2\/posts\/364777\/revisions"}],"wp:featuredmedia":[{"embeddable":true,"href":"https:\/\/www.europesays.com\/fr\/wp-json\/wp\/v2\/media\/364778"}],"wp:attachment":[{"href":"https:\/\/www.europesays.com\/fr\/wp-json\/wp\/v2\/media?parent=364777"}],"wp:term":[{"taxonomy":"category","embeddable":true,"href":"https:\/\/www.europesays.com\/fr\/wp-json\/wp\/v2\/categories?post=364777"},{"taxonomy":"post_tag","embeddable":true,"href":"https:\/\/www.europesays.com\/fr\/wp-json\/wp\/v2\/tags?post=364777"}],"curies":[{"name":"wp","href":"https:\/\/api.w.org\/{rel}","templated":true}]}}