{"id":364779,"date":"2025-09-04T03:45:14","date_gmt":"2025-09-04T03:45:14","guid":{"rendered":"https:\/\/www.europesays.com\/fr\/364779\/"},"modified":"2025-09-04T03:45:14","modified_gmt":"2025-09-04T03:45:14","slug":"le-domicile-de-joeystarr-cambriole-ce-que-lon-sait","status":"publish","type":"post","link":"https:\/\/www.europesays.com\/fr\/364779\/","title":{"rendered":"Le domicile de JoeyStarr cambriol\u00e9 : ce que l\u2019on sait"},"content":{"rendered":"<p class=\"article-p mdl\">Une personnalit\u00e9 se rajoute \u00e0 la liste des c\u00e9l\u00e9brit\u00e9s cambriol\u00e9es. Apr\u00e8s<a class=\"link\" href=\"https:\/\/www.rtl.fr\/actu\/justice-faits-divers\/braquage-de-kim-kardashian-le-recit-de-l-invraisemblable-casse-par-des-papys-braqueurs-7900527194\" title=\"Braquage de Kim Kardashian : le r\u00e9cit de l&#039;invraisemblable casse par des &quot;papys braqueurs&quot;\" rel=\"nofollow noopener\" target=\"_blank\"> Kim Kardashian<\/a>, Aya Nakamura, ou encore Laure Manaudou, c\u2019est <strong>JoeyStarr qui est victime d\u2019un cambriolage. <\/strong>Selon des informations du\u00a0<a class=\"link\" href=\"https:\/\/www.leparisien.fr\/faits-divers\/paris-joeystarr-cambriole-un-prejudice-estime-de-100-000-euros-en-montres-de-luxe-03-09-2025-YZS2TYNPKFGDRIVH5Z3GDU6IHM.php\" target=\"_blank\" rel=\"nofollow noopener\">Parisien<\/a>, confirm\u00e9es par l\u2019AFP, les voleurs se seraient introduits au domicile de Didier Morville, de son vrai nom, pendant la nuit en fin de semaine derni\u00e8re.<\/p>\n<p class=\"article-p mdl\">Il a d\u00e9pos\u00e9 plainte lundi 1er septembre, selon le parquet de Paris. La star de 57 ans avait r\u00e9cemment emm\u00e9nag\u00e9 dans le <strong>Xe arrondissement de Paris<\/strong> avec sa compagne, l\u2019actrice et mannequin Pauline Latchoumanin.<\/p>\n<p class=\"article-p mdl\">\u00ab\u00a0La victime (a) constat\u00e9 la disparition d&rsquo;objets pour une valeur estim\u00e9e \u00e0 <strong>plus de<\/strong> <strong>100.000 euros pendant son sommeil\u00a0\u00bb,<\/strong> rapporte le parquet. Il se serait fait d\u00e9rober des montres de luxe, ce qui explique le montant du pr\u00e9judice. Une enqu\u00eate pour vol dans un local d\u2019habitation a \u00e9t\u00e9 confi\u00e9e au deuxi\u00e8me district de police judiciaire. Des premi\u00e8res constatations ont \u00e9t\u00e9 effectu\u00e9es mardi 2 septembre.<\/p>\n<p class=\"article-p mdl\">Pour le moment,<strong> le ou les cambrioleurs n\u2019ont pas \u00e9t\u00e9 interpell\u00e9s. <\/strong>On sait qu\u2019ils ont p\u00e9n\u00e9tr\u00e9 sans effraction par la fen\u00eatre du domicile, entre 2h et 3h du matin. La compagne de JoeyStarr a \u00e9t\u00e9 r\u00e9veill\u00e9e par le bruit et a mis en fuite le ou les voleurs.<\/p>\n<p>    La r\u00e9daction vous recommande<\/p>\n<p class=\"s-newsletter__title\">\n                L\u2019actualit\u00e9 par la r\u00e9daction de RTL dans votre bo\u00eete mail.\n            <\/p>\n<p class=\"s-newsletter__subtitle\">\n                Gr\u00e2ce \u00e0 votre compte RTL abonnez-vous \u00e0 la newsletter RTL info pour suivre toute l&rsquo;actualit\u00e9 au quotidien\n            <\/p>\n<p>\n                                    Lire la suite\n                                <\/p>\n","protected":false},"excerpt":{"rendered":"Une personnalit\u00e9 se rajoute \u00e0 la liste des c\u00e9l\u00e9brit\u00e9s cambriol\u00e9es. Apr\u00e8s Kim Kardashian, Aya Nakamura, ou encore Laure&hellip;\n","protected":false},"author":2,"featured_media":364780,"comment_status":"","ping_status":"","sticky":false,"template":"","format":"standard","meta":{"footnotes":""},"categories":[1359],"tags":[9462,58,59,107,1011,27,30290,626,973],"class_list":{"0":"post-364779","1":"post","2":"type-post","3":"status-publish","4":"format-standard","5":"has-post-thumbnail","7":"category-people","8":"tag-cambriolages","9":"tag-divertissement","10":"tag-entertainment","11":"tag-fil-info","12":"tag-fr","13":"tag-france","14":"tag-joeystarr","15":"tag-paris","16":"tag-people"},"share_on_mastodon":{"url":"https:\/\/pubeurope.com\/@fr\/115143974757567886","error":""},"_links":{"self":[{"href":"https:\/\/www.europesays.com\/fr\/wp-json\/wp\/v2\/posts\/364779","targetHints":{"allow":["GET"]}}],"collection":[{"href":"https:\/\/www.europesays.com\/fr\/wp-json\/wp\/v2\/posts"}],"about":[{"href":"https:\/\/www.europesays.com\/fr\/wp-json\/wp\/v2\/types\/post"}],"author":[{"embeddable":true,"href":"https:\/\/www.europesays.com\/fr\/wp-json\/wp\/v2\/users\/2"}],"replies":[{"embeddable":true,"href":"https:\/\/www.europesays.com\/fr\/wp-json\/wp\/v2\/comments?post=364779"}],"version-history":[{"count":0,"href":"https:\/\/www.europesays.com\/fr\/wp-json\/wp\/v2\/posts\/364779\/revisions"}],"wp:featuredmedia":[{"embeddable":true,"href":"https:\/\/www.europesays.com\/fr\/wp-json\/wp\/v2\/media\/364780"}],"wp:attachment":[{"href":"https:\/\/www.europesays.com\/fr\/wp-json\/wp\/v2\/media?parent=364779"}],"wp:term":[{"taxonomy":"category","embeddable":true,"href":"https:\/\/www.europesays.com\/fr\/wp-json\/wp\/v2\/categories?post=364779"},{"taxonomy":"post_tag","embeddable":true,"href":"https:\/\/www.europesays.com\/fr\/wp-json\/wp\/v2\/tags?post=364779"}],"curies":[{"name":"wp","href":"https:\/\/api.w.org\/{rel}","templated":true}]}}