{"id":364781,"date":"2025-09-04T03:47:10","date_gmt":"2025-09-04T03:47:10","guid":{"rendered":"https:\/\/www.europesays.com\/fr\/364781\/"},"modified":"2025-09-04T03:47:10","modified_gmt":"2025-09-04T03:47:10","slug":"pibrac-collecte-de-vos-vieux-livres","status":"publish","type":"post","link":"https:\/\/www.europesays.com\/fr\/364781\/","title":{"rendered":"Pibrac. Collecte de vos vieux livres"},"content":{"rendered":"<p>V\u00e9ritable carrefour culturel, la m\u00e9diath\u00e8que offre \u00e0 tous un acc\u00e8s gratuit au pr\u00eat de livres parmi une collection riche de plus de 17 000 ouvrages. Passionn\u00e9s de litt\u00e9rature, curieux avides de d\u00e9couvertes ou chercheurs de connaissances techniques, chacun peut y trouver de quoi nourrir sa soif de savoir. Plus qu\u2019un simple lieu de lecture, la m\u00e9diath\u00e8que est un espace de vie, de rencontres et d\u2019\u00e9changes o\u00f9 chacun est le bienvenu. Elle se veut ouverte \u00e0 tous les publics et s\u2019adapte aux besoins de chacun, qu\u2019il s\u2019agisse d\u2019\u00e9tudier, de se divertir ou de partager un moment convivial.<\/p>\n<p>Tout au long de l\u2019ann\u00e9e, la m\u00e9diath\u00e8que propose \u00e9galement des animations vari\u00e9es pour dynamiser la vie culturelle locale et favoriser des moments de partage et de convivialit\u00e9. Contes pour enfants, expositions artistiques ou scientifiques, rencontres avec des auteurs ou encore spectacles vivants viennent rythmer la vie de la m\u00e9diath\u00e8que et s\u00e9duisent petits et grands.<\/p>\n<p>\u00c0 l\u2019occasion du Forum des Associations, qui se tiendra le 6 septembre de 9h30 \u00e0 12h, la m\u00e9diath\u00e8que organise une collecte de vieux livres. Des ouvrages qui dorment dans un placard peuvent ainsi trouver une seconde vie. Les livres collect\u00e9s seront revendus ou recycl\u00e9s, contribuant \u00e0 une d\u00e9marche \u00e0 la fois \u00e9cologique et culturelle.<\/p>\n<p>Certains ouvrages ne pourront toutefois pas \u00eatre accept\u00e9s. Il s\u2019agit notamment des livres trop ab\u00eem\u00e9s ou sans code-barres, des manuels scolaires devenus obsol\u00e8tes, des dictionnaires et encyclop\u00e9dies, des livres clubs tels que France Loisirs ou Le Grand Livre du Mois, ainsi que des revues, journaux, guides de voyage ou encore livres en langues \u00e9trang\u00e8res. La liste compl\u00e8te des crit\u00e8res est disponible sur le site internet de la m\u00e9diath\u00e8que.<\/p>\n<p>Cette initiative est une belle occasion de faire du tri chez soi tout en participant \u00e0 une action solidaire, \u00e9cologique et culturelle.<\/p>\n<p>Infos sur place ou sur le site <a href=\"https:\/\/www.mediatheque-pibrac.fr\/\" target=\"_blank\" rel=\"nofollow noopener\">www.mediatheque-pibrac.fr\/<\/a> ou T\u00e9l: 05 61 86 09 69<\/p>\n","protected":false},"excerpt":{"rendered":"V\u00e9ritable carrefour culturel, la m\u00e9diath\u00e8que offre \u00e0 tous un acc\u00e8s gratuit au pr\u00eat de livres parmi une collection&hellip;\n","protected":false},"author":2,"featured_media":364782,"comment_status":"","ping_status":"","sticky":false,"template":"","format":"standard","meta":{"footnotes":""},"categories":[1357],"tags":[1379,58,59,1011,27,1380],"class_list":{"0":"post-364781","1":"post","2":"type-post","3":"status-publish","4":"format-standard","5":"has-post-thumbnail","7":"category-livres","8":"tag-books","9":"tag-divertissement","10":"tag-entertainment","11":"tag-fr","12":"tag-france","13":"tag-livres"},"share_on_mastodon":{"url":"https:\/\/pubeurope.com\/@fr\/115143982761217432","error":""},"_links":{"self":[{"href":"https:\/\/www.europesays.com\/fr\/wp-json\/wp\/v2\/posts\/364781","targetHints":{"allow":["GET"]}}],"collection":[{"href":"https:\/\/www.europesays.com\/fr\/wp-json\/wp\/v2\/posts"}],"about":[{"href":"https:\/\/www.europesays.com\/fr\/wp-json\/wp\/v2\/types\/post"}],"author":[{"embeddable":true,"href":"https:\/\/www.europesays.com\/fr\/wp-json\/wp\/v2\/users\/2"}],"replies":[{"embeddable":true,"href":"https:\/\/www.europesays.com\/fr\/wp-json\/wp\/v2\/comments?post=364781"}],"version-history":[{"count":0,"href":"https:\/\/www.europesays.com\/fr\/wp-json\/wp\/v2\/posts\/364781\/revisions"}],"wp:featuredmedia":[{"embeddable":true,"href":"https:\/\/www.europesays.com\/fr\/wp-json\/wp\/v2\/media\/364782"}],"wp:attachment":[{"href":"https:\/\/www.europesays.com\/fr\/wp-json\/wp\/v2\/media?parent=364781"}],"wp:term":[{"taxonomy":"category","embeddable":true,"href":"https:\/\/www.europesays.com\/fr\/wp-json\/wp\/v2\/categories?post=364781"},{"taxonomy":"post_tag","embeddable":true,"href":"https:\/\/www.europesays.com\/fr\/wp-json\/wp\/v2\/tags?post=364781"}],"curies":[{"name":"wp","href":"https:\/\/api.w.org\/{rel}","templated":true}]}}