{"id":364783,"date":"2025-09-04T03:48:14","date_gmt":"2025-09-04T03:48:14","guid":{"rendered":"https:\/\/www.europesays.com\/fr\/364783\/"},"modified":"2025-09-04T03:48:14","modified_gmt":"2025-09-04T03:48:14","slug":"un-changement-a-venir-en-septembre-dans-la-programmation-du-feuilleton","status":"publish","type":"post","link":"https:\/\/www.europesays.com\/fr\/364783\/","title":{"rendered":"un changement \u00e0 venir en septembre dans la programmation du feuilleton"},"content":{"rendered":"<p>            Par<br \/>\n        <strong><br \/>\n            <a href=\"https:\/\/actu.fr\/auteur\/redaction-actu\" title=\"Consulter tous les articles de R\u00e9daction Actu\" rel=\"nofollow noopener\" target=\"_blank\">R\u00e9daction Actu<\/a><br \/>\n        <\/strong><\/p>\n<p>        Publi\u00e9 le<\/p>\n<p>            3 sept. 2025 \u00e0 20h20        <\/p>\n<p>Petit <a href=\"https:\/\/actu.fr\/loisirs-culture\/c-est-la-rentree-tele-cyril-hanouna-lea-salame-novo19-les-nouveautes-a-ne-pas-manquer-ce-lundi_63091731.html\" rel=\"nofollow noopener\" target=\"_blank\">changement \u00e0 la t\u00e9l\u00e9vision<\/a> pour les fans d\u2019<strong><a href=\"https:\/\/actu.fr\/occitanie\/montpellier_34172\/montpellier-un-si-grand-soleil-sujet-d-une-journee-d-etudes-a-l-universite-paul-valery_62360016.html\" rel=\"nofollow noopener\" target=\"_blank\">Un si grand soleil<\/a><\/strong>. \u00c0 compter du lundi 15 septembre 2025, il y aura une modification de programmation, comme le rapporte <a href=\"https:\/\/www.programme-tv.net\/news\/series-tv\/386388-un-si-grand-soleil-double-changement-de-programmation-pour-le-feuilleton-de-france-3-et-ca-ne-va-pas-plaire-aux-fans\/\" rel=\"nofollow noopener\" target=\"_blank\">T\u00e9l\u00e9 Loisirs<\/a>.<\/p>\n<p class=\" wall-content\">La cause de ce changement\u2009: <strong>les championnats du monde d\u2019athl\u00e9tisme<\/strong>, qui auront lieu \u00e0 Tokyo, au Japon, du 13 au 21\u00a0septembre. Ils seront retransmis en direct sur la cha\u00eene.\u00a0Plus de huit heures de direct seront en effet consacr\u00e9es aux comp\u00e9titions chaque jour.<\/p>\n<p>Plus d\u2019\u00e9pisode de rediffusion<\/p>\n<p class=\" wall-content\">Il va donc y avoir du changement. D\u00e8s 20\u2009h, les t\u00e9l\u00e9spectateurs retrouveront Tout le sport puis Le Mag Ligue\u00a01, suivi de Tokyo Club, un magazine de 20\u00a0minutes pr\u00e9sent\u00e9 par Laurent Luyat en direct du Stade national de la capitale japonaise, qui reviendra sur les temps forts de la journ\u00e9e, comme l\u2019indique <a href=\"https:\/\/www.francetvpro.fr\/fiche-technique\/74624042\" rel=\"nofollow noopener\" target=\"_blank\">France T\u00e9l\u00e9vision<\/a>.<\/p>\n<p class=\" wall-content\">Concernant Un si grand soleil, <strong>l\u2019\u00e9pisode de la veille<\/strong>, habituellement propos\u00e9 \u00e0 20\u2009h\u200920, <strong>sera annul\u00e9<\/strong>. La m\u00e9t\u00e9o r\u00e9gionale, diffus\u00e9e juste avant, sera d\u00e9cal\u00e9e de 20\u00a0minutes, \u00e0 20\u2009h\u200935.<\/p>\n<p class=\" wall-content\">Et alors, que devient <strong>l\u2019\u00e9pisode in\u00e9dit du jour<\/strong>\u2009? Pas de panique, il sera quant \u00e0 lui <strong>diffus\u00e9 \u00e0 20\u2009h\u200945<\/strong>.<\/p>\n<p>Bascul\u00e9 de France 2 \u00e0 France 3<\/p>\n<p class=\" wall-content\">Pour ceux qui voudraient revoir tous les \u00e9pisodes ou certains d\u2019entre eux, ils restent disponibles en\u00a0streaming\u00a0sur la plateforme gratuite\u00a0france tv.<\/p>\n<p>Votre r\u00e9gion, votre actu !<\/p>\n<p>Recevez chaque jour les infos qui comptent pour vous.<\/p>\n<p>\t<a href=\"https:\/\/actu.fr\/newsletter\" class=\"ac-btn ac-btn--corner ac-btn--medium ac-btn--blue800\" rel=\"nofollow noopener\" target=\"_blank\">S&rsquo;incrire<\/a><\/p>\n<p class=\" wall-content\">Il y a un an, <a href=\"https:\/\/actu.fr\/loisirs-culture\/un-si-grand-soleil-le-feuilleton-de-france-2-change-de-chaine-voici-ou-vous-pourrez-le-regarder_61506750.html\" rel=\"nofollow noopener\" target=\"_blank\">la s\u00e9rie avait quitt\u00e9 France 2 pour France 3<\/a>. Une bonne d\u00e9cision pour les suiveurs, qui subissaient de nombreuses d\u00e9programmations de leur feuilleton au profit de diverses \u00e9missions sur le canal n\u00b0 2. D\u00e9sormais, sur la troisi\u00e8me cha\u00eene, cela arrive bien moins fr\u00e9quemment.<\/p>\n<p class=\" wall-content\">Personnalisez votre actualit\u00e9 en ajoutant vos villes et m\u00e9dias en favori avec <a href=\"https:\/\/moncompte.actu.fr\" title=\"D\u00e9couvez Mon Actu\" rel=\"nofollow noopener\" data-trk=\"{&quot;cta&quot;:{&quot;action&quot;:&quot;https:\\\/\\\/moncompte.actu.fr&quot;,&quot;category&quot;:&quot;mon compte&quot;,&quot;from&quot;:&quot;article footer&quot;,&quot;name&quot;:&quot;Mon actu&quot;,&quot;type&quot;:&quot;cta&quot;}}\" target=\"_blank\">Mon Actu<\/a>.<\/p>\n","protected":false},"excerpt":{"rendered":"Par R\u00e9daction Actu Publi\u00e9 le 3 sept. 2025 \u00e0 20h20 Petit changement \u00e0 la t\u00e9l\u00e9vision pour les fans&hellip;\n","protected":false},"author":2,"featured_media":364784,"comment_status":"","ping_status":"","sticky":false,"template":"","format":"standard","meta":{"footnotes":""},"categories":[1356],"tags":[58,59,1011,27,1652,252,1364],"class_list":{"0":"post-364783","1":"post","2":"type-post","3":"status-publish","4":"format-standard","5":"has-post-thumbnail","7":"category-television","8":"tag-divertissement","9":"tag-entertainment","10":"tag-fr","11":"tag-france","12":"tag-loisirs-culture","13":"tag-television","14":"tag-tv"},"share_on_mastodon":{"url":"https:\/\/pubeurope.com\/@fr\/115143986621108129","error":""},"_links":{"self":[{"href":"https:\/\/www.europesays.com\/fr\/wp-json\/wp\/v2\/posts\/364783","targetHints":{"allow":["GET"]}}],"collection":[{"href":"https:\/\/www.europesays.com\/fr\/wp-json\/wp\/v2\/posts"}],"about":[{"href":"https:\/\/www.europesays.com\/fr\/wp-json\/wp\/v2\/types\/post"}],"author":[{"embeddable":true,"href":"https:\/\/www.europesays.com\/fr\/wp-json\/wp\/v2\/users\/2"}],"replies":[{"embeddable":true,"href":"https:\/\/www.europesays.com\/fr\/wp-json\/wp\/v2\/comments?post=364783"}],"version-history":[{"count":0,"href":"https:\/\/www.europesays.com\/fr\/wp-json\/wp\/v2\/posts\/364783\/revisions"}],"wp:featuredmedia":[{"embeddable":true,"href":"https:\/\/www.europesays.com\/fr\/wp-json\/wp\/v2\/media\/364784"}],"wp:attachment":[{"href":"https:\/\/www.europesays.com\/fr\/wp-json\/wp\/v2\/media?parent=364783"}],"wp:term":[{"taxonomy":"category","embeddable":true,"href":"https:\/\/www.europesays.com\/fr\/wp-json\/wp\/v2\/categories?post=364783"},{"taxonomy":"post_tag","embeddable":true,"href":"https:\/\/www.europesays.com\/fr\/wp-json\/wp\/v2\/tags?post=364783"}],"curies":[{"name":"wp","href":"https:\/\/api.w.org\/{rel}","templated":true}]}}