{"id":364785,"date":"2025-09-04T03:49:12","date_gmt":"2025-09-04T03:49:12","guid":{"rendered":"https:\/\/www.europesays.com\/fr\/364785\/"},"modified":"2025-09-04T03:49:12","modified_gmt":"2025-09-04T03:49:12","slug":"celine-dion-raconte-deux-chansons-voix-succes-ce-quil-faut-retenir-du-documentaire-de-m6","status":"publish","type":"post","link":"https:\/\/www.europesays.com\/fr\/364785\/","title":{"rendered":"\u00ab\u00a0C\u00e9line Dion raconte D\u2019Eux\u00a0\u00bb\u00a0: chansons, voix, succ\u00e8s\u2026 ce qu\u2019il faut retenir du documentaire de M6"},"content":{"rendered":"<p>\n                                                                    l&rsquo;essentiel<br \/>\n                                                                \u00c0 l\u2019occasion du 30e anniversaire de l\u2019album \u00ab\u00a0D\u2019Eux\u00a0\u00bb qui a v\u00e9ritablement lanc\u00e9 sa carri\u00e8re en France, C\u00e9line Dion \u00e9tait au c\u0153ur d\u2019un documentaire diffus\u00e9 sur M6 mercredi soir.\n                            <\/p>\n<p>\u00ab\u00a0Pour que tu m\u2019aimes encore\u00a0\u00bb, \u00ab\u00a0Je sais pas\u00a0\u00bb, \u00ab\u00a0Destin\u00a0\u00bb, \u00ab\u00a0J\u2019irai\u00a0o\u00f9 tu iras\u00a0\u00bb, \u00ab\u00a0Vole\u00a0\u00bb\u2026 L\u2019album \u00ab\u00a0D\u2019Eux\u00a0\u00bb de C\u00e9line Dion, qui lui avait \u00e9crit Jean-Jacques Goldman, et sorti en 1995, f\u00eate son 30e anniversaire. L\u2019occasion de consacrer un documentaire \u00e0 la star qu\u00e9b\u00e9coise et de revenir sur la gen\u00e8se de ce CD qui avait lanc\u00e9 pour de bon sa carri\u00e8re en France.<\/p>\n<p>Qui de mieux que C\u00e9line Dion pour raconter \u00ab\u00a0D\u2019Eux\u00a0\u00bb\u00a0? La chanteuse a t\u00e9moign\u00e9, avec l\u2019humour et le naturel qu\u2019on lui conna\u00eet, dans le documentaire r\u00e9alis\u00e9 par Nicolas Perge. L\u2019entretien avait \u00e9t\u00e9 film\u00e9 dans un studio d\u2019enregistrement de Las Vegas en mai dernier. Jean-Jacques Goldman, lui, n\u2019a\u00a0pas voulu t\u00e9moigner mais a donn\u00e9 l\u2019acc\u00e8s \u00e0 ses maquettes de chansons et \u00e0 des images in\u00e9dites.<\/p>\n<blockquote data-media-max-width=\"560\" data-class=\"twitter-tweet\">\n<p lang=\"fr\" dir=\"ltr\">\u00ab\u00a0Je vais vous raconter l&rsquo;album D&rsquo;eux\u00a0\u00bb Trente ans apr\u00e8s la sortie de l\u2019album \u00ab D\u2019eux \u00bb, C\u00e9line Dion a accept\u00e9 de prendre la parole afin de revenir sur cette \u0153uvre embl\u00e9matique. <\/p>\n<p>\u00ab\u00a0C\u00e9line Dion raconte D\u2019eux\u00a0\u00bb, mercredi \u00e0 21:10 sur M6 et disponible d\u00e8s maintenant en avant-premi\u00e8re\u2026 <a href=\"https:\/\/t.co\/5Y9BKRbmCm\" rel=\"nofollow\">pic.twitter.com\/5Y9BKRbmCm<\/a><\/p>\n<p>\u2014 M6 (@M6) <a href=\"https:\/\/twitter.com\/M6\/status\/1962062808222490668?ref_src=twsrc%5Etfw\" rel=\"nofollow noopener\" target=\"_blank\">August 31, 2025<\/a><\/p><\/blockquote>\n<p>Voici ce qu\u2019il faut retenir du documentaire et des souvenirs de C\u00e9line Dion sur cette histoire qui a marqu\u00e9 sa vie et sa carri\u00e8re.<\/p>\n<p>\u00ab\u00a0Un cadeau sans prix\u00a0\u00bb<\/p>\n<p>\u00ab\u00a0D\u2019Eux\u00a0\u00bb reste \u00e0 ce jour l\u2019album francophone le plus vendu dans le monde. \u00ab\u00a0Ce que Jean-Jacques Goldman me fait tellement plaisir, me rend tellement heureuse\u00a0\u00bb, a racont\u00e9 C\u00e9line Dion dans le documentaire. \u00ab\u00a0Il a \u00e9t\u00e9 tellement bien \u00e9crit et juste. Il y avait du rock, des \u00e9motions tristes, des \u00e9motions joyeuses. Cet album de 30 ans, il ne veillera jamais\u00a0\u00bb. 12\u00a0millions d\u2019exemplaires avaient \u00e9t\u00e9 achet\u00e9s ou \u00e9cout\u00e9s en streaming dont 4,5\u00a0millions en France, o\u00f9 il est rest\u00e9 en t\u00eate des ventes pendant 40 semaines. \u00ab\u00a0Jean-Jacques m\u2019a donn\u00e9 la chance d\u2019\u00eatre la bienvenue chez vous en France et \u00e7a, pour moi, \u00e7a valait beaucoup [\u2026] Un cadeau sans prix\u00a0\u00bb.<\/p>\n<p>Jean-Jacques Goldman a voulu composer pour C\u00e9line Dion<\/p>\n<p>Jean-Jacques Goldman n\u2019a jamais vraiment eu du succ\u00e8s au Qu\u00e9bec m\u00eame si quelques-unes de ses chansons sont connues. Star en France, c\u2019est Jean-Jacques Goldman qui a fait la d\u00e9marche de vouloir \u00e9crire un album entier pour C\u00e9line Dion. \u00ab\u00a0Il \u00e9tait relax, sympathique, pas compliqu\u00e9\u00a0\u00bb, se souvient C\u00e9line Dion. La premi\u00e8re rencontre entre Jean-Jacques Goldman, C\u00e9line Dion et son producteur Ren\u00e9 Ang\u00e9lil a eu lieu dans un restaurant \u00e0 Paris.<\/p>\n<p>Un album sur mesure<\/p>\n<p>Avant d\u2019\u00e9crire des chansons pour C\u00e9line Dion, Jean-Jacques a voulu tout conna\u00eetre de la chanteuse. Il s\u2019\u00e9tait procur\u00e9 toutes ses interviews dans la presse. Il faut dire qu'\u00a0\u00bbelle spontan\u00e9e et parle beaucoup\u00a0\u00bb, a dit avec le sourire Jean-Jacques Goldman dans des images d\u2019archives. En r\u00e9\u00e9coutant les pr\u00e9c\u00e9dents albums de la Qu\u00e9b\u00e9coise, il a trouv\u00e9 qu\u2019elle avait une voix pour chanter du rhythm\u2019n\u2019blues. \u00ab\u00a0Jean-Jacques\u00a0me connaissait mieux que moi-m\u00eame\u00a0\u00bb, estime C\u00e9line Dion. A la premi\u00e8re \u00e9coute de \u00ab\u00a0Pour que tu m\u2019aimes encore\u00a0\u00bb en studio, C\u00e9line Dion se souvient qu\u2019avec son producteur Ren\u00e9 Ang\u00e9lil, elle a\u00a0fondu en larmes sous le coup de l\u2019\u00e9motion. \u00ab\u00a0Toutes les chansons \u00e9taient bonnes\u00a0\u00bb, avait estim\u00e9 Ren\u00e9 Ang\u00e9lil qui deviendra le mari de la diva qu\u00e9b\u00e9coise.<\/p>\n<p>Jean-Jacques Goldman ne misait pas sur l\u2019immense succ\u00e8s \u00ab\u00a0Pour que tu m\u2019aimes encore\u00a0\u00bb<\/p>\n<p>En \u00e9crivant 12 chansons pour C\u00e9line Dion, Jean-Jacques Goldman a confi\u00e9 qu\u2019il ne pensait pas que \u00ab\u00a0Pour que tu m\u2019aimes encore\u00a0\u00bb obtiendrait autant de succ\u00e8s.<\/p>\n<p>C\u00e9line Dion a d\u00fb apprendre \u00e0 \u00ab\u00a0d\u00e9chanter\u00a0\u00bb<\/p>\n<p>Pour Jean-Jacques Goldman, C\u00e9line Dion est\u00a0\u00ab\u00a0une chanteuse \u00e0 voix\u00a0\u00bb, \u00ab\u00a0une chanteuse au-dessus du lot au niveau technique\u00a0\u00bb, a-t-il racont\u00e9 dans des images d\u2019archives. Il a confi\u00e9 adorer \u00ab\u00a0le grain de voix\u00a0\u00bb de C\u00e9line Dion et \u00ab\u00a0sa pr\u00e9cision\u00a0\u00bb. \u00ab\u00a0Elle se sert de sa voix comme d\u2019un instrument. C\u2019est une musicienne\u00a0\u00bb. C\u00e9line Dion a confi\u00e9 qu\u2019elle n\u2019a pas oubli\u00e9 un conseil que lui avait donn\u00e9 Jean-Jacques Goldman\u00a0: \u00ab\u00a0d\u00e9chanter\u00a0\u00bb au lieu de chanter. Objectif selon Jean-Jacques Goldman\u00a0: \u00ab\u00a0Laisser passer l\u2019\u00e9motion\u00a0\u00bb. Un conseil en or qui a s\u00e9duit le public francophone.<\/p>\n<p>                                                                                                                                                                                                        <script async src=\"https:\/\/platform.twitter.com\/widgets.js\" charset=\"utf-8\"><\/script><\/p>\n","protected":false},"excerpt":{"rendered":"l&rsquo;essentiel \u00c0 l\u2019occasion du 30e anniversaire de l\u2019album \u00ab\u00a0D\u2019Eux\u00a0\u00bb qui a v\u00e9ritablement lanc\u00e9 sa carri\u00e8re en France, C\u00e9line&hellip;\n","protected":false},"author":2,"featured_media":364786,"comment_status":"","ping_status":"","sticky":false,"template":"","format":"standard","meta":{"footnotes":""},"categories":[1355],"tags":[58,59,1011,27,1361,873],"class_list":{"0":"post-364785","1":"post","2":"type-post","3":"status-publish","4":"format-standard","5":"has-post-thumbnail","7":"category-musique","8":"tag-divertissement","9":"tag-entertainment","10":"tag-fr","11":"tag-france","12":"tag-music","13":"tag-musique"},"share_on_mastodon":{"url":"https:\/\/pubeurope.com\/@fr\/115143990602484899","error":""},"_links":{"self":[{"href":"https:\/\/www.europesays.com\/fr\/wp-json\/wp\/v2\/posts\/364785","targetHints":{"allow":["GET"]}}],"collection":[{"href":"https:\/\/www.europesays.com\/fr\/wp-json\/wp\/v2\/posts"}],"about":[{"href":"https:\/\/www.europesays.com\/fr\/wp-json\/wp\/v2\/types\/post"}],"author":[{"embeddable":true,"href":"https:\/\/www.europesays.com\/fr\/wp-json\/wp\/v2\/users\/2"}],"replies":[{"embeddable":true,"href":"https:\/\/www.europesays.com\/fr\/wp-json\/wp\/v2\/comments?post=364785"}],"version-history":[{"count":0,"href":"https:\/\/www.europesays.com\/fr\/wp-json\/wp\/v2\/posts\/364785\/revisions"}],"wp:featuredmedia":[{"embeddable":true,"href":"https:\/\/www.europesays.com\/fr\/wp-json\/wp\/v2\/media\/364786"}],"wp:attachment":[{"href":"https:\/\/www.europesays.com\/fr\/wp-json\/wp\/v2\/media?parent=364785"}],"wp:term":[{"taxonomy":"category","embeddable":true,"href":"https:\/\/www.europesays.com\/fr\/wp-json\/wp\/v2\/categories?post=364785"},{"taxonomy":"post_tag","embeddable":true,"href":"https:\/\/www.europesays.com\/fr\/wp-json\/wp\/v2\/tags?post=364785"}],"curies":[{"name":"wp","href":"https:\/\/api.w.org\/{rel}","templated":true}]}}