{"id":364787,"date":"2025-09-04T03:50:47","date_gmt":"2025-09-04T03:50:47","guid":{"rendered":"https:\/\/www.europesays.com\/fr\/364787\/"},"modified":"2025-09-04T03:50:47","modified_gmt":"2025-09-04T03:50:47","slug":"lheritage-2010-enfin-officialises-en-4k-ultra-hd-blu-ray","status":"publish","type":"post","link":"https:\/\/www.europesays.com\/fr\/364787\/","title":{"rendered":"L\u2019H\u00e9ritage (2010) enfin officialis\u00e9s en 4K Ultra HD Blu-ray"},"content":{"rendered":"<p><img loading=\"lazy\" decoding=\"async\" alt=\"\" class=\"alignright\" height=\"330\" src=\"https:\/\/www.europesays.com\/fr\/wp-content\/uploads\/2025\/09\/tron-4k-a.jpg\" width=\"390\"\/>Attendue depuis de longs mois, la nouvelle est d\u00e9sormais\u00a0officielle. Disney vient de confirmer la sortie prochaine, en 4K Ultra HD Blu-ray, des deux premiers volets de la saga Tron. On parle \u00e9videmment de\u00a0Tron (1982), r\u00e9alis\u00e9 par Steven Lisberger, et de sa suite Tron : L\u2019H\u00e9ritage (2010), mise en sc\u00e8ne par Joseph Kosinski.<\/p>\n<p><a href=\"https:\/\/www.hdnumerique.com\/actualite\/articles\/22334-tron-1982-hdr.html\" rel=\"nofollow noopener\" target=\"_blank\">Depuis quelque temps d\u00e9j\u00e0<\/a>, on sait\u00a0que ces deux \u0153uvres ont b\u00e9n\u00e9fici\u00e9 d\u2019une remasterisation 4K. Leur arriv\u00e9e sur support physique s\u2019impose\u00a0d\u2019autant plus avec la sortie imminente du tr\u00e8s attendu Tron : Ares (2025) de Joachim R\u00f8nning, qui d\u00e9barquera\u00a0dans les salles fran\u00e7aises le 8 octobre 2025.<\/p>\n<p>Le premier Tron (1982), v\u00e9ritable pionnier des images de synth\u00e8se, a \u00e9t\u00e9 restaur\u00e9 int\u00e9gralement par les \u00e9quipes de The Walt Disney Film Restoration sur la base des n\u00e9gatifs originaux. Poussi\u00e8res, d\u00e9formations et autres imperfections visuelles ont \u00e9t\u00e9 corrig\u00e9es avec minutie, sous la supervision directe de Steven Lisberger. Quant \u00e0 Tron : L\u2019H\u00e9ritage (2010), il profite d\u2019un nouveau master r\u00e9alis\u00e9 \u00e0 partir des sources num\u00e9riques d\u2019origine et d&rsquo;un nouvel \u00e9talonnage HDR, avec Joseph Kosinski aux commandes.<\/p>\n<p>Les deux films proposeront des images en 2160p, Dolby Vision avec une version originale remix\u00e9e en\u00a0Dolby Atmos. Tron (1982) sera pr\u00e9sent\u00e9 au ratio original 2:20.\u00a0Tron : L\u2019H\u00e9ritage (2010) b\u00e9n\u00e9ficiera d&rsquo;un ratio alternatif 1.78\u00a0\/ 2.35.<\/p>\n<p>\u00a0<\/p>\n<p><img loading=\"lazy\" decoding=\"async\" alt=\"\" class=\"aligncenter\" height=\"940\" src=\"https:\/\/www.europesays.com\/fr\/wp-content\/uploads\/2025\/09\/tron-4k-bn.jpg\" width=\"900\"\/><\/p>\n<p>\u00a0<\/p>\n<p>Les bonus attendus sont les suivants :<\/p>\n<p><strong>TRON (1982)<\/strong><\/p>\n<ul>&#13;<\/p>\n<li><strong>Phototronologie<\/strong>\u00a0\u2013 Rejoignez le r\u00e9alisateur pour des photos de production originales et des r\u00e9cits intimes.<\/li>\n<p>&#13;<\/p>\n<li><strong>Le ph\u00e9nom\u00e8ne Tron<\/strong>\u00a0\u2013 Explorez l&rsquo;impact de Tron sur la culture populaire.<\/li>\n<p>&#13;<\/p>\n<li><strong>Making-of Tron<\/strong><\/li>\n<p>&#13;<\/p>\n<li><strong>Sc\u00e8nes coup\u00e9es<\/strong><\/li>\n<p>&#13;<\/p>\n<li><strong>Commentaire audio<\/strong>\u00a0<\/li>\n<p>&#13;\n<\/ul>\n<p><strong>TRON : l&rsquo;HERITAGE (2010)<\/strong><\/p>\n<ul>&#13;<\/p>\n<li><strong>Le jour d&rsquo;apr\u00e8s : La r\u00e9v\u00e9lation de la survie de Flynn<\/strong>\u00a0\u2013 D\u00e9couvrez ce qui se passe apr\u00e8s la fin du film.<\/li>\n<p>&#13;<\/p>\n<li><strong>Regard sp\u00e9cial sur TRON: Uprising<\/strong>\u00a0\u2013 La s\u00e9rie anim\u00e9e de Disney XD.<\/li>\n<p>&#13;<\/p>\n<li><strong>Clip musical<\/strong>\u00a0\u2013 \u00ab\u00a0Derezzed\u00a0\u00bb \u00e9crit, produit et interpr\u00e9t\u00e9 par Daft Punk.<\/li>\n<p>&#13;<\/p>\n<li><strong>Lancer l&rsquo;h\u00e9ritage<\/strong>\u00a0\u2013 D\u00e9couvrez comment les sc\u00e9naristes et les cin\u00e9astes ont cr\u00e9\u00e9 cette histoire incroyable.<\/li>\n<p>&#13;<\/p>\n<li><strong>\u00ab\u00a0Disc Roars\u00a0\u00bb<\/strong>\u00a0\u2013 Le r\u00e9alisateur Joseph Kosinski rassemble les fans au Comic-Con.<\/li>\n<p>&#13;<\/p>\n<li><strong>Visualiser TRON<\/strong>\u00a0\u2013 D\u00e9couvrez comment les cin\u00e9astes donnent vie au monde \u00e0 l&rsquo;int\u00e9rieur de la grille.<\/li>\n<p>&#13;<\/p>\n<li><strong>La composition du casting<\/strong>\u00a0\u2013 Les stars discutent de leur exp\u00e9rience unique de TRON.<\/li>\n<p>&#13;\n<\/ul>\n<p>Disney mettra en vente ces \u00e9ditions en SteelBook 4K Ultra HD Blu-ray d\u00e8s le 16 septembre 2025 sur le march\u00e9 am\u00e9ricain. En plus de disponibilit\u00e9 sur les plateformes d\u00e9mat\u00e9rialis\u00e9es&#8230;<\/p>\n<p>Les pr\u00e9commandes des \u00e9ditions \u00e9quivalentes pour l\u2019international \u2013 France comprise \u2013 devraient \u00eatre lanc\u00e9es tr\u00e8s prochainement. Nous mettrons \u00e0 jour cet article d\u00e8s leur ouverture.<\/p>\n","protected":false},"excerpt":{"rendered":"Attendue depuis de longs mois, la nouvelle est d\u00e9sormais\u00a0officielle. Disney vient de confirmer la sortie prochaine, en 4K&hellip;\n","protected":false},"author":2,"featured_media":364788,"comment_status":"","ping_status":"","sticky":false,"template":"","format":"standard","meta":{"footnotes":""},"categories":[1354],"tags":[58,59,1346,1011,27,1360],"class_list":{"0":"post-364787","1":"post","2":"type-post","3":"status-publish","4":"format-standard","5":"has-post-thumbnail","7":"category-films","8":"tag-divertissement","9":"tag-entertainment","10":"tag-films","11":"tag-fr","12":"tag-france","13":"tag-movies"},"share_on_mastodon":{"url":"https:\/\/pubeurope.com\/@fr\/115143998818031882","error":""},"_links":{"self":[{"href":"https:\/\/www.europesays.com\/fr\/wp-json\/wp\/v2\/posts\/364787","targetHints":{"allow":["GET"]}}],"collection":[{"href":"https:\/\/www.europesays.com\/fr\/wp-json\/wp\/v2\/posts"}],"about":[{"href":"https:\/\/www.europesays.com\/fr\/wp-json\/wp\/v2\/types\/post"}],"author":[{"embeddable":true,"href":"https:\/\/www.europesays.com\/fr\/wp-json\/wp\/v2\/users\/2"}],"replies":[{"embeddable":true,"href":"https:\/\/www.europesays.com\/fr\/wp-json\/wp\/v2\/comments?post=364787"}],"version-history":[{"count":0,"href":"https:\/\/www.europesays.com\/fr\/wp-json\/wp\/v2\/posts\/364787\/revisions"}],"wp:featuredmedia":[{"embeddable":true,"href":"https:\/\/www.europesays.com\/fr\/wp-json\/wp\/v2\/media\/364788"}],"wp:attachment":[{"href":"https:\/\/www.europesays.com\/fr\/wp-json\/wp\/v2\/media?parent=364787"}],"wp:term":[{"taxonomy":"category","embeddable":true,"href":"https:\/\/www.europesays.com\/fr\/wp-json\/wp\/v2\/categories?post=364787"},{"taxonomy":"post_tag","embeddable":true,"href":"https:\/\/www.europesays.com\/fr\/wp-json\/wp\/v2\/tags?post=364787"}],"curies":[{"name":"wp","href":"https:\/\/api.w.org\/{rel}","templated":true}]}}