{"id":364789,"date":"2025-09-04T03:51:13","date_gmt":"2025-09-04T03:51:13","guid":{"rendered":"https:\/\/www.europesays.com\/fr\/364789\/"},"modified":"2025-09-04T03:51:13","modified_gmt":"2025-09-04T03:51:13","slug":"don-du-sang-les-differents-changements-au-1er-septembre","status":"publish","type":"post","link":"https:\/\/www.europesays.com\/fr\/364789\/","title":{"rendered":"Don du sang\u00a0: les diff\u00e9rents changements au 1er septembre"},"content":{"rendered":"<p>A compter du 1er\u00a0septembre, plusieurs crit\u00e8res d\u2019\u00e9ligibilit\u00e9s au don du sang \u00e9voluent en France. Plusieurs contre-indications voient leur temps r\u00e9duit. Le principal changement concerne le d\u00e9lai apr\u00e8s un tatouage ou un piercing qui passe de quatre \u00e0 deux mois.\u00a0<\/p>\n<p>Jusqu\u2019au 1er septembre 2025, certaines situations m\u00e9dicales ou personnelles entra\u00eenaient une exclusion temporaire au don de plasma ou de sang. A partir du 1er Septembre, certaines de ces contre-indications voient leur dur\u00e9e r\u00e9duite. Voici les principaux changements\u00a0:\u00a0<\/p>\n<p><strong>&#8211; Tatouage ou piercing, <\/strong>le d\u00e9lai est r\u00e9duit de 4 \u00e0 2 mois. L\u2019EFS explique que cette \u00e9volution est possible gr\u00e2ce \u00e0 l\u2019am\u00e9lioration des tests g\u00e9nomiques viral. Ces tests\u00a0permettent de rechercher directement la pr\u00e9sence de mat\u00e9riel g\u00e9n\u00e9tique de certains virus (comme celui de l\u2019h\u00e9patite C), bien avant l\u2019apparition d\u2019anticorps d\u00e9tectables par les tests classiques. Cela permet une d\u00e9tection plus rapide, une p\u00e9riode \u00e0 risque plus courte et donc des d\u00e9lais d\u2019attente r\u00e9duites.\u00a0<\/p>\n<p>&#8211;<strong> Endoscopie souple\u00a0<\/strong>\u00a0: le d\u00e9lai est \u00e9galement r\u00e9duit \u00e0 2 mois. Cela concerne les examens de type coloscopie ou fibroscopie (r\u00e9alis\u00e9s avec un instrument souple), uniquement si les proc\u00e9dures sont r\u00e9alis\u00e9es par un professionnel de sant\u00e9.<\/p>\n<p>&#8211;<strong> Acupuncture, m\u00e9soth\u00e9rapie, scl\u00e9rose de varices\u00a0<\/strong>\u00a0: le d\u00e9lai est r\u00e9duit \u00e0 2 mois. A la condition que ces actes ont \u00e9t\u00e9 r\u00e9alis\u00e9s dans des conditions m\u00e9dicales encadr\u00e9es. Selon l\u2019EFS \u00ab\u00a0ce type d\u2019intervention peut exposer \u00e0 des infections locales ou syst\u00e9miques, notamment si l\u2019aiguille ou le produit inject\u00e9 n\u2019est pas st\u00e9rile. M\u00eame si le risque est tr\u00e8s faible dans un cadre m\u00e9dical, le d\u00e9lai de 2 mois permet de s\u2019assurer de l\u2019absence de complications ou d\u2019infections silencieuses\u00a0\u00bb.\u00a0<\/p>\n<p><strong>&#8211;\u00a0Substituts osseux en implantologie dentaire\u00a0:<\/strong> il n\u2019y a plus d\u2019exclusion permanente. Les implants dentaires avec substitut osseux ne sont plus contre-indiqu\u00e9s. En effet, l\u2019EFS expliques que ces mat\u00e9riaux sont d\u00e9sormais viro-inactiv\u00e9s\u00a0et \u00ab\u00a0cela garantit que ces substituts ne pr\u00e9sentent aucun risque de transmission d\u2019infection lors d\u2019un don de sang\u00a0\u00bb. L\u2019institue conseille de demander \u00e0 votre dentiste la nature de votre implant avant d\u2019effectuer un don.\u00a0<\/p>\n<p><strong>&#8211;\u00a0H\u00e9mochromatose et don-saign\u00e9e\u00a0:<\/strong> l\u2019acc\u00e8s au don sera facilit\u00e9. Les personnes porteuses de cette maladie peuvent maintenant donner directement leur sang, sans avoir \u00e0 effectuer des saign\u00e9es dans un centre hospitalier. Pour l\u2019EFS \u00ab\u00a0puisque le sang pr\u00e9lev\u00e9 dans ce cadre est de qualit\u00e9 \u00e9quivalente \u00e0 celui d\u2019un donneur classique, il peut dor\u00e9navant \u00eatre utilis\u00e9, \u00e0 condition que la personne remplisse tous les autres crit\u00e8res de s\u00e9lection.\u00a0\u00bb<\/p>\n<p>Ces changements permettent plus d\u2019inclusivit\u00e9s, plus de donneurs et donc plus de vies sauv\u00e9es. Ils r\u00e9sultent de d\u00e9cisions r\u00e9glementaires prises \u00e0 l\u2019\u00e9chelle nationale et europ\u00e9enne sur la base des derni\u00e8res donn\u00e9es scientifiques.\u00a0<\/p>\n<p>L\u2019institut du don du sang rappelle que vous pouvez vous auto-\u00e9valuer sur leur site en ligne pour savoir si vous \u00eates \u00e9ligible au don du sang.\u00a0<\/p>\n","protected":false},"excerpt":{"rendered":"A compter du 1er\u00a0septembre, plusieurs crit\u00e8res d\u2019\u00e9ligibilit\u00e9s au don du sang \u00e9voluent en France. Plusieurs contre-indications voient leur&hellip;\n","protected":false},"author":2,"featured_media":364790,"comment_status":"","ping_status":"","sticky":false,"template":"","format":"standard","meta":{"footnotes":""},"categories":[10],"tags":[47,1011,27,72,6335,1922,6336,7224,71,104],"class_list":{"0":"post-364789","1":"post","2":"type-post","3":"status-publish","4":"format-standard","5":"has-post-thumbnail","7":"category-sante","8":"tag-actualite","9":"tag-fr","10":"tag-france","11":"tag-health","12":"tag-home-page","13":"tag-info","14":"tag-la-reunion","15":"tag-newsletter-soir","16":"tag-sante","17":"tag-societe"},"share_on_mastodon":{"url":"https:\/\/pubeurope.com\/@fr\/115143998870752661","error":""},"_links":{"self":[{"href":"https:\/\/www.europesays.com\/fr\/wp-json\/wp\/v2\/posts\/364789","targetHints":{"allow":["GET"]}}],"collection":[{"href":"https:\/\/www.europesays.com\/fr\/wp-json\/wp\/v2\/posts"}],"about":[{"href":"https:\/\/www.europesays.com\/fr\/wp-json\/wp\/v2\/types\/post"}],"author":[{"embeddable":true,"href":"https:\/\/www.europesays.com\/fr\/wp-json\/wp\/v2\/users\/2"}],"replies":[{"embeddable":true,"href":"https:\/\/www.europesays.com\/fr\/wp-json\/wp\/v2\/comments?post=364789"}],"version-history":[{"count":0,"href":"https:\/\/www.europesays.com\/fr\/wp-json\/wp\/v2\/posts\/364789\/revisions"}],"wp:featuredmedia":[{"embeddable":true,"href":"https:\/\/www.europesays.com\/fr\/wp-json\/wp\/v2\/media\/364790"}],"wp:attachment":[{"href":"https:\/\/www.europesays.com\/fr\/wp-json\/wp\/v2\/media?parent=364789"}],"wp:term":[{"taxonomy":"category","embeddable":true,"href":"https:\/\/www.europesays.com\/fr\/wp-json\/wp\/v2\/categories?post=364789"},{"taxonomy":"post_tag","embeddable":true,"href":"https:\/\/www.europesays.com\/fr\/wp-json\/wp\/v2\/tags?post=364789"}],"curies":[{"name":"wp","href":"https:\/\/api.w.org\/{rel}","templated":true}]}}