{"id":364793,"date":"2025-09-04T03:53:11","date_gmt":"2025-09-04T03:53:11","guid":{"rendered":"https:\/\/www.europesays.com\/fr\/364793\/"},"modified":"2025-09-04T03:53:11","modified_gmt":"2025-09-04T03:53:11","slug":"matthieu-delormeau-reporte-encore-sa-venue-dans-tout-beau-tout-n9uf","status":"publish","type":"post","link":"https:\/\/www.europesays.com\/fr\/364793\/","title":{"rendered":"Matthieu Delormeau reporte (encore) sa venue dans \u00abTout beau tout n9uf\u00bb"},"content":{"rendered":"<p>    Matthieu Delormeau reporte (encore) sa venue dans \u00abTout beau tout n9uf\u00bb<br \/>\n                Marechal Aurore\/ABACA<\/p>\n<p>Le chroniqueur a annonc\u00e9 sur ses r\u00e9seaux sociaux quelques minutes avant le direct de l\u2019\u00e9mission anim\u00e9e par Cyril Hanouna, qu\u2019il sera finalement absent ce soir sur W9.<\/p>\n<p class=\"fig-paragraph\">\u00abIl ne le sentait pas ce soir\u00bb,\u00a0<a href=\"http:\/\/tvmag.lefigaro.fr\/programme-tv\/actu-tele\/il-ne-le-sentait-pas-ce-soir-matthieu-delormeau-reporte-son-retour-aupres-de-cyril-hanouna-sur-w9-20250903\" target=\"_blank\" data-fig-type=\"Article\" rel=\"noopener\" data-gtm-custom-categorie=\"navigation\" data-gtm-custom-action=\"crossclick\" data-gtm-custom-label=\"Contextuel\" data-gtm-event=\"customEventSPE\" data-fig-domain=\"TVMAG\">avait d\u00e9clar\u00e9 Cyril Hanouna<\/a>\u00a0mardi dans \u00abTout beau tout n9uf\u00bb pour expliquer l\u2019absence de Matthieu Delormeau, pourtant annonc\u00e9 au sommaire de l\u2019\u00e9mission. Visiblement, ce mercredi 3 septembre ne l\u2019inspire pas non plus.<\/p>\n<p class=\"fig-paragraph\">Quelques minutes avant le direct de W9, Matthieu Delormeau a partag\u00e9 un message qui se veut rassurant sur ses r\u00e9seaux sociaux\u00a0: \u00abJe vais tr\u00e8s bien et je r\u00eave d\u2019aller en plateau, mais mon interview face \u00e0 Cyril Hanouna et, faites-moi confiance je dirais tout, aura lieu demain\u00bb. Il justifie ce \u00e9ni\u00e8me report en raison \u00abdu carton de l\u2019\u00e9mission, le conducteur s\u2019ajuste chaque jour\u00bb. \u00abJ\u2019ai h\u00e2te ensuite de r\u00e9int\u00e9grer l\u2019\u00e9mission. Mais je vous dois la v\u00e9rit\u00e9 avant. J\u2019esp\u00e8re tellement que \u00e7a servira \u00e0 d\u2019autres\u00bb, conclut-il.<\/p>\n<p>                                    <a class=\"fig-a11y-skip a11y-hidden\" href=\"#fig-a11y-skip-main-inarticle\"><br \/>\n        Passer la publicit\u00e9<br \/>\n    <\/a><\/p>\n<p>D\u00e9j\u00e0 deux annulations<\/p>\n<p class=\"fig-paragraph\">En mai 2023, Matthieu Delormeau avait annonc\u00e9 son d\u00e9part surprise des \u00e9missions de H2O Productions. \u00ab Apr\u00e8s sept ann\u00e9es d\u2019antenne, j\u2019ai d\u00e9cid\u00e9 de quitter d\u00e9finitivement \u201cTPMP\u201d et \u201cTPMP People\u201d,\u00a0<a href=\"http:\/\/tvmag.lefigaro.fr\/programme-tv\/actu-tele\/matthieu-delormeau-annonce-qu-il-quitte-definitivement-touche-pas-a-mon-poste-et-tpmp-people-20230512\" target=\"_blank\" data-fig-type=\"Article\" rel=\"noopener\" data-gtm-custom-categorie=\"navigation\" data-gtm-custom-action=\"crossclick\" data-gtm-custom-label=\"Contextuel\" data-gtm-event=\"customEventSPE\" data-fig-domain=\"TVMAG\">avait-il officialis\u00e9<\/a>. Depuis, on l\u2019a \u00abplus vu dans les commissariats qu\u2019\u00e0 la t\u00e9l\u00e9\u00bb, de son propre aveu. En effet, il a \u00e9t\u00e9 pris en flagrant d\u00e9lit d\u2019achat de coca\u00efne en juillet 2024 avant d\u2019avoir laiss\u00e9 fuiter une vid\u00e9o sur ses r\u00e9seaux sociaux cet \u00e9t\u00e9\u00a0<a href=\"http:\/\/tvmag.lefigaro.fr\/programme-tv\/people\/c-est-quoi-ce-delire-les-internautes-inquiets-apres-une-publication-de-matthieu-delormeau-a-caractere-sexuel-20250709\" target=\"_blank\" data-fig-type=\"Article\" rel=\"noopener\" data-gtm-custom-categorie=\"navigation\" data-gtm-custom-action=\"crossclick\" data-gtm-custom-label=\"Contextuel\" data-gtm-event=\"customEventSPE\" data-fig-domain=\"TVMAG\">o\u00f9 il apparaissait nu en train de se masturber.<\/a><\/p>\n<p class=\"fig-paragraph\">\u00abLe seul que j\u2019ai d\u00e9truit, c\u2019est moi\u00bb, avait admis Matthieu Delormeau, tr\u00e8s stress\u00e9, ce lundi lors de la premi\u00e8re de \u00abTBT9\u00bb. \u00abJ\u2019ai v\u00e9cu la police, la justice, la garde \u00e0 vue, la prison, les cit\u00e9s, les dealers&#8230; Je vais tout raconter sans pudeur\u00bb,\u00a0<a href=\"http:\/\/tvmag.lefigaro.fr\/programme-tv\/actu-tele\/le-seul-que-j-ai-detruit-c-est-moi-les-confidences-bouleversantes-de-matthieu-delormeau-sur-la-drogue-20250901\" target=\"_blank\" data-fig-type=\"Article\" rel=\"noopener\" data-gtm-custom-categorie=\"navigation\" data-gtm-custom-action=\"crossclick\" data-gtm-custom-label=\"Contextuel\" data-gtm-event=\"customEventSPE\" data-fig-domain=\"TVMAG\">avait-il ensuite d\u00e9clam\u00e9<\/a>. Mais \u00e0 cause du retard pris dans le conducteur de l\u2019\u00e9mission, son intervention fut br\u00e8ve et report\u00e9e au lendemain. Mais hier, c\u2019est Patrick S\u00e9bastien, en donnant\u00a0<a href=\"http:\/\/tvmag.lefigaro.fr\/programme-tv\/actu-tele\/une-arnaque-mediatique-patrick-sebastien-s-exprime-pour-la-premiere-fois-sur-la-polemique-de-la-fellation-20250902\" target=\"_blank\" data-fig-type=\"Article\" rel=\"noopener\" data-gtm-custom-categorie=\"navigation\" data-gtm-custom-action=\"crossclick\" data-gtm-custom-label=\"Contextuel\" data-gtm-event=\"customEventSPE\" data-fig-domain=\"TVMAG\">sa version des faits<\/a>\u00a0de la pol\u00e9mique de la fellation sur sc\u00e8ne, qui a occup\u00e9 la sc\u00e8ne.\u00a0<\/p>\n","protected":false},"excerpt":{"rendered":"Matthieu Delormeau reporte (encore) sa venue dans \u00abTout beau tout n9uf\u00bb Marechal Aurore\/ABACA Le chroniqueur a annonc\u00e9 sur&hellip;\n","protected":false},"author":2,"featured_media":364794,"comment_status":"","ping_status":"","sticky":false,"template":"","format":"standard","meta":{"footnotes":""},"categories":[8],"tags":[1083,58,59,1011,27,7830],"class_list":{"0":"post-364793","1":"post","2":"type-post","3":"status-publish","4":"format-standard","5":"has-post-thumbnail","7":"category-divertissement","8":"tag-cyril-hanouna","9":"tag-divertissement","10":"tag-entertainment","11":"tag-fr","12":"tag-france","13":"tag-matthieu-delormeau"},"share_on_mastodon":{"url":"https:\/\/pubeurope.com\/@fr\/115144006310473149","error":""},"_links":{"self":[{"href":"https:\/\/www.europesays.com\/fr\/wp-json\/wp\/v2\/posts\/364793","targetHints":{"allow":["GET"]}}],"collection":[{"href":"https:\/\/www.europesays.com\/fr\/wp-json\/wp\/v2\/posts"}],"about":[{"href":"https:\/\/www.europesays.com\/fr\/wp-json\/wp\/v2\/types\/post"}],"author":[{"embeddable":true,"href":"https:\/\/www.europesays.com\/fr\/wp-json\/wp\/v2\/users\/2"}],"replies":[{"embeddable":true,"href":"https:\/\/www.europesays.com\/fr\/wp-json\/wp\/v2\/comments?post=364793"}],"version-history":[{"count":0,"href":"https:\/\/www.europesays.com\/fr\/wp-json\/wp\/v2\/posts\/364793\/revisions"}],"wp:featuredmedia":[{"embeddable":true,"href":"https:\/\/www.europesays.com\/fr\/wp-json\/wp\/v2\/media\/364794"}],"wp:attachment":[{"href":"https:\/\/www.europesays.com\/fr\/wp-json\/wp\/v2\/media?parent=364793"}],"wp:term":[{"taxonomy":"category","embeddable":true,"href":"https:\/\/www.europesays.com\/fr\/wp-json\/wp\/v2\/categories?post=364793"},{"taxonomy":"post_tag","embeddable":true,"href":"https:\/\/www.europesays.com\/fr\/wp-json\/wp\/v2\/tags?post=364793"}],"curies":[{"name":"wp","href":"https:\/\/api.w.org\/{rel}","templated":true}]}}