{"id":364795,"date":"2025-09-04T03:54:14","date_gmt":"2025-09-04T03:54:14","guid":{"rendered":"https:\/\/www.europesays.com\/fr\/364795\/"},"modified":"2025-09-04T03:54:14","modified_gmt":"2025-09-04T03:54:14","slug":"tout-le-monde-pensait-que-ce-village-dalsace-etait-trop-tranquille-jusqua-ce-quil-figure-parmi-les-plus-visites","status":"publish","type":"post","link":"https:\/\/www.europesays.com\/fr\/364795\/","title":{"rendered":"Tout le monde pensait que ce village d\u2019Alsace \u00e9tait \u201ctrop tranquille\u201d \u2013 jusqu\u2019\u00e0 ce qu\u2019il figure parmi les plus visit\u00e9s"},"content":{"rendered":"<p>Je dois vous avouer que lorsque j\u2019ai pos\u00e9 mes yeux sur <strong>Eguisheim<\/strong> pour la premi\u00e8re fois, j\u2019ai eu cette sensation \u00e9trange d\u2019\u00eatre transport\u00e9e dans un conte de f\u00e9es. Ce petit village alsacien, nich\u00e9 au c\u0153ur des vignobles, semblait fig\u00e9 dans le temps. Pourtant, derri\u00e8re cette apparente tranquillit\u00e9 se cachait un tr\u00e9sor que des milliers de visiteurs allaient bient\u00f4t d\u00e9couvrir.<\/p>\n<p>Un village alsacien m\u00e9connu aux charmes insoup\u00e7onn\u00e9s<\/p>\n<p>Pendant des d\u00e9cennies, <strong>Eguisheim<\/strong> vivait dans l\u2019ombre de ses voisins plus c\u00e9l\u00e8bres comme Riquewihr ou Colmar. Je me souviens de mes premi\u00e8res recherches sur cette destination : les guides touristiques n\u2019y consacraient que quelques lignes timides. Les habitants eux-m\u00eames plaisantaient sur le caract\u00e8re paisible de leur commune, o\u00f9 particuli\u00e8rement le plus grand \u00e9v\u00e9nement de la journ\u00e9e \u00e9tait parfois le passage du facteur.<\/p>\n<p>Mais cette tranquillit\u00e9 apparente cachait des tr\u00e9sors architecturaux extraordinaires. En arpentant ses <strong>ruelles circulaires<\/strong> pav\u00e9es, j\u2019ai d\u00e9couvert un urbanisme unique en Alsace. Le village s\u2019organise en cercles concentriques autour du ch\u00e2teau des comtes d\u2019Eguisheim, cr\u00e9ant une harmonie visuelle saisissante. Les maisons \u00e0 colombages, aux couleurs pastel d\u00e9licates, semblent se succ\u00e9der dans une chor\u00e9graphie parfaitement orchestr\u00e9e.<\/p>\n<p>L\u2019authenticit\u00e9 de ce patrimoine architectural m\u2019a imm\u00e9diatement frapp\u00e9e. Contrairement \u00e0 d\u2019autres destinations touristiques, <strong>Eguisheim<\/strong> a pr\u00e9serv\u00e9 son caract\u00e8re authentique. Chaque d\u00e9tail, des enseignes en fer forg\u00e9 aux g\u00e9raniums qui d\u00e9bordent des balcons fleuris, raconte une histoire s\u00e9culaire. Cette pr\u00e9servation exceptionnelle allait bient\u00f4t attirer l\u2019attention bien au-del\u00e0 des fronti\u00e8res alsaciennes.<\/p>\n<p>La reconnaissance qui change tout<\/p>\n<p>Le tournant d\u00e9cisif s\u2019est produit en 2013, lorsque <strong>Eguisheim<\/strong> a \u00e9t\u00e9 \u00e9lu village pr\u00e9f\u00e9r\u00e9 des Fran\u00e7ais dans l\u2019\u00e9mission de St\u00e9phane Bern. Cette reconnaissance m\u00e9diatique a boulevers\u00e9 la donne. Du jour au lendemain, ce village de 1 600 habitants s\u2019est retrouv\u00e9 sous les projecteurs nationaux.<\/p>\n<p>J\u2019ai pu observer cette transformation fascinante : les r\u00e9servations dans les <strong>chambres d\u2019h\u00f4tes locales<\/strong> ont explos\u00e9, les restaurants ont vu leurs carnets de r\u00e9servation se remplir des mois \u00e0 l\u2019avance, et les caves viticoles ont accueilli un nombre croissant d\u2019amateurs de grands crus alsaciens. Cette notori\u00e9t\u00e9 soudaine a cr\u00e9\u00e9 une dynamique \u00e9conomique inattendue pour une commune si petite.<\/p>\n<p>Mais ce qui m\u2019a le plus impressionn\u00e9e, c\u2019est la capacit\u00e9 d\u2019adaptation des habitants. Loin de subir passivement ce changement, ils ont su valoriser leur patrimoine tout en pr\u00e9servant l\u2019\u00e2me de leur village. Les <strong>vignerons locaux<\/strong> ont ouvert leurs portes aux visiteurs, partageant avec passion leurs savoir-faire ancestraux. Les artisans d\u2019art se sont install\u00e9s dans les anciennes \u00e9choppes, redonnant vie au centre historique.<\/p>\n<tr>\nAnn\u00e9e<br \/>\nNombre de visiteurs<br \/>\n\u00c9v\u00e9nement marquant<br \/>\n<\/tr>\n<tr>\n<td>2012<\/td>\n<td>50 000<\/td>\n<td>Situation avant la reconnaissance<\/td>\n<\/tr>\n<tr>\n<td>2013<\/td>\n<td>200 000<\/td>\n<td>\u00c9lection village pr\u00e9f\u00e9r\u00e9 des Fran\u00e7ais<\/td>\n<\/tr>\n<tr>\n<td>2020<\/td>\n<td>500 000<\/td>\n<td>Inscription sur les circuits touristiques majeurs<\/td>\n<\/tr>\n<p>Les secrets d\u2019une m\u00e9tamorphose r\u00e9ussie<\/p>\n<p>Ce qui int\u00e9resse dans le cas d\u2019<strong>Eguisheim<\/strong>, c\u2019est sa capacit\u00e9 \u00e0 transformer une suppos\u00e9e faiblesse en atout majeur. Cette tranquillit\u00e9 tant moqu\u00e9e est devenue son principal argument de s\u00e9duction. Dans notre \u00e9poque hyperconnect\u00e9e, les visiteurs recherchent pr\u00e9cis\u00e9ment cette authenticit\u00e9, ce rythme de vie apais\u00e9 que le village incarne parfaitement.<\/p>\n<p>Les facteurs de succ\u00e8s de cette transformation me paraissent multiples et particuli\u00e8rement instructifs :<\/p>\n<ol>\n<li><strong>La pr\u00e9servation du patrimoine<\/strong> : aucune construction moderne n\u2019est venue d\u00e9naturer l\u2019ensemble architectural<\/li>\n<li><strong>L\u2019engagement des habitants<\/strong> : une population mobilis\u00e9e pour accueillir dignement les visiteurs<\/li>\n<li><strong>La valorisation des savoir-faire locaux<\/strong> : vignerons, artisans et restaurateurs ont su mettre en avant leurs sp\u00e9cialit\u00e9s<\/li>\n<li><strong>Un tourisme raisonn\u00e9<\/strong> : le village a \u00e9vit\u00e9 l\u2019\u00e9cueil de la commercialisation excessive<\/li>\n<li><strong>L\u2019innovation dans la tradition<\/strong> : int\u00e9gration harmonieuse de services modernes dans le cadre historique<\/li>\n<\/ol>\n<p>Aujourd\u2019hui, quand je parcours les <strong>circuits viticoles<\/strong> qui serpentent autour d\u2019Eguisheim, je mesure l\u2019ampleur de cette m\u00e9tamorphose. Ce village que certains jugeaient trop tranquille accueille d\u00e9sormais plus d\u2019un demi-million de visiteurs par an, tout en conservant son charme d\u2019antan. Une le\u00e7on magistrale sur la capacit\u00e9 des petites communes \u00e0 r\u00e9v\u00e9ler leurs tr\u00e9sors cach\u00e9s.<\/p>\n<p><img loading=\"lazy\" decoding=\"async\" data-del=\"avatar\" alt=\"cecile\" src=\"data:image\/svg+xml,%3Csvg%20xmlns=\" http:=\"\" class=\"avatar pp-user-avatar avatar-100 photo \" height=\"100\" width=\"100\" data-lazy-src=\"https:\/\/www.europesays.com\/fr\/wp-content\/uploads\/2025\/04\/11-150x150.jpg\"\/><\/p>\n<p>Je suis C\u00e9cile, accro au lifestyle et \u00e0 tout ce qui am\u00e9liore le quotidien. Entre astuces bien-\u00eatre, tendances mode et nouveaut\u00e9s high-tech, je vous propose des articles qui m\u00ealent style, simplicit\u00e9 et efficacit\u00e9. Ici, on parle de tout ce qui vous inspire au quotidien !<\/p>\n","protected":false},"excerpt":{"rendered":"Je dois vous avouer que lorsque j\u2019ai pos\u00e9 mes yeux sur Eguisheim pour la premi\u00e8re fois, j\u2019ai eu&hellip;\n","protected":false},"author":2,"featured_media":364796,"comment_status":"","ping_status":"","sticky":false,"template":"","format":"standard","meta":{"footnotes":""},"categories":[7],"tags":[1011,27,43,40,41,39,42,44],"class_list":{"0":"post-364795","1":"post","2":"type-post","3":"status-publish","4":"format-standard","5":"has-post-thumbnail","7":"category-sciences-et-technologies","8":"tag-fr","9":"tag-france","10":"tag-science","11":"tag-science-and-technology","12":"tag-sciences","13":"tag-sciences-et-technologies","14":"tag-technologies","15":"tag-technology"},"share_on_mastodon":{"url":"https:\/\/pubeurope.com\/@fr\/115144010342021308","error":""},"_links":{"self":[{"href":"https:\/\/www.europesays.com\/fr\/wp-json\/wp\/v2\/posts\/364795","targetHints":{"allow":["GET"]}}],"collection":[{"href":"https:\/\/www.europesays.com\/fr\/wp-json\/wp\/v2\/posts"}],"about":[{"href":"https:\/\/www.europesays.com\/fr\/wp-json\/wp\/v2\/types\/post"}],"author":[{"embeddable":true,"href":"https:\/\/www.europesays.com\/fr\/wp-json\/wp\/v2\/users\/2"}],"replies":[{"embeddable":true,"href":"https:\/\/www.europesays.com\/fr\/wp-json\/wp\/v2\/comments?post=364795"}],"version-history":[{"count":0,"href":"https:\/\/www.europesays.com\/fr\/wp-json\/wp\/v2\/posts\/364795\/revisions"}],"wp:featuredmedia":[{"embeddable":true,"href":"https:\/\/www.europesays.com\/fr\/wp-json\/wp\/v2\/media\/364796"}],"wp:attachment":[{"href":"https:\/\/www.europesays.com\/fr\/wp-json\/wp\/v2\/media?parent=364795"}],"wp:term":[{"taxonomy":"category","embeddable":true,"href":"https:\/\/www.europesays.com\/fr\/wp-json\/wp\/v2\/categories?post=364795"},{"taxonomy":"post_tag","embeddable":true,"href":"https:\/\/www.europesays.com\/fr\/wp-json\/wp\/v2\/tags?post=364795"}],"curies":[{"name":"wp","href":"https:\/\/api.w.org\/{rel}","templated":true}]}}