{"id":364797,"date":"2025-09-04T03:55:14","date_gmt":"2025-09-04T03:55:14","guid":{"rendered":"https:\/\/www.europesays.com\/fr\/364797\/"},"modified":"2025-09-04T03:55:14","modified_gmt":"2025-09-04T03:55:14","slug":"vers-une-crise-mondiale-de-la-dette-de-la-france-aux-etats-unis-en-passant-par-le-japon-pourquoi-les-taux-de-la-dette-a-long-terme-bondissent-un-peu-partout","status":"publish","type":"post","link":"https:\/\/www.europesays.com\/fr\/364797\/","title":{"rendered":"Vers une crise mondiale de la dette? De la France aux Etats-Unis en passant par le Japon, pourquoi les taux de la dette \u00e0 long terme bondissent un peu partout"},"content":{"rendered":"<p>Le taux d&rsquo;int\u00e9r\u00eat \u00e0 30 ans de la dette fran\u00e7aise a atteint la barre des 4,5% pour la premi\u00e8re fois depuis 2009. Cette tendance concerne les autres pays europ\u00e9ens, mais \u00e9galement le Japon et les \u00c9tats-Unis.<\/p>\n<p>Coup de chaud sur les march\u00e9s obligataires. Les investisseurs ont eu les yeux riv\u00e9s sur les taux d&rsquo;int\u00e9r\u00eats des dettes souveraines, ce mercredi 3 septembre. Plusieurs pays dont la France sont particuli\u00e8rement scrut\u00e9s en raison de leur trajectoire budg\u00e9taire. Cette tension se refl\u00e8te particuli\u00e8rement sur les dettes \u00e0 long terme, dont les rendements sont g\u00e9n\u00e9ralement plus \u00e9lev\u00e9s que les autres titres \u00e9mis par les \u00c9tats.<\/p>\n<p>Le taux d&rsquo;int\u00e9r\u00eat \u00e0 30 ans de la <a href=\"https:\/\/www.bfmtv.com\/economie\/economie-social\/finances-publiques\/du-jamais-vu-depuis-2011-le-taux-d-interet-de-la-dette-francaise-a-30-ans-depasse-desormais-4-50_AD-202509020346.html\" title=\"&quot;Un signe tr\u00e8s n\u00e9gatif de d\u00e9fiance&quot;: le taux de la dette fran\u00e7aise \u00e0 30 ans d\u00e9passe 4,50%, au plus haut depuis 2009\" class=\"internal_link\" rel=\"nofollow noopener\" target=\"_blank\">dette fran\u00e7aise a atteint la barre de 4,5%<\/a> pour la premi\u00e8re fois depuis 2009 ce mardi (le taux de r\u00e9f\u00e9rence, \u00e0 dix ans, est aussi en hausse \u00e0 3,54%).<\/p>\n<p>De l&rsquo;autre c\u00f4t\u00e9 de la Manche, les obligations britanniques \u00e0 30 ans sont mont\u00e9es \u00e0 un plus haut depuis 1998, tandis que <a href=\"https:\/\/www.bfmtv.com\/economie\/international\/un-taux-d-emprunt-a-30-ans-a-un-niveau-historique-apres-la-france-le-royaume-uni-l-allemagne-et-les-etats-unis-le-japon-voit-lui-aussi-le-cout-de-sa-dette-bondir_AD-202509030362.html\" title=\"Un taux d&#039;emprunt \u00e0 30 ans \u00e0 un niveau historique: apr\u00e8s l&#039;Europe et les \u00c9tats-Unis, le Japon voit lui aussi le co\u00fbt de sa dette bondir\" class=\"internal_link\" rel=\"nofollow noopener\" target=\"_blank\">les taux \u00e0 20 ans japonais sont aussi \u00e0 un sommet<\/a> depuis 1999. Les taux grimpent m\u00eame en Allemagne, o\u00f9 les rendements \u00e0 30 ans atteignent des niveaux jamais vu depuis 14 ans.<\/p>\n<blockquote class=\"embed embed_quote\"><p>\u00ab\u00a0Partout en Europe -et jusqu&rsquo;au Japon- les obligations longues sont sous pression, ravivant le souvenir douloureux de la <a href=\"https:\/\/www.bfmtv.com\/economie\/entreprises\/defense\/une-nouvelle-crise-de-la-dette-en-europe-alors-que-4-pays-sont-deja-a-plus-de-100-du-pib-la-bce-alerte-sur-le-bond-des-depenses-d-armement_AD-202505210289.html\" title=\"Une nouvelle crise de la dette en Europe? Alors que 4 pays sont d\u00e9j\u00e0 \u00e0 plus de 100% du PIB, la BCE alerte sur le bond des d\u00e9penses d&#039;armement\" class=\"internal_link\" rel=\"nofollow noopener\" target=\"_blank\">crise de la dette de 2011<\/a>\u00ab\u00a0, souligne John Plassard, responsable de la strat\u00e9gie d&rsquo;investissement chez Cit\u00e9 Gestion Private Bank, aupr\u00e8s de l&rsquo;AFP.<\/p><\/blockquote>\n<p>Cette flamb\u00e9e des taux a des explications politiques. Les taux \u00e0 30 ans fran\u00e7ais sont tir\u00e9s \u00e0 la hausse par l&rsquo;incertitude, alors que la <a href=\"https:\/\/www.bfmtv.com\/economie\/economie-social\/finances-publiques\/une-nouvelle-course-contre-la-montre-si-bayrou-tombe-le-futur-gouvernement-aura-jusqu-au-15-octobre-pour-refaire-un-budget-en-urgence_AV-202509010330.html\" title=\"Une nouvelle course contre la montre: si Bayrou tombe, le futur gouvernement aura jusqu&#039;au 15 octobre pour refaire un Budget en urgence\" class=\"internal_link\" rel=\"nofollow noopener\" target=\"_blank\">chute du gouvernement de Fran\u00e7ois Bayrou<\/a> appara\u00eet de plus en plus probable \u00e0 l&rsquo;issue du vote de confiance le 8 septembre.<\/p>\n<p>Au Japon, l&rsquo;avenir du gouvernement est \u00e9galement en suspens alors qu&rsquo;un soutien du Premier ministre Ishiba a annonc\u00e9 qu&rsquo;il pourrait d\u00e9missionner.<\/p>\n<p>Aux \u00c9tats-Unis, o\u00f9 le rendement de l&#8217;emprunt am\u00e9ricain \u00e0 30 ans flirte avec le seuil psychologique de 5%, <a href=\"https:\/\/www.bfmtv.com\/economie\/video-victoire-pour-trump-sa-one-big-beautiful-bill-est-adoptee_VN-202507030825.html\" title=\"Victoire pour Trump : sa &quot;One Big Beautiful Bill&quot; est adopt\u00e9e\" class=\"internal_link\" rel=\"nofollow noopener\" target=\"_blank\">la \u00ab\u00a0One Big Beautiful Bill\u00a0\u00bb voulue par Donald Trump<\/a> pourrait alourdir la dette publique de 3.400 milliards d&rsquo;euros lors des dix prochaines d&rsquo;ann\u00e9es.<\/p>\n<p>Les tentatives de <a href=\"https:\/\/www.bfmtv.com\/economie\/international\/tout-comprendre-pourquoi-la-decision-de-trump-de-limoger-l-une-des-responsables-de-la-fed-est-aussi-inedite-qu-inquietante_AV-202508260369.html\" title=\"TOUT COMPRENDRE. Pourquoi la d\u00e9cision de Trump de limoger l&#039;une des responsables de la Fed est autant in\u00e9dite qu&#039;inqui\u00e9tante\" class=\"internal_link\" rel=\"nofollow noopener\" target=\"_blank\">prise de contr\u00f4le autoritaire de la R\u00e9serve f\u00e9d\u00e9rale<\/a> et les vell\u00e9it\u00e9s de guerre commerciale du pr\u00e9sident am\u00e9ricain pr\u00e9occupent aussi les march\u00e9s financiers, notamment parce qu&rsquo;ils pourraient relancer l&rsquo;inflation.<\/p>\n<p>Pourquoi ce sont les obligations \u00e0 long terme d&rsquo;une dur\u00e9e comprise entre 10 et 100 ans qui flambent particuli\u00e8rement plus que les bons du Tr\u00e9sor? Tout simplement car plus l&rsquo;\u00e9ch\u00e9ance d&rsquo;une obligation est lointaine, plus les risques de d\u00e9faillance sont importants.<\/p>\n<p>Un dette de plus en plus lourde<\/p>\n<p>Mais la hausse a aussi des explications plus profondes. Les dettes publiques ont consid\u00e9rablement gonfl\u00e9 au cours des vingt derni\u00e8res ann\u00e9es. Les cons\u00e9quences de la crise financi\u00e8re de 2008, les confinements li\u00e9s au Covid et <a href=\"https:\/\/www.bfmtv.com\/economie\/economie-social\/france\/pres-de-4-francais-sur-10-affirment-avoir-des-decouverts-bancaires-pour-un-montant-moyen-en-nette-hausse-sur-un-an_AV-202509030442.html\" title=\"Pr\u00e8s de 4 Fran\u00e7ais sur 10 affirment avoir des d\u00e9couverts bancaires, pour un montant moyen en nette hausse sur un an\" class=\"internal_link\" rel=\"nofollow noopener\" target=\"_blank\">l&rsquo;inflation li\u00e9e \u00e0 l&rsquo;invasion de l&rsquo;Ukraine par la Russie<\/a> ont pouss\u00e9 les gouvernements \u00e0 emprunter davantage.<\/p>\n<p>Bloomberg note que la dette mondiale s&rsquo;\u00e9l\u00e8ve 277.000 milliards d&rsquo;euros (324.000 milliards de dollars) selon l&rsquo;Institute of International Finance, pouss\u00e9e par la Chine, la France et l&rsquo;Allemagne.<\/p>\n<p>Dans les ann\u00e9es 2010, la charge de cet endettement a \u00e9t\u00e9 all\u00e9g\u00e9e par les politiques d&rsquo;assouplissement quantitatif men\u00e9es par les banques centrales, en particulier au sein de la zone euro. La Banque centrale europ\u00e9enne (BCE) a massivement achet\u00e9 des actifs, et notamment de la dette d&rsquo;\u00c9tat. Les taux d&rsquo;int\u00e9r\u00eat ont consid\u00e9rablement baiss\u00e9, rendant l&rsquo;endettement plus indolore.<\/p>\n<p>Or, cette p\u00e9riode a brutalement pris fin en juillet 2022. La BCE a d\u00e9cid\u00e9 de normaliser sa politique mon\u00e9taire. Elle a engag\u00e9 un <a href=\"https:\/\/www.bfmtv.com\/economie\/economie-social\/union-europeenne\/apres-huit-baisses-de-taux-consecutives-la-bce-n-envisage-plus-que-des-ajustements-marginaux_AD-202508280545.html\" title=\"Apr\u00e8s huit baisses de taux cons\u00e9cutives, la BCE n&#039;envisage plus que des &quot;ajustements marginaux&quot;\" class=\"internal_link\" rel=\"nofollow noopener\" target=\"_blank\">rel\u00e8vement extraordinairement rapide de ses taux directeurs<\/a> pour tenter de juguler l&rsquo;inflation, n\u00e9e de la reprise post-Covid et aggrav\u00e9e par l&rsquo;expansionnisme guerrier de Vladimir Poutine. D\u00e9but janvier 2025, l&rsquo;institution bas\u00e9e \u00e0 Francfort a \u00e9galement mis fin \u00e0 son programme de rachat de dette europ\u00e9enne.<\/p>\n<p>En cons\u00e9quence, les taux d&rsquo;int\u00e9r\u00eat des dettes publiques ont eu tendance \u00e0 augmenter. En Europe, <a href=\"https:\/\/www.bfmtv.com\/economie\/l-espagne-et-le-portugal-sauvent-l-europe-l-allemagne-et-l-italie-la-plombent-la-france-resiste-le-bilan-de-la-croissance-europeenne-sous-l-ere-trump_AN-202508020207.html\" title=\"L&#039;Espagne et le Portugal sauvent l&#039;Europe, l&#039;Allemagne et l&#039;Italie la plombent, la France r\u00e9siste: le bilan de la croissance europ\u00e9enne sous l&#039;\u00e8re Trump\" class=\"internal_link\" rel=\"nofollow noopener\" target=\"_blank\">la croissance particuli\u00e8rement molle<\/a> a rendu la situation plus pr\u00e9occupante encore et la charge de la dette s&rsquo;est alourdie.<\/p>\n<blockquote class=\"embed embed_quote\"><p>D\u00e9sormais, \u00ab\u00a0nous observons un cercle vicieux \u00e0 \u00e9volution lente: les inqui\u00e9tudes croissantes concernant la dette poussent les rendements \u00e0 la hausse, aggravant la dynamique de la dette, ce qui \u00e0 son tour pousse les rendements \u00e0 nouveau \u00e0 la hausse\u00a0\u00bb, estime Jim Reid, analyste \u00e0 la Deutsche Bank, dans une note cit\u00e9e par le Wall Street Journal.<\/p><\/blockquote>\n<p>Ces rendements \u00e0 long terme ont \u00e9galement tendance \u00e0 se refl\u00e9ter dans l&rsquo;\u00e9conomie r\u00e9elle pour les m\u00e9nages et les entreprises.<\/p>\n<p>Des taux \u00e9lev\u00e9s durables sur ces obligations vont se repercuter sur les pr\u00eats bancaires, les pr\u00eats automobile et \u00e0 la consommation en rendant plus improbable un assouplissement de la politique mon\u00e9taire et donc une baisse des taux. Au final, ce \u00ab\u00a0cercle vicieux\u00a0\u00bb p\u00e8se sur les m\u00e9nages en relan\u00e7ant une hausse des prix dans un contexte de stagnation \u00e9conomique. Ce qui renforce la pression sur les gouvernements et attise les tensions au sein des d\u00e9mocraties.<\/p>\n","protected":false},"excerpt":{"rendered":"Le taux d&rsquo;int\u00e9r\u00eat \u00e0 30 ans de la dette fran\u00e7aise a atteint la barre des 4,5% pour la&hellip;\n","protected":false},"author":2,"featured_media":364798,"comment_status":"","ping_status":"","sticky":false,"template":"","format":"standard","meta":{"footnotes":""},"categories":[6],"tags":[35,33,34,1011,27],"class_list":{"0":"post-364797","1":"post","2":"type-post","3":"status-publish","4":"format-standard","5":"has-post-thumbnail","7":"category-economie","8":"tag-business","9":"tag-economie","10":"tag-economy","11":"tag-fr","12":"tag-france"},"share_on_mastodon":{"url":"https:\/\/pubeurope.com\/@fr\/115144014243384331","error":""},"_links":{"self":[{"href":"https:\/\/www.europesays.com\/fr\/wp-json\/wp\/v2\/posts\/364797","targetHints":{"allow":["GET"]}}],"collection":[{"href":"https:\/\/www.europesays.com\/fr\/wp-json\/wp\/v2\/posts"}],"about":[{"href":"https:\/\/www.europesays.com\/fr\/wp-json\/wp\/v2\/types\/post"}],"author":[{"embeddable":true,"href":"https:\/\/www.europesays.com\/fr\/wp-json\/wp\/v2\/users\/2"}],"replies":[{"embeddable":true,"href":"https:\/\/www.europesays.com\/fr\/wp-json\/wp\/v2\/comments?post=364797"}],"version-history":[{"count":0,"href":"https:\/\/www.europesays.com\/fr\/wp-json\/wp\/v2\/posts\/364797\/revisions"}],"wp:featuredmedia":[{"embeddable":true,"href":"https:\/\/www.europesays.com\/fr\/wp-json\/wp\/v2\/media\/364798"}],"wp:attachment":[{"href":"https:\/\/www.europesays.com\/fr\/wp-json\/wp\/v2\/media?parent=364797"}],"wp:term":[{"taxonomy":"category","embeddable":true,"href":"https:\/\/www.europesays.com\/fr\/wp-json\/wp\/v2\/categories?post=364797"},{"taxonomy":"post_tag","embeddable":true,"href":"https:\/\/www.europesays.com\/fr\/wp-json\/wp\/v2\/tags?post=364797"}],"curies":[{"name":"wp","href":"https:\/\/api.w.org\/{rel}","templated":true}]}}