{"id":364801,"date":"2025-09-04T03:57:10","date_gmt":"2025-09-04T03:57:10","guid":{"rendered":"https:\/\/www.europesays.com\/fr\/364801\/"},"modified":"2025-09-04T03:57:10","modified_gmt":"2025-09-04T03:57:10","slug":"colere-de-la-tunisie-qui-reproche-a-la-france-la-mort-de-lassaillant","status":"publish","type":"post","link":"https:\/\/www.europesays.com\/fr\/364801\/","title":{"rendered":"Col\u00e8re de la Tunisie qui reproche \u00e0 la France la mort de l\u2019assaillant"},"content":{"rendered":"<p>C\u2019est un tragique fait divers \u00e0 <a href=\"https:\/\/www.20minutes.fr\/marseille\/\" target=\"_blank\" class=\"c-link c-link--is-underlined\" rel=\"noopener\">Marseille<\/a> qui cr\u00e9e l\u2019\u00e9moi des deux c\u00f4t\u00e9s de la M\u00e9diterran\u00e9e, mais pas du tout pour les m\u00eames raisons. Alors que la France est sous le choc \u00e0 la suite d\u2019une attaque au couteau mardi dans la cit\u00e9 phoc\u00e9enne, la <a href=\"https:\/\/www.20minutes.fr\/dossier\/tunisie\" target=\"_blank\" class=\"c-link c-link--is-underlined\" rel=\"noopener\">Tunisie<\/a> a reproch\u00e9 mercredi soir l\u2019action des policiers au moment du drame.<\/p>\n<p>Tunis a en effet exprim\u00e9 sa col\u00e8re en qualifiant de \u00ab\u00a0<a href=\"https:\/\/www.20minutes.fr\/dossier\/meurtre\" target=\"_blank\" class=\"c-link c-link--is-underlined\" rel=\"noopener\">meurtre<\/a> injustifi\u00e9\u00a0\u00bb la mort d\u2019un de ses ressortissants \u2013 en l\u2019occurrence l\u2019assaillant \u2013 et r\u00e9clam\u00e9 une enqu\u00eate rapide \u00e0 la France. Le minist\u00e8re tunisien des Affaires \u00e9trang\u00e8res a \u00e9galement annonc\u00e9 avoir convoqu\u00e9 le charg\u00e9 d\u2019affaires par int\u00e9rim de l\u2019ambassade de France \u00e0 Tunis pour lui faire part de sa \u00ab\u00a0vive protestation\u00a0\u00bb.<\/p>\n<p>Cinq personnes bless\u00e9es<\/p>\n<p>Le minist\u00e8re a en outre pr\u00e9cis\u00e9 avoir demand\u00e9 au charg\u00e9 d\u2019affaires fran\u00e7ais \u00ab\u00a0de transmettre aux autorit\u00e9s de son pays le fait que la Tunisie consid\u00e8re cet incident comme un meurtre injustifi\u00e9, et attend de la partie fran\u00e7aise toute la rigueur et la c\u00e9l\u00e9rit\u00e9 n\u00e9cessaires dans l\u2019enqu\u00eate\u00a0\u00bb. Il a \u00e9galement indiqu\u00e9 que la Tunisie entendait \u00ab\u00a0prendre toutes les mesures pour pr\u00e9server les droits du d\u00e9funt et ceux de sa famille\u00a0\u00bb.<\/p>\n<\/p>\n<p>Le Tunisien, identifi\u00e9 comme Abdelkader Dibi, 35 ans, a \u00e9t\u00e9 abattu par des policiers dans un quartier tr\u00e8s fr\u00e9quent\u00e9 du centre de Marseille, apr\u00e8s avoir bless\u00e9 au couteau cinq personnes, selon le procureur de la deuxi\u00e8me ville de France.<\/p>\n<p>Un assaillant \u00ab\u00a0pas radicalis\u00e9\u00a0\u00bb<\/p>\n<p>D\u2019apr\u00e8s la m\u00eame source, il \u00ab\u00a0n\u2019apparaissait pas radicalis\u00e9 mais souffrant de troubles psychiatriques\u00a0\u00bb. Il \u00e9tait connu pour \u00ab\u00a0sa violence et ses probl\u00e8mes d\u2019addiction \u00e0 la fois \u00e0 la coca\u00efne et \u00e0 l\u2019alcool\u00a0\u00bb, a pr\u00e9cis\u00e9 le magistrat. Il avait notamment \u00e9t\u00e9 condamn\u00e9 \u00e0 La\u00a0Rochelle pour des violences avec arme commises en\u00a02023 sur un neveu. Selon les premiers \u00e9l\u00e9ments rapport\u00e9s par le procureur, le \u00ab\u00a0p\u00e9riple criminel\u00a0\u00bb d\u2019Abdelkader Dibi mardi a commenc\u00e9 apr\u00e8s son expulsion d\u2019un h\u00f4tel pour d\u00e9faut de paiement.<\/p>\n<p><a href=\"https:\/\/www.20minutes.fr\/marseille\/\" target=\"_blank\" class=\"c-link c-btn c-btn--primary\" rel=\"noopener\">Notre dossier Marseille<\/a><\/p>\n<p>D\u2019apr\u00e8s les autorit\u00e9s fran\u00e7aises, il a poignard\u00e9 plusieurs personnes avant d\u2019entamer une errance mena\u00e7ante dans les rues, qui l\u2019a men\u00e9 \u00e0 quelques centaines de m\u00e8tres de l\u2019embl\u00e9matique Vieux-Port, arm\u00e9 de deux couteaux et d\u2019une barre de fer. C\u2019est avec ces armes, selon la m\u00eame source, qu\u2019il a menac\u00e9 une patrouille de policiers en civil qui, alert\u00e9s par \u00ab\u00a0la rumeur publique\u00a0\u00bb, l\u2019ont mis en joue. L\u2019homme les mena\u00e7ant, les fonctionnaires ont ouvert le feu \u00e0 six reprises alors qu\u2019il faisait des mouvements vers eux. Touch\u00e9 de cinq balles, Abdelkader Dibi n\u2019a pas pu \u00eatre ranim\u00e9 et est d\u00e9c\u00e9d\u00e9 sur place.<\/p>\n","protected":false},"excerpt":{"rendered":"C\u2019est un tragique fait divers \u00e0 Marseille qui cr\u00e9e l\u2019\u00e9moi des deux c\u00f4t\u00e9s de la M\u00e9diterran\u00e9e, mais pas&hellip;\n","protected":false},"author":2,"featured_media":364802,"comment_status":"","ping_status":"","sticky":false,"template":"","format":"standard","meta":{"footnotes":""},"categories":[4],"tags":[47,11,885,7623,118,7505,1011,27,884,12,883,882,25,104,2028,133],"class_list":{"0":"post-364801","1":"post","2":"type-post","3":"status-publish","4":"format-standard","5":"has-post-thumbnail","7":"category-france","8":"tag-actualite","9":"tag-actualites","10":"tag-bouches-du-rhone","11":"tag-coup-de-couteau","12":"tag-faits-divers","13":"tag-faits-divers-marseille","14":"tag-fr","15":"tag-france","16":"tag-marseille","17":"tag-news","18":"tag-paca","19":"tag-provence-alpes-cote-dazur","20":"tag-republique-francaise","21":"tag-societe","22":"tag-tunisie","23":"tag-video"},"share_on_mastodon":{"url":"https:\/\/pubeurope.com\/@fr\/115144022012715450","error":""},"_links":{"self":[{"href":"https:\/\/www.europesays.com\/fr\/wp-json\/wp\/v2\/posts\/364801","targetHints":{"allow":["GET"]}}],"collection":[{"href":"https:\/\/www.europesays.com\/fr\/wp-json\/wp\/v2\/posts"}],"about":[{"href":"https:\/\/www.europesays.com\/fr\/wp-json\/wp\/v2\/types\/post"}],"author":[{"embeddable":true,"href":"https:\/\/www.europesays.com\/fr\/wp-json\/wp\/v2\/users\/2"}],"replies":[{"embeddable":true,"href":"https:\/\/www.europesays.com\/fr\/wp-json\/wp\/v2\/comments?post=364801"}],"version-history":[{"count":0,"href":"https:\/\/www.europesays.com\/fr\/wp-json\/wp\/v2\/posts\/364801\/revisions"}],"wp:featuredmedia":[{"embeddable":true,"href":"https:\/\/www.europesays.com\/fr\/wp-json\/wp\/v2\/media\/364802"}],"wp:attachment":[{"href":"https:\/\/www.europesays.com\/fr\/wp-json\/wp\/v2\/media?parent=364801"}],"wp:term":[{"taxonomy":"category","embeddable":true,"href":"https:\/\/www.europesays.com\/fr\/wp-json\/wp\/v2\/categories?post=364801"},{"taxonomy":"post_tag","embeddable":true,"href":"https:\/\/www.europesays.com\/fr\/wp-json\/wp\/v2\/tags?post=364801"}],"curies":[{"name":"wp","href":"https:\/\/api.w.org\/{rel}","templated":true}]}}