{"id":364807,"date":"2025-09-04T04:00:10","date_gmt":"2025-09-04T04:00:10","guid":{"rendered":"https:\/\/www.europesays.com\/fr\/364807\/"},"modified":"2025-09-04T04:00:10","modified_gmt":"2025-09-04T04:00:10","slug":"saint-etienne-de-tulmont-sous-le-signe-de-lecologie","status":"publish","type":"post","link":"https:\/\/www.europesays.com\/fr\/364807\/","title":{"rendered":"Saint-\u00c9tienne-de-Tulmont. Sous le signe de l\u2019\u00e9cologie"},"content":{"rendered":"<p>L\u2019\u00e9quipe enseignante et les animateurs de l\u2019Alae ont fait leur pr\u00e9rentr\u00e9e sous une pluie battante, symbole de la fin des vacances d\u2019\u00e9t\u00e9 et du retour aux pr\u00e9paratifs scolaires. La directrice Magali Raimbault a pr\u00e9sent\u00e9 les nouveaut\u00e9s de l\u2019ann\u00e9e, notamment l\u2019adaptation au rythme scolaire de quatre jours. Une organisation d\u00e9j\u00e0 bien famili\u00e8re \u00e0 Saint-Joseph puisque le mercredi matin \u00e9tait, jusqu\u2019\u00e0 pr\u00e9sent, consacr\u00e9 aux APC (activit\u00e9s p\u00e9dagogiques compl\u00e9mentaires), temps d\u00e9di\u00e9 au soutien des \u00e9l\u00e8ves rencontrant des difficult\u00e9s dans leurs apprentissages. D\u00e9sormais, les cours auront lieu les lundis, mardis, jeudis et vendredis de 8 h 30 \u00e0 11 h 45 et de 13 h 45 \u00e0 16 h 30. C\u00f4t\u00e9 p\u00e9riscolaire, Jonathan Bequet, responsable de l\u2019Alae, et son \u00e9quipe accueillent les enfants d\u00e8s 7 h 30, puis assurent l\u2019encadrement durant la pause m\u00e9ridienne et apr\u00e8s la classe jusqu\u2019\u00e0 18 h 30. Environ 200 \u00e9l\u00e8ves de la maternelle au CM 2 sont attendus cette ann\u00e9e. Le projet p\u00e9dagogique, commun aux enseignants et aux animateurs, portera sur un th\u00e8me d\u2019actualit\u00e9 : \u00ab\u00a0Prendre soin de la plan\u00e8te\u00a0\u00bb.<\/p>\n<p>De nombreuses actions de sensibilisation et des activit\u00e9s \u00e9ducatives seront ainsi men\u00e9es tout au long de l\u2019ann\u00e9e. Enfin, durant l\u2019\u00e9t\u00e9, des travaux de sanitaires et de plomberie ont \u00e9t\u00e9 effectu\u00e9s gr\u00e2ce \u00e0 la participation active de plusieurs parents d\u2019\u00e9l\u00e8ves. La directrice Magali Raimbault a tenu \u00e0 les remercier chaleureusement pour leur implication dans la vie de l\u2019\u00e9tablissement, rappelant que le bien-\u00eatre des enfants demeure au c\u0153ur de toutes les attentions.<\/p>\n","protected":false},"excerpt":{"rendered":"L\u2019\u00e9quipe enseignante et les animateurs de l\u2019Alae ont fait leur pr\u00e9rentr\u00e9e sous une pluie battante, symbole de la&hellip;\n","protected":false},"author":2,"featured_media":364808,"comment_status":"","ping_status":"","sticky":false,"template":"","format":"standard","meta":{"footnotes":""},"categories":[9653],"tags":[1111,11,2430,1777,674,1011,27,12,25,4001],"class_list":{"0":"post-364807","1":"post","2":"type-post","3":"status-publish","4":"format-standard","5":"has-post-thumbnail","7":"category-saint-etienne","8":"tag-actu","9":"tag-actualites","10":"tag-auvergne-rhone-alpes","11":"tag-eu","12":"tag-europe","13":"tag-fr","14":"tag-france","15":"tag-news","16":"tag-republique-francaise","17":"tag-saint-etienne"},"share_on_mastodon":{"url":"https:\/\/pubeurope.com\/@fr\/115144033740606319","error":""},"_links":{"self":[{"href":"https:\/\/www.europesays.com\/fr\/wp-json\/wp\/v2\/posts\/364807","targetHints":{"allow":["GET"]}}],"collection":[{"href":"https:\/\/www.europesays.com\/fr\/wp-json\/wp\/v2\/posts"}],"about":[{"href":"https:\/\/www.europesays.com\/fr\/wp-json\/wp\/v2\/types\/post"}],"author":[{"embeddable":true,"href":"https:\/\/www.europesays.com\/fr\/wp-json\/wp\/v2\/users\/2"}],"replies":[{"embeddable":true,"href":"https:\/\/www.europesays.com\/fr\/wp-json\/wp\/v2\/comments?post=364807"}],"version-history":[{"count":0,"href":"https:\/\/www.europesays.com\/fr\/wp-json\/wp\/v2\/posts\/364807\/revisions"}],"wp:featuredmedia":[{"embeddable":true,"href":"https:\/\/www.europesays.com\/fr\/wp-json\/wp\/v2\/media\/364808"}],"wp:attachment":[{"href":"https:\/\/www.europesays.com\/fr\/wp-json\/wp\/v2\/media?parent=364807"}],"wp:term":[{"taxonomy":"category","embeddable":true,"href":"https:\/\/www.europesays.com\/fr\/wp-json\/wp\/v2\/categories?post=364807"},{"taxonomy":"post_tag","embeddable":true,"href":"https:\/\/www.europesays.com\/fr\/wp-json\/wp\/v2\/tags?post=364807"}],"curies":[{"name":"wp","href":"https:\/\/api.w.org\/{rel}","templated":true}]}}