{"id":364809,"date":"2025-09-04T04:02:44","date_gmt":"2025-09-04T04:02:44","guid":{"rendered":"https:\/\/www.europesays.com\/fr\/364809\/"},"modified":"2025-09-04T04:02:44","modified_gmt":"2025-09-04T04:02:44","slug":"metz-et-nancy-face-a-des-formations-luxembourgeoises-pour-garder-le-rythme","status":"publish","type":"post","link":"https:\/\/www.europesays.com\/fr\/364809\/","title":{"rendered":"Metz et Nancy face \u00e0 des formations luxembourgeoises pour garder le rythme"},"content":{"rendered":"<p>Zapping Foot National Les Petits Princes du Rocher, immersion dans le Groupe \u00c9lite de l\u2019AS Monaco !<\/p>\n<p>Grenats et Rouge et Blanc vont garder le rythme. Alors que la tr\u00eave internationale a d\u00e9but\u00e9 ce lundi 1er septembre, le FC Metz et l&rsquo;AS Nancy Lorraine ont d\u00e9cid\u00e9 d&rsquo;int\u00e9grer \u00e0 un match amical \u00e0 leur planning en fin de semaine. Le pensionnaire de Ligue 1 comme celui de Ligue 2 vont affronter des formations luxembourgeoises pour l&rsquo;occasion.<\/p>\n<p>La grimace \u00e0 Metz, le sourire \u00e0 Nancy<\/p>\n<p>L&rsquo;\u00e9quipe de St\u00e9phane Le Mignan va accueillir le FC Una Strassen, pensionnaire de premi\u00e8re division luxembourgeoise, le samedi 5 septembre au centre d&rsquo;entra\u00eenement de Frescaty. Le coup d&rsquo;envoi sera donn\u00e9 \u00e0 15h30. Le club mosellan indique que la rencontre sera \u00e0 huis clos. Cette derni\u00e8re doit permettre aux co\u00e9quipiers du revenant Habib Diallo de retrouver la confiance apr\u00e8s un retour en Ligue 1 compliqu\u00e9. Apr\u00e8s trois journ\u00e9es, le promu messin occupe la derni\u00e8re place avec 0 point et des d\u00e9faites contre Strasbourg (0-1), Lyon (0-3) et le Paris FC (2-3). Apr\u00e8s la tr\u00eave, le FCM doit accueillir Angers le dimanche 14 septembre (17h15).<\/p>\n<p>Le sourire est davantage au rendez-vous chez le voisin lorrain. Apr\u00e8s quatre journ\u00e9es, l&rsquo;ASNL de Pablo Correa, \u00e9galement promue pour cette saison 2025-2026, occupe la troisi\u00e8me place de Ligue 2 \u00e0 \u00e9galit\u00e9 de points (8) avec Saint-\u00c9tienne (1er) et Pau (2e). Invaincu, le club meurthe-et-mosellan souhaite garder la dynamique et sera oppos\u00e9e \u00ab\u00a0ce week-end\u00a0\u00bb \u00e0 Hesperange (D1 Luxembourg) en amical. \u00ab\u00a0La rencontre sera ferm\u00e9e au public\u00a0\u00bb, pr\u00e9cise \u00e9galement le locataire de Marcel-Picot.<\/p>\n<p>Partagez cette info avec vos amis et vos proches en cliquant ici<br \/>Pour r\u00e9sumer<\/p>\n<p>Grenats et Rouge et Blanc vont garder le rythme. Alors que la tr\u00eave internationale a d\u00e9but\u00e9 ce lundi 1er septembre, le FC Metz et l&rsquo;AS Nancy Lorraine ont d\u00e9cid\u00e9 d&rsquo;int\u00e9grer \u00e0 un match amical \u00e0 leur planning en fin de semaine.<\/p>\n<p> <img decoding=\"async\" width=\"76\" height=\"76\" loading=\"lazy\" src=\"https:\/\/www.europesays.com\/fr\/wp-content\/uploads\/2025\/04\/logo-florian-sermaise.jpg\" alt=\"Florian Sermaise\"\/><\/p>\n","protected":false},"excerpt":{"rendered":"Zapping Foot National Les Petits Princes du Rocher, immersion dans le Groupe \u00c9lite de l\u2019AS Monaco ! Grenats&hellip;\n","protected":false},"author":2,"featured_media":364810,"comment_status":"","ping_status":"","sticky":false,"template":"","format":"standard","meta":{"footnotes":""},"categories":[9635],"tags":[1111,11,1777,674,1011,27,775,1702,12,25],"class_list":{"0":"post-364809","1":"post","2":"type-post","3":"status-publish","4":"format-standard","5":"has-post-thumbnail","7":"category-nancy","8":"tag-actu","9":"tag-actualites","10":"tag-eu","11":"tag-europe","12":"tag-fr","13":"tag-france","14":"tag-grand-est","15":"tag-nancy","16":"tag-news","17":"tag-republique-francaise"},"share_on_mastodon":{"url":"https:\/\/pubeurope.com\/@fr\/115144045929766077","error":""},"_links":{"self":[{"href":"https:\/\/www.europesays.com\/fr\/wp-json\/wp\/v2\/posts\/364809","targetHints":{"allow":["GET"]}}],"collection":[{"href":"https:\/\/www.europesays.com\/fr\/wp-json\/wp\/v2\/posts"}],"about":[{"href":"https:\/\/www.europesays.com\/fr\/wp-json\/wp\/v2\/types\/post"}],"author":[{"embeddable":true,"href":"https:\/\/www.europesays.com\/fr\/wp-json\/wp\/v2\/users\/2"}],"replies":[{"embeddable":true,"href":"https:\/\/www.europesays.com\/fr\/wp-json\/wp\/v2\/comments?post=364809"}],"version-history":[{"count":0,"href":"https:\/\/www.europesays.com\/fr\/wp-json\/wp\/v2\/posts\/364809\/revisions"}],"wp:featuredmedia":[{"embeddable":true,"href":"https:\/\/www.europesays.com\/fr\/wp-json\/wp\/v2\/media\/364810"}],"wp:attachment":[{"href":"https:\/\/www.europesays.com\/fr\/wp-json\/wp\/v2\/media?parent=364809"}],"wp:term":[{"taxonomy":"category","embeddable":true,"href":"https:\/\/www.europesays.com\/fr\/wp-json\/wp\/v2\/categories?post=364809"},{"taxonomy":"post_tag","embeddable":true,"href":"https:\/\/www.europesays.com\/fr\/wp-json\/wp\/v2\/tags?post=364809"}],"curies":[{"name":"wp","href":"https:\/\/api.w.org\/{rel}","templated":true}]}}