{"id":364811,"date":"2025-09-04T04:03:14","date_gmt":"2025-09-04T04:03:14","guid":{"rendered":"https:\/\/www.europesays.com\/fr\/364811\/"},"modified":"2025-09-04T04:03:14","modified_gmt":"2025-09-04T04:03:14","slug":"toulon-de-lopera-a-la-comedie-musicale","status":"publish","type":"post","link":"https:\/\/www.europesays.com\/fr\/364811\/","title":{"rendered":"Toulon : De l\u2019op\u00e9ra \u00e0 la com\u00e9die musicale"},"content":{"rendered":"<p>        <a href=\"https:\/\/www.tv83.info\/wp-content\/uploads\/2025\/08\/content-1.jpeg\" data-caption=\"\" rel=\"nofollow noopener\" target=\"_blank\"><img loading=\"lazy\" decoding=\"async\" width=\"696\" height=\"390\" class=\"entry-thumb td-modal-image\" src=\"https:\/\/www.europesays.com\/fr\/wp-content\/uploads\/2025\/09\/content-1-696x390.jpeg\"   alt=\"\" title=\"content\"\/><\/a><\/p>\n<p>L\u2019Heure exquise<br \/>\u00ab De l\u2019op\u00e9ra \u00e0 la com\u00e9die musicale \u00bb<br \/>Donizetti, Verdi, Bizet, Offenbach, Bernstein\u2026<\/p>\n<p><strong>Mercredi 15 octobre 2025<\/strong> \u2013 19h<br \/>Palais Neptune \u2013 Salle Colbert<br \/>Avenue de Besagne, 83000 Toulon<\/p>\n<p>L\u2019univers de l\u2019op\u00e9ra regorge de chefs-d\u2019\u0153uvre. Les grands op\u00e9ras notamment italiens et fran\u00e7ais ont marqu\u00e9 l\u2019histoire de la musique et continuent de fasciner des g\u00e9n\u00e9rations enti\u00e8res par leurs m\u00e9lodies envo\u00fbtantes.<br \/>Le r\u00e9pertoire lyrique est pluriel, tant sur le plan des couleurs inspir\u00e9es par les courants artistiques et les sensibilit\u00e9s nationales, que par l\u2019\u00e9mergence de nouvelles formes comme l\u2019op\u00e9ra-bouffe ou l\u2019op\u00e9rette en Europe puis la com\u00e9die musicale outre-Atlantique.<br \/>Ce premier rendez-vous du cycle de concert, \u00ab L\u2019Heure exquise \u00bb est un v\u00e9ritable voyage \u00e0 travers les styles et les \u00e9poques \u00e0 la d\u00e9couverte de quelques pages s\u00e9millantes de l\u2019art lyrique, interpr\u00e9t\u00e9es par le Ch\u0153ur de l\u2019Op\u00e9ra de Toulon.<\/p>\n<p>Gaetano Donizetti<br \/>Don Pasquale \u2013 Choeur des domestiques<\/p>\n<p>Giuseppe Verdi<br \/>La Traviata \u2013 Choeur des boh\u00e9miennes et des matadors<br \/>Il Trovatore \u2013 Choeur des gitans<br \/>Nabucco \u2013 Choeur des esclaves \u00ab Va pensiero \u00bb<\/p>\n<p>Ruggero Leoncavallo<br \/>Pagliacci \u2013 Choeur des cloches<\/p>\n<p>Charles Gounod<br \/>Rom\u00e9o et Juliette \u2013 \u00ab L\u2019heure s\u2019envole\u2026 \u00bb<br \/>Faust \u2013 Valse \u00ab Ainsi que la brise l\u00e9g\u00e8re\u2026 \u00bb<\/p>\n<p>Georges Bizet<br \/>Carmen \u2013 Choeur des cigari\u00e8res \u00ab La cloche a sonn\u00e9 \u00bb<\/p>\n<p>Jacques Offenbach<br \/>La Vie parisienne \u2013 \u00ab Nous sommes employ\u00e9s de la ligne de l\u2019Ouest\u2026 \u00bb<br \/>Les Contes d\u2019Hoffmann \u2013 Barcarolle \u00ab Belle nuit, \u00f4 nuit d\u2019amour \u00bb<br \/>La P\u00e9richole \u2013 \u00ab Du Vice-roi c\u2019est aujourd\u2019hui la f\u00eate\u2026 \u00bb<\/p>\n<p>George Gershwin<br \/>Porgy and Bess<br \/>\u00ab Oh, I can\u2019t sit down\u2026 \u00bb<br \/>\u00ab Summertime \u00bb<br \/>\u00ab I Got plenty o\u2019nottin\u2019 \u00bb<br \/>\u00ab O lawd, I\u2019m on my way \u00bb<\/p>\n<p>Richard Rodgers<br \/>Sound of Music \u2013 Edelweiss<\/p>\n<p>Leonard Bernstein<br \/>West Side Story<br \/>Tonight<br \/>Somewhere<br \/>I feel pretty<br \/>Maria<br \/>I like to be in america<\/p>\n<p>Dur\u00e9e du spectacle : 1h<br \/>Placement Libre<\/p>\n<p><a href=\"https:\/\/www.restosducoeur.org\/associations-departementales\/les-restos-du-coeur-du-var\/\" rel=\"nofollow noopener\" target=\"_blank\"><img decoding=\"async\" style=\"height:70px;width:140px\" src=\"https:\/\/www.europesays.com\/fr\/wp-content\/uploads\/2025\/04\/restos-du-coeur.jpg\"\/><\/a>        <\/p>\n","protected":false},"excerpt":{"rendered":"L\u2019Heure exquise\u00ab De l\u2019op\u00e9ra \u00e0 la com\u00e9die musicale \u00bbDonizetti, Verdi, Bizet, Offenbach, Bernstein\u2026 Mercredi 15 octobre 2025 \u2013&hellip;\n","protected":false},"author":2,"featured_media":364812,"comment_status":"","ping_status":"","sticky":false,"template":"","format":"standard","meta":{"footnotes":""},"categories":[9619],"tags":[1111,11,1777,674,1011,27,12,882,25,2310],"class_list":{"0":"post-364811","1":"post","2":"type-post","3":"status-publish","4":"format-standard","5":"has-post-thumbnail","7":"category-toulon","8":"tag-actu","9":"tag-actualites","10":"tag-eu","11":"tag-europe","12":"tag-fr","13":"tag-france","14":"tag-news","15":"tag-provence-alpes-cote-dazur","16":"tag-republique-francaise","17":"tag-toulon"},"share_on_mastodon":{"url":"https:\/\/pubeurope.com\/@fr\/115144046061922846","error":""},"_links":{"self":[{"href":"https:\/\/www.europesays.com\/fr\/wp-json\/wp\/v2\/posts\/364811","targetHints":{"allow":["GET"]}}],"collection":[{"href":"https:\/\/www.europesays.com\/fr\/wp-json\/wp\/v2\/posts"}],"about":[{"href":"https:\/\/www.europesays.com\/fr\/wp-json\/wp\/v2\/types\/post"}],"author":[{"embeddable":true,"href":"https:\/\/www.europesays.com\/fr\/wp-json\/wp\/v2\/users\/2"}],"replies":[{"embeddable":true,"href":"https:\/\/www.europesays.com\/fr\/wp-json\/wp\/v2\/comments?post=364811"}],"version-history":[{"count":0,"href":"https:\/\/www.europesays.com\/fr\/wp-json\/wp\/v2\/posts\/364811\/revisions"}],"wp:featuredmedia":[{"embeddable":true,"href":"https:\/\/www.europesays.com\/fr\/wp-json\/wp\/v2\/media\/364812"}],"wp:attachment":[{"href":"https:\/\/www.europesays.com\/fr\/wp-json\/wp\/v2\/media?parent=364811"}],"wp:term":[{"taxonomy":"category","embeddable":true,"href":"https:\/\/www.europesays.com\/fr\/wp-json\/wp\/v2\/categories?post=364811"},{"taxonomy":"post_tag","embeddable":true,"href":"https:\/\/www.europesays.com\/fr\/wp-json\/wp\/v2\/tags?post=364811"}],"curies":[{"name":"wp","href":"https:\/\/api.w.org\/{rel}","templated":true}]}}