{"id":364813,"date":"2025-09-04T04:04:10","date_gmt":"2025-09-04T04:04:10","guid":{"rendered":"https:\/\/www.europesays.com\/fr\/364813\/"},"modified":"2025-09-04T04:04:10","modified_gmt":"2025-09-04T04:04:10","slug":"toulon-cetait-le-destin-mathis-ferte-nouveau-joueur-polyvalent-du-rct-revient-sur-son-arrivee-dans-le-var","status":"publish","type":"post","link":"https:\/\/www.europesays.com\/fr\/364813\/","title":{"rendered":"\u00ab\u00a0Toulon? C\u2019\u00e9tait le destin\u00a0\u00bb: Mathis Fert\u00e9, nouveau joueur polyvalent du RCT, revient sur son arriv\u00e9e dans le Var"},"content":{"rendered":"<p>Il y a des signes qui ne trompent pas. Le 26 f\u00e9vrier 2022, le polyvalent Mathis Fert\u00e9 venait de souffler ses 18 bougies lorsqu\u2019il signait sa premi\u00e8re apparition dans le groupe professionnel de Brive. C\u2019\u00e9tait face \u00e0 Toulon. Six mois plus tard, il disputait cette fois ses toutes premi\u00e8res minutes en Top 14\u2026 au stade Mayol, contre le RCT.<\/p>\n<p>Moins de trois ans plus tard, le voil\u00e0 donc v\u00eatu de rouge et de noir: \u00ab\u00a0Franchement, je pense que c\u2019\u00e9tait le destin. Il fallait foncer. C\u2019est ce qu\u2019on s\u2019est dit avec ma famille.\u00a0\u00bb<\/p>\n<p>\u00ab\u00a0J\u2019avais pas mal de maillots du RCT\u00a0\u00bb<\/p>\n<p>Sollicit\u00e9 par d\u2019autres clubs de l\u2019\u00e9lite avant de parapher un contrat de trois ans dans le Var, l\u2019ex-Briviste, auteur de deux derni\u00e8res saisons pleines en Pro D2 (56 matchs, 53 titularisations), indique avoir \u00ab\u00a0directement accroch\u00e9 avec Toulon et Pierre [Mignoni] \u00a0\u00bb : \u00ab\u00a0\u00c7a s\u2019est fait naturellement, tout au long de la saison. Je ne me suis pas pos\u00e9 de questions et je suis maintenant tr\u00e8s heureux d\u2019\u00eatre ici. C\u2019est un club que je suivais et aimais beaucoup depuis petit d\u00e9j\u00e0. J\u2019avais d\u2019ailleurs pas mal de maillots du RCT!\u00a0\u00bb<\/p>\n<p>Tr\u00e8s attach\u00e9 \u00e0 sa famille et \u00e0 son Lot d\u2019origine, le jeune homme \u00e0 l\u2019accent chantant, discret dans un vestiaire, se dit \u00e9galement sous le charme de la r\u00e9gion. Il y venait en vacances \u00e9tant enfant: \u00ab\u00a0La vie est quand m\u00eame bien ici. Si tu es dans une ville o\u00f9 il ne fait pas beau, il y a de quoi \u00eatre au fond du seau car, personnellement, le temps influe vraiment sur mon moral. \u00c0 Toulon, \u00e7a devrait aller! (rires) \u00ab\u00a0<\/p>\n<p>\u00a0<\/p>\n<p>            La colonie d\u2019ex-Brivistes s\u2019agrandit<\/p>\n<p>Au pied du Faron, l\u2019ailier polyvalent de 21 ans a retrouv\u00e9 quatre de ses anciens co\u00e9quipiers du CA Brive: Esteban Abadie, Daniel Brennan, Enzo Herv\u00e9 et Setariki Tuicuvu. \u00ab\u00a0C\u2019est s\u00fbr que \u00e7a rassure. Je m\u2019entendais tr\u00e8s bien avec eux au CAB, donc j\u2019\u00e9tais un peu moins perdu en arrivant. Ils m\u2019ont un peu pris sous leur aile. De mani\u00e8re g\u00e9n\u00e9rale, il y a un bon groupe ici. Mon int\u00e9gration s\u2019est vraiment bien pass\u00e9e.\u00a0\u00bb<\/p>\n<p>\u00a0<\/p>\n<p>\u00a0<\/p>\n","protected":false},"excerpt":{"rendered":"Il y a des signes qui ne trompent pas. Le 26 f\u00e9vrier 2022, le polyvalent Mathis Fert\u00e9 venait&hellip;\n","protected":false},"author":2,"featured_media":364814,"comment_status":"","ping_status":"","sticky":false,"template":"","format":"standard","meta":{"footnotes":""},"categories":[9619],"tags":[1111,11,1777,674,1011,27,12,882,25,479,60,2310],"class_list":{"0":"post-364813","1":"post","2":"type-post","3":"status-publish","4":"format-standard","5":"has-post-thumbnail","7":"category-toulon","8":"tag-actu","9":"tag-actualites","10":"tag-eu","11":"tag-europe","12":"tag-fr","13":"tag-france","14":"tag-news","15":"tag-provence-alpes-cote-dazur","16":"tag-republique-francaise","17":"tag-rugby","18":"tag-sports","19":"tag-toulon"},"share_on_mastodon":{"url":"https:\/\/pubeurope.com\/@fr\/115144049487599886","error":""},"_links":{"self":[{"href":"https:\/\/www.europesays.com\/fr\/wp-json\/wp\/v2\/posts\/364813","targetHints":{"allow":["GET"]}}],"collection":[{"href":"https:\/\/www.europesays.com\/fr\/wp-json\/wp\/v2\/posts"}],"about":[{"href":"https:\/\/www.europesays.com\/fr\/wp-json\/wp\/v2\/types\/post"}],"author":[{"embeddable":true,"href":"https:\/\/www.europesays.com\/fr\/wp-json\/wp\/v2\/users\/2"}],"replies":[{"embeddable":true,"href":"https:\/\/www.europesays.com\/fr\/wp-json\/wp\/v2\/comments?post=364813"}],"version-history":[{"count":0,"href":"https:\/\/www.europesays.com\/fr\/wp-json\/wp\/v2\/posts\/364813\/revisions"}],"wp:featuredmedia":[{"embeddable":true,"href":"https:\/\/www.europesays.com\/fr\/wp-json\/wp\/v2\/media\/364814"}],"wp:attachment":[{"href":"https:\/\/www.europesays.com\/fr\/wp-json\/wp\/v2\/media?parent=364813"}],"wp:term":[{"taxonomy":"category","embeddable":true,"href":"https:\/\/www.europesays.com\/fr\/wp-json\/wp\/v2\/categories?post=364813"},{"taxonomy":"post_tag","embeddable":true,"href":"https:\/\/www.europesays.com\/fr\/wp-json\/wp\/v2\/tags?post=364813"}],"curies":[{"name":"wp","href":"https:\/\/api.w.org\/{rel}","templated":true}]}}