{"id":364815,"date":"2025-09-04T04:05:11","date_gmt":"2025-09-04T04:05:11","guid":{"rendered":"https:\/\/www.europesays.com\/fr\/364815\/"},"modified":"2025-09-04T04:05:11","modified_gmt":"2025-09-04T04:05:11","slug":"une-presentation-de-saison-genereuse-ce-vendredi","status":"publish","type":"post","link":"https:\/\/www.europesays.com\/fr\/364815\/","title":{"rendered":"Une pr\u00e9sentation de saison g\u00e9n\u00e9reuse ce vendredi"},"content":{"rendered":"<p>L\u2019association Connaissance et Partage (C &amp; P) offre un temps de pr\u00e9sentation de sa nouvelle saison, vendredi 5 septembre \u00e0 partir de 20 h \u00e0 la salle Bizet derri\u00e8re le palais des Sports.<\/p>\n<p>Cette association propose tout au long de l\u2019ann\u00e9e un vaste programme d\u2019activit\u00e9s. Tr\u00e8s impliqu\u00e9e dans les arts et les sciences, elle permet \u00e9galement de maintenir un lien social au travers de ses activit\u00e9s. Allant de l\u2019astronomie, aux jeux en passant par les rencontres-d\u00e9bats, le cin\u00e9ma, les expositions, les sorties culturelles, les balades en nature \u00e0 la d\u00e9couverte de la faune et de la flore et des ateliers de d\u00e9gustation ou de pratiques diverses\u2026<\/p>\n<p>L\u2019association C &amp; P valorise les petits groupes, l\u2019interculturalit\u00e9 et la convivialit\u00e9. Le logo de l\u2019association repr\u00e9sente un arbre aux racines plong\u00e9es dans le savoir et aux feuilles redonnant g\u00e9n\u00e9reusement les acquis, chacun \u00e0 sa mani\u00e8re. Les activit\u00e9s propos\u00e9es sont soit ouvertes \u00e0 tout public soit r\u00e9serv\u00e9es \u00e0 ses adh\u00e9rents.<\/p>\n<p>Elles sont en r\u00e8gle g\u00e9n\u00e9rale gratuites. Fid\u00e8le \u00e0 des valeurs de protection de l\u2019environnement et de facilitation pour les personnes, chaque sortie est organis\u00e9e en covoiturage ou gr\u00e2ce aux transports en commun.<\/p>\n<p>Un temps de rencontre privil\u00e9gi\u00e9 avant leur stand au forum des associations ce dimanche 7 septembre au Kiasma.<\/p>\n<p>Pour plus d\u2019informations rendez-vous sur le site <a href=\"http:\/\/www.connaissanceetpartage.net\" target=\"_blank\" rel=\"nofollow noopener\">www.connaissanceetpartage.net<\/a><\/p>\n<p>Correspondante Midi Libre : 06 62 55 20 77<\/p>\n","protected":false},"excerpt":{"rendered":"L\u2019association Connaissance et Partage (C &amp; P) offre un temps de pr\u00e9sentation de sa nouvelle saison, vendredi 5&hellip;\n","protected":false},"author":2,"featured_media":364816,"comment_status":"","ping_status":"","sticky":false,"template":"","format":"standard","meta":{"footnotes":""},"categories":[9599],"tags":[1111,11,1777,674,1011,27,2208,12,2680,25],"class_list":{"0":"post-364815","1":"post","2":"type-post","3":"status-publish","4":"format-standard","5":"has-post-thumbnail","7":"category-montpellier","8":"tag-actu","9":"tag-actualites","10":"tag-eu","11":"tag-europe","12":"tag-fr","13":"tag-france","14":"tag-montpellier","15":"tag-news","16":"tag-occitanie","17":"tag-republique-francaise"},"share_on_mastodon":{"url":"https:\/\/pubeurope.com\/@fr\/115144053471271480","error":""},"_links":{"self":[{"href":"https:\/\/www.europesays.com\/fr\/wp-json\/wp\/v2\/posts\/364815","targetHints":{"allow":["GET"]}}],"collection":[{"href":"https:\/\/www.europesays.com\/fr\/wp-json\/wp\/v2\/posts"}],"about":[{"href":"https:\/\/www.europesays.com\/fr\/wp-json\/wp\/v2\/types\/post"}],"author":[{"embeddable":true,"href":"https:\/\/www.europesays.com\/fr\/wp-json\/wp\/v2\/users\/2"}],"replies":[{"embeddable":true,"href":"https:\/\/www.europesays.com\/fr\/wp-json\/wp\/v2\/comments?post=364815"}],"version-history":[{"count":0,"href":"https:\/\/www.europesays.com\/fr\/wp-json\/wp\/v2\/posts\/364815\/revisions"}],"wp:featuredmedia":[{"embeddable":true,"href":"https:\/\/www.europesays.com\/fr\/wp-json\/wp\/v2\/media\/364816"}],"wp:attachment":[{"href":"https:\/\/www.europesays.com\/fr\/wp-json\/wp\/v2\/media?parent=364815"}],"wp:term":[{"taxonomy":"category","embeddable":true,"href":"https:\/\/www.europesays.com\/fr\/wp-json\/wp\/v2\/categories?post=364815"},{"taxonomy":"post_tag","embeddable":true,"href":"https:\/\/www.europesays.com\/fr\/wp-json\/wp\/v2\/tags?post=364815"}],"curies":[{"name":"wp","href":"https:\/\/api.w.org\/{rel}","templated":true}]}}