{"id":364817,"date":"2025-09-04T04:06:21","date_gmt":"2025-09-04T04:06:21","guid":{"rendered":"https:\/\/www.europesays.com\/fr\/364817\/"},"modified":"2025-09-04T04:06:21","modified_gmt":"2025-09-04T04:06:21","slug":"une-ancienne-pepite-de-lubb-prolonge-avec-le-mhr","status":"publish","type":"post","link":"https:\/\/www.europesays.com\/fr\/364817\/","title":{"rendered":"une ancienne p\u00e9pite de l\u2019UBB prolonge avec le MHR"},"content":{"rendered":"<p>Les bonnes nouvelles s\u2019accumulent pour le MHR. Apr\u00e8s des ann\u00e9es d\u00e9licates au sortir de l\u2019incroyable titre glan\u00e9 en 2022, Montpellier tente de se reconstruire. Pour cela, le club pr\u00e9sid\u00e9 par Mohed Altrad entend s\u2019appuyer davantage sur ses jeunes joueurs. Apr\u00e8s la prolongation de Lenni Nouchi ou celle de Baptiste Erdocio, le MHR a verrouill\u00e9 un autre grand talent.<\/p>\n<p>Deux ans de plus pour Moustin<\/p>\n<p>Comme annonc\u00e9 par Bernard Laporte dans <a href=\"https:\/\/www.midilibre.fr\/2025\/08\/31\/lexperience-ca-ne-sachete-pas-dans-un-supermarche-bernard-laporte-directeur-du-rugby-du-mhr-se-confie-avant-le-debut-du-top-14-12899723.php\" rel=\"nofollow noopener\" target=\"_blank\">Midi Libre,<\/a> Ma\u00ebl Moustin a accept\u00e9 de prolonger son contrat. Alors qu\u2019il aurait \u00e9t\u00e9 libre en juin prochain, l\u2019ailier a sign\u00e9 pour deux saisons suppl\u00e9mentaires, jusqu\u2019en 2028. Lib\u00e9r\u00e9 par l\u2019UBB, Moustin a sign\u00e9 une saison de grande qualit\u00e9 au point d\u2019\u00eatre appel\u00e9 par Fabien Galthi\u00e9 pour disputer la tourn\u00e9e en Nouvelle-Z\u00e9lande. Malheureusement, il avait d\u00fb y renoncer apr\u00e8s s\u2019\u00eatre bless\u00e9 lors du match de pr\u00e9paration face \u00e0 l\u2019Angleterre, fin juin.<\/p>\n<p>Partagez cette info avec vos amis et vos proches en cliquant ici<br \/>Pour r\u00e9sumer<\/p>\n<p>Un grand talent du rugby fran\u00e7ais, appel\u00e9 lors de la derni\u00e8re tourn\u00e9e en Nouvelle-Z\u00e9lande, a d\u00e9cid\u00e9 de prolonger son contrat avec le MHR. Il est d\u00e9sormais li\u00e9 au club montpelli\u00e9rain jusqu\u2019en 2028. Ma\u00ebl Moustin va rester dans l&rsquo;H\u00e9rault.<\/p>\n<p> <img decoding=\"async\" width=\"76\" height=\"76\" loading=\"lazy\" src=\"https:\/\/www.europesays.com\/fr\/wp-content\/uploads\/2025\/04\/avatar-quinze.png\" alt=\"Arnaud D\u00e9chelotte\"\/><\/p>\n","protected":false},"excerpt":{"rendered":"Les bonnes nouvelles s\u2019accumulent pour le MHR. Apr\u00e8s des ann\u00e9es d\u00e9licates au sortir de l\u2019incroyable titre glan\u00e9 en&hellip;\n","protected":false},"author":2,"featured_media":364818,"comment_status":"","ping_status":"","sticky":false,"template":"","format":"standard","meta":{"footnotes":""},"categories":[9599],"tags":[1111,11,1777,674,1011,27,2208,12,2680,25],"class_list":{"0":"post-364817","1":"post","2":"type-post","3":"status-publish","4":"format-standard","5":"has-post-thumbnail","7":"category-montpellier","8":"tag-actu","9":"tag-actualites","10":"tag-eu","11":"tag-europe","12":"tag-fr","13":"tag-france","14":"tag-montpellier","15":"tag-news","16":"tag-occitanie","17":"tag-republique-francaise"},"share_on_mastodon":{"url":"https:\/\/pubeurope.com\/@fr\/115144057372389576","error":""},"_links":{"self":[{"href":"https:\/\/www.europesays.com\/fr\/wp-json\/wp\/v2\/posts\/364817","targetHints":{"allow":["GET"]}}],"collection":[{"href":"https:\/\/www.europesays.com\/fr\/wp-json\/wp\/v2\/posts"}],"about":[{"href":"https:\/\/www.europesays.com\/fr\/wp-json\/wp\/v2\/types\/post"}],"author":[{"embeddable":true,"href":"https:\/\/www.europesays.com\/fr\/wp-json\/wp\/v2\/users\/2"}],"replies":[{"embeddable":true,"href":"https:\/\/www.europesays.com\/fr\/wp-json\/wp\/v2\/comments?post=364817"}],"version-history":[{"count":0,"href":"https:\/\/www.europesays.com\/fr\/wp-json\/wp\/v2\/posts\/364817\/revisions"}],"wp:featuredmedia":[{"embeddable":true,"href":"https:\/\/www.europesays.com\/fr\/wp-json\/wp\/v2\/media\/364818"}],"wp:attachment":[{"href":"https:\/\/www.europesays.com\/fr\/wp-json\/wp\/v2\/media?parent=364817"}],"wp:term":[{"taxonomy":"category","embeddable":true,"href":"https:\/\/www.europesays.com\/fr\/wp-json\/wp\/v2\/categories?post=364817"},{"taxonomy":"post_tag","embeddable":true,"href":"https:\/\/www.europesays.com\/fr\/wp-json\/wp\/v2\/tags?post=364817"}],"curies":[{"name":"wp","href":"https:\/\/api.w.org\/{rel}","templated":true}]}}