{"id":364819,"date":"2025-09-04T04:12:14","date_gmt":"2025-09-04T04:12:14","guid":{"rendered":"https:\/\/www.europesays.com\/fr\/364819\/"},"modified":"2025-09-04T04:12:14","modified_gmt":"2025-09-04T04:12:14","slug":"que-faire-a-grenoble-ce-week-end-samedi-6-et-dimanche-7-septembre-2025","status":"publish","type":"post","link":"https:\/\/www.europesays.com\/fr\/364819\/","title":{"rendered":"Que faire \u00e0 Grenoble ce week-end (samedi 6 et dimanche 7 septembre 2025) ?"},"content":{"rendered":"<p>C&rsquo;est la rentr\u00e9e, et avec elle, son lot d&rsquo;animations propos\u00e9es durant le <strong>week-end<\/strong> des <strong>6 et 7 septembre 2025 <\/strong>\u00e0 <strong>Grenoble <\/strong>et alentour. Voici la s\u00e9lection de l&rsquo;Essor Is\u00e8re. <\/p>\n<p>Faire la f\u00eate en musique \u00e0 la Bastille <img decoding=\"async\" alt=\"\" class=\"img-size-full\" data-zoomable=\"\" height=\"857\" loading=\"lazy\" src=\"https:\/\/www.europesays.com\/fr\/wp-content\/uploads\/2025\/09\/bandeau-3-lmzg-2025.png\" title=\"\u00a9 Citron Plume - Le groupe grenoblois LZMG se produira en concert \u00e0 la Bastille, vendredi 5 septembre 2025.\" width=\"2000\"\/> <\/p>\n<p class=\"color note_article\">\u00a9 Citron Plume &#8211; Le groupe grenoblois LZMG se produira en concert \u00e0 la Bastille vendredi 5 septembre. <\/p>\n<p>Rendez-vous <strong>vendredi 5 septembre,<\/strong> de 17h \u00e0 21h30 pour participer \u00e0 la 16e \u00e9dition de la <strong>F\u00eate de la Bastille<\/strong> \u00e0 Grenoble. L&rsquo;acc\u00e8s au t\u00e9l\u00e9ph\u00e9rique sera propos\u00e9 \u00e0 tarif r\u00e9duit. Une fois arriv\u00e9s au fort de la Bastille, le public pourra visiter gratuitement (jusqu&rsquo;\u00e0 19h) le centre d&rsquo;art ainsi que le mus\u00e9e des troupes de montagne. Les jeux d&rsquo;int\u00e9rieur et les parcours ext\u00e9rieurs pour enfants de l&rsquo;Acrobastille seront aussi propos\u00e9s \u00e0 moiti\u00e9 prix jusqu&rsquo;\u00e0 20h. <\/p>\n<p>Enfin, deux concerts, pr\u00e9vus place Tournadre, cl\u00f4tureront la soir\u00e9e. Le premier sera anim\u00e9 de 18h30 \u00e0 20h par <strong>DJ Culbuto<\/strong> qui proposera une playlist funk, disco, house et italo des ann\u00e9es 80 et 90 qui donneront envie de danser. <\/p>\n<p><strong>LMZG <\/strong>prendra le relais de 20h \u00e0 21h30. Le groupe grenoblois pr\u00e9sentera son sixi\u00e8me album studio, R\u00eaveries.jpg, sorti le 23 mai 2025, o\u00f9 les sons modernes de l&rsquo;\u00e9lectro rencontrent ceux des cuivres en live (saxophone, trompette). <\/p>\n<p><strong>Pratique<\/strong> <\/p>\n<p>F\u00eate de la Bastille, vendredi 5 septembre de 17h \u00e0 21h30 au fort de la Bastille \u00e0 Grenoble. Renseignements : <a href=\"https:\/\/bastille-grenoble.fr\/event\/save-the-date-fete-de-la-bastille-le-vendredi-5-septembre-2025\/\" rel=\"noopener\" target=\"_blank\">ici<\/a>.<\/p>\n<p>  C\u00e9l\u00e9brer la cl\u00f4ture de la saison culturelle Des habits et nous, au domaine de Vizille <\/p>\n<p>Samedi 6 et dimanche 7 septembre, le D\u00e9partement de l&rsquo;Is\u00e8re donne rendez-vous au <strong>domaine de Vizille<\/strong> pour c\u00e9l\u00e9brer la <strong>cl\u00f4ture <\/strong>de la <a href=\"https:\/\/mesinfos.fr\/auvergne-rhone-alpes\/des-habits-et-nous-la-saison-culturelle-du-departement-de-l-isere-devoilee-193236.html\" rel=\"noopener\" target=\"_blank\">saison culturelle \u00ab\u00a0Des habits et nous\u00a0\u00bb<\/a>. De nombreuses <strong>animations <\/strong>gratuites sont programm\u00e9es durant ces deux jours : ateliers danse, de confection, grands jeux en bois, coloriage g\u00e9ant, bar \u00e0 paillettes, fabrication de chapeaux, visites flash du mus\u00e9e de la R\u00e9volution fran\u00e7aise, exposition temporaire sur la p\u00e9riode 1793-1794.<\/p>\n<p>La programmation propose \u00e9galement plusieurs <strong>spectacles <\/strong>: Les habits de Mister Slopp, de la compagnie Moska (marionnettes et pop up), samedi et dimanche \u00e0 11h, Carrousel par la compagnie Titanos (man\u00e8ge insolite) samedi et dimanche de 12h \u00e0 14h et 15h \u00e0 17h, Sous le manteau, de la compagnie sur le tas (danse), samedi et dimanche \u00e0 12h30 ; Im-pulls, de la compagnie Farfeloup (th\u00e9\u00e2tre gestuel) samedi et dimanche \u00e0 14h, Loto portrait par la compagnie Comme tes pieds (loto chor\u00e9graphi\u00e9 et interactif) samedi et dimanche \u00e0 16h, Poup\u00e9es g\u00e9antes et tambours par la compagnie Transe Express (parade de divas haut perch\u00e9es) samedi et dimanche \u00e0 17h. <\/p>\n<p><strong>Pratique<\/strong> <\/p>\n<p>Week-end festif et familal Styl\u00e9 ! au domaine de Vizille, samedi 6 et dimanche 7 septembre de 10h \u00e0 18h. Renseignements et programme complet : <a href=\"https:\/\/musees.isere.fr\/actu\/domaine-de-vizille-musee-de-la-revolution-francaise-style-2-week-end-festif-au-domaine-de?musee=16\" rel=\"noopener\" target=\"_blank\">ici<\/a>.<\/p>\n<p>  (Re)d\u00e9couvrir sur grand \u00e9cran une perle du cin\u00e9ma d&rsquo;action hongkongais <\/p>\n<p>Les fans de <strong>cin\u00e9ma asiatique <\/strong>et hongkongais en particulier n&rsquo;ont sans doute pas manqu\u00e9 la nouvelle d&rsquo;une ressortie en version restaur\u00e9e de ce que certains consid\u00e8rent comme l&rsquo;un des meilleurs films d&rsquo;action de tous les temps : A toute \u00e9preuve (Hard Boiled) de John Woo, avec le formidable duo d&rsquo;acteurs, Chow Yun Fat, Tony Leung Chiu-Wai. Invisible ou presque en France, ce monument du cin\u00e9ma made in HK, r\u00e9alis\u00e9 en 1992, avec des cascades sans trucage num\u00e9rique, trouve ici une seconde jeunesse. Le <strong>cin\u00e9ma d&rsquo;art et essai Le Club,<\/strong> \u00e0 Grenoble, le diffusera en VOST, ce samedi 6 septembre \u00e0 21h.<\/p>\n<p><strong>Pratique<\/strong> <\/p>\n<p>Projection d&rsquo;A toute \u00e9preuve de John Woo, au cin\u00e9ma Le club \u00e0 Grenoble, samedi 6 septembre \u00e0 21h.<\/p>\n<p>  Se baigner dans le lac de la base de loisirs du Bois fran\u00e7ais <img decoding=\"async\" alt=\"\" class=\"img-align-center img-size-limited\" data-zoomable=\"\" height=\"1333\" loading=\"lazy\" src=\"https:\/\/www.europesays.com\/fr\/wp-content\/uploads\/2025\/09\/bois-francais-ok.jpg\" title=\"\u00a9 Clara Goubault - Le public pourra de nouveau se baigner dans le lac Taillefer de la base de loisirs du Bois fran\u00e7ais \u00e0 Dom\u00e8ne ce week-end.\" width=\"2000\"\/> \u00a9 Clara Goubault &#8211; Le public pourra de nouveau se baigner dans le lac Taillefer de la base de loisirs du Bois fran\u00e7ais \u00e0 Dom\u00e8ne ce week-end. <\/p>\n<p>La <a href=\"https:\/\/mesinfos.fr\/38420-domene\/40-ans-de-la-base-de-loisirs-du-bois-francais-le-plein-d-animations-de-juin-a-aout-223258.html\" rel=\"noopener\" target=\"_blank\">base de loisirs du Bois fran\u00e7ais<\/a> \u00e0 <strong>Dom\u00e8ne <\/strong>joue les prolongations ce week-end des 6 et 7 septembre mais \u00e9galement les week-end des 13 et 14 septembre, de 10h \u00e0 18h. L&rsquo;occasion pour tout un chacun de profiter des derniers jours pour se baigner dans le lac Taillefer. En revanche, le snack sera ferm\u00e9. <\/p>\n<p>A noter que 72 000 visiteurs ont fr\u00e9quent\u00e9 le site \u00e0 l&rsquo;occasion de ses 40 ans, entre le 24 mai et la fin du mois d\u2019ao\u00fbt 2025. <\/p>\n<p><strong>Pratique<\/strong> <\/p>\n<p>Base de loisirs du Bois fran\u00e7ais \u00e0 Dom\u00e8ne, ouvert samedi 6 et dimanche 7 septembre, de 10h \u00e0 18h. Tarifs : 2,5 \u00e0 3,5 euros. Gratuit pour les moins de 6 ans.<\/p>\n<p>  Visiter la Casamaures \u00e0 Saint-Martin-le-Vinoux <img decoding=\"async\" alt=\"\" class=\"img-align-center img-size-limited\" data-zoomable=\"\" height=\"1501\" loading=\"lazy\" src=\"https:\/\/www.europesays.com\/fr\/wp-content\/uploads\/2025\/09\/casamaures.jpg\" title=\"\u00a9 Thomas Richardson - Des visites guid\u00e9es de la Casamaure sont organis\u00e9es samedi 6 septembre 2025.\" width=\"2000\"\/> \u00a9 Thomas Richardson &#8211; Des visites guid\u00e9es de la Casamaure sont organis\u00e9es samedi 6 septembre 2025. <\/p>\n<p>Samedi 6 septembre, l&rsquo;association <strong>Casamaures <\/strong>d&rsquo;hier et d&rsquo;aujourd&rsquo;hui proposera des visites guid\u00e9es de la <a class=\"invalid-link\" href=\"http:\/\/mesinfos.fr\/38000-grenoble\/la-casamaures-le-palais-orientaliste-grenoblois-en-restauration-perpetuelle-204999.html\" rel=\"noopener\" target=\"_blank\">Casamaures<\/a>, maison atypique de style n\u00e9o-mauresque qui tr\u00f4ne sur les contreforts de la Bastille, \u00e0 la fronti\u00e8re\u00a0entre <strong>Saint-Martin-le-Vinoux<\/strong> et Grenoble.<\/p>\n<p>Le parcours de visite permettra de d\u00e9couvrir notamment le jardin et ses nombreuses sculptures, le parvis et la salle vo\u00fbt\u00e9e de l&rsquo;orangerie, la terrasse haute, etc. Les <strong>visites guid\u00e9es<\/strong> programm\u00e9es \u00e0 10h, 11h, 14h ou 15h, seront aussi l&rsquo;occasion de revenir sur le chantier de restauration perp\u00e9tuel de cet \u00e9difice insolite. <\/p>\n<p><strong>Pratique<\/strong> <\/p>\n<p>Samedi 6 septembre 2025 \u00e0 10h, 11h, 14h ou 15 h. Tarifs : 5 \u00e0 10 euros. Renseignements et r\u00e9servations <a href=\"https:\/\/casamaures.org\/\" rel=\"noopener\" target=\"_blank\">ici<\/a>.\u00a0<\/p>\n<p>  \u00c9couter de la musique en plein air \u00e0 Saint-Martin-d&rsquo;Uriage <\/p>\n<p>La 22e \u00e9dition du <strong>festival <\/strong>Uriage en voix se d\u00e9roulera dans le parc de <strong>Saint-Martin-d&rsquo;Uriage<\/strong>, samedi 6 septembre \u00e0 partir de 17h30 et dimanche 7 septembre \u00e0 partir de 15h. <\/p>\n<p>Deux t\u00eates d&rsquo;affiche sont programm\u00e9es pour l&rsquo;occasion : <strong>MPL <\/strong>le samedi et <strong>Flavia Coelho<\/strong> le dimanche. \u00c9galement au programme de ces concerts en plein air : DJ Goodka et les Swimgirls le samedi et Milena et le Clbson Trio le dimanche. Sans oublier une d\u00e9ambulation musicale avec Le r\u00e9veil des vilains, le dimanche. <\/p>\n<p><strong>Pratique<\/strong> <\/p>\n<p>Festival Uriage en voix, organis\u00e9 par le Casino JOA d\u2019Uriage et la mairie de Saint-Martin-d\u2019Uriage, samedi 6 septembre \u00e0 partir de 17h30 et dimanche 7 septembre \u00e0 partir de 15h au parc de Saint-Martin-d&rsquo;Uriage. Gratuit. Renseignements : <a href=\"https:\/\/uriageenvoix.fr\/\" rel=\"noopener\" target=\"_blank\">ici<\/a>.<\/p>\n<p>  O\u00f9 chiner \u00e0 Grenoble et alentour ? <\/p>\n<ul>\n<li>Samedi 6 septembre, de 8h \u00e0 13h, 11, rue Cond\u00e9, Ch\u00e2telet Abbaye Jouhaux, \u00e0 Grenoble. <\/li>\n<li>Samedi 6 septembre, de 6h \u00e0 17h, brocante du quartier Hoche, place Andr\u00e9-Malraux \u00e0 Grenoble. <\/li>\n<li>Samedi 6 septembre, de 8h \u00e0 17h, vide-greniers au 201, route de Fontagneux \u00e0 Vif. <\/li>\n<li>Samedi 6 et dimanche 7 septembre, de 10h \u00e0 18h, vide-greniers au refuge des Narces \u00e0 Autrans-M\u00e9audre. <\/li>\n<li>Dimanche 7 septembre, de 8h \u00e0 18h, vide-greniers, rue du Docteur-Mazet \u00e0 Grenoble. <\/li>\n<li>Dimanche 7 septembre, de 8h \u00e0 17h, vide-greniers, 163, avenue Ambroise-Croizat \u00e0 Saint-Martin-d&rsquo;H\u00e8res. <\/li>\n<li>Dimanche 7 septembre, de 8h \u00e0 16h, vide-greniers, 3, rue Doyen-Gosse \u00e0 Saint-Martin-d&rsquo;H\u00e8res. <\/li>\n<li>Dimanche 7 septembre, de 8h \u00e0 17h, vide-greniers, 27, rue Victor-Hugo \u00e0 Eybens. <\/li>\n<li>Dimanche 7 septembre, de 7h \u00e0 17h, vide-greniers 405, rue du G\u00e9n\u00e9ral-de-Gaulle \u00e0 Vizille.<\/li>\n<\/ul>\n","protected":false},"excerpt":{"rendered":"C&rsquo;est la rentr\u00e9e, et avec elle, son lot d&rsquo;animations propos\u00e9es durant le week-end des 6 et 7 septembre&hellip;\n","protected":false},"author":2,"featured_media":364820,"comment_status":"","ping_status":"","sticky":false,"template":"","format":"standard","meta":{"footnotes":""},"categories":[9566],"tags":[1111,11,2430,15109,650,4156,1777,674,3337,1011,27,2731,12,25,28821],"class_list":{"0":"post-364819","1":"post","2":"type-post","3":"status-publish","4":"format-standard","5":"has-post-thumbnail","7":"category-grenoble","8":"tag-actu","9":"tag-actualites","10":"tag-auvergne-rhone-alpes","11":"tag-baignade","12":"tag-cinema","13":"tag-concerts","14":"tag-eu","15":"tag-europe","16":"tag-festivals","17":"tag-fr","18":"tag-france","19":"tag-grenoble","20":"tag-news","21":"tag-republique-francaise","22":"tag-visite-guidu00e9e"},"share_on_mastodon":{"url":"https:\/\/pubeurope.com\/@fr\/115144080899092433","error":""},"_links":{"self":[{"href":"https:\/\/www.europesays.com\/fr\/wp-json\/wp\/v2\/posts\/364819","targetHints":{"allow":["GET"]}}],"collection":[{"href":"https:\/\/www.europesays.com\/fr\/wp-json\/wp\/v2\/posts"}],"about":[{"href":"https:\/\/www.europesays.com\/fr\/wp-json\/wp\/v2\/types\/post"}],"author":[{"embeddable":true,"href":"https:\/\/www.europesays.com\/fr\/wp-json\/wp\/v2\/users\/2"}],"replies":[{"embeddable":true,"href":"https:\/\/www.europesays.com\/fr\/wp-json\/wp\/v2\/comments?post=364819"}],"version-history":[{"count":0,"href":"https:\/\/www.europesays.com\/fr\/wp-json\/wp\/v2\/posts\/364819\/revisions"}],"wp:featuredmedia":[{"embeddable":true,"href":"https:\/\/www.europesays.com\/fr\/wp-json\/wp\/v2\/media\/364820"}],"wp:attachment":[{"href":"https:\/\/www.europesays.com\/fr\/wp-json\/wp\/v2\/media?parent=364819"}],"wp:term":[{"taxonomy":"category","embeddable":true,"href":"https:\/\/www.europesays.com\/fr\/wp-json\/wp\/v2\/categories?post=364819"},{"taxonomy":"post_tag","embeddable":true,"href":"https:\/\/www.europesays.com\/fr\/wp-json\/wp\/v2\/tags?post=364819"}],"curies":[{"name":"wp","href":"https:\/\/api.w.org\/{rel}","templated":true}]}}